{"id":40428,"date":"2022-10-17T09:24:50","date_gmt":"2022-10-17T12:24:50","guid":{"rendered":"https:\/\/www.paranapraia.com.br\/?p=40428"},"modified":"2022-10-17T09:24:50","modified_gmt":"2022-10-17T12:24:50","slug":"dia-nacional-da-vacinacao-alerta-para-a-importancia-da-imunizacao-em-todo-parana","status":"publish","type":"post","link":"https:\/\/www.paranapraia.com.br\/index.php\/2022\/10\/17\/dia-nacional-da-vacinacao-alerta-para-a-importancia-da-imunizacao-em-todo-parana\/","title":{"rendered":"Dia Nacional da Vacina\u00e7\u00e3o alerta para a import\u00e2ncia da imuniza\u00e7\u00e3o em todo Paran\u00e1"},"content":{"rendered":"\n<p>Nesta segunda-feira (17), data em que \u00e9 celebrado o Dia Nacional da Vacina\u00e7\u00e3o, a Secretaria Estadual de Sa\u00fade do Paran\u00e1 (Sesa) alerta sobre a import\u00e2ncia da imuniza\u00e7\u00e3o. Os \u00edndices de cobertura vacinal v\u00eam caindo em todo Brasil e essa baixa ades\u00e3o por parte da popula\u00e7\u00e3o, al\u00e9m de colocar em risco a sa\u00fade de quem n\u00e3o se imuniza, pode levar ao ressurgimento de doen\u00e7as de f\u00e1cil cont\u00e1gio que j\u00e1 haviam sido eliminadas, como a poliomielite.<\/p>\n\n\n\n<p>A meta de vacina\u00e7\u00e3o da campanha poliomielite, por exemplo, \u00e9 de 95% em crian\u00e7as menores de 5 anos, mas apenas 72,5% do p\u00fablico estimado recebeu a vacina. Em recente campanha nacional, a estimativa era vacinar mais de 620 mil crian\u00e7as em todo Paran\u00e1, mas o n\u00famero de doses foi de aproximadamente 450 mil.<\/p>\n\n\n\n<p>\u201cEstamos com risco eminente da volta da poliomielite, e precisamos que as pessoas entendam a import\u00e2ncia da imuniza\u00e7\u00e3o\u201d, alertou o secret\u00e1rio de Sa\u00fade, Beto Preto. \u201cQuanto mais pessoas vacinadas, maior a barreira que n\u00e3o deixa o v\u00edrus se espalhar\u201d.<\/p>\n\n\n\n<p>S\u00f3 neste ano o Estado j\u00e1 promoveu diversas campanhas de vacina\u00e7\u00e3o e multivacina\u00e7\u00e3o, al\u00e9m de dias D para garantir a atualiza\u00e7\u00e3o da caderneta de vacina\u00e7\u00e3o. &nbsp;<\/p>\n\n\n\n<p>\u201cMesmo com o fim das campanhas mais midi\u00e1ticas e com envolvimento maior da sociedade, as doses permanecem dispon\u00edveis para atualizar a caderneta de vacina\u00e7\u00e3o da popula\u00e7\u00e3o nas 1.850 salas de vacinas p\u00fablicas de todo Estado, e a orienta\u00e7\u00e3o da Sesa \u00e9 para que os munic\u00edpios, atendam com hor\u00e1rio estendido e se poss\u00edvel tamb\u00e9m no final de semana\u201d, ressaltou o secret\u00e1rio.&nbsp;<\/p>\n\n\n\n<p>A chefe da Divis\u00e3o de Vigil\u00e2ncia do Programa de Imuniza\u00e7\u00e3o, Virginia Dobkowski Franco dos Santos, explica que a aplica\u00e7\u00e3o e disponibiliza\u00e7\u00e3o das doses at\u00e9 mais tarde \u00e9 justamente para aqueles pais que n\u00e3o conseguem levar seus filhos durante o hor\u00e1rio de trabalho. &#8220;A ideia \u00e9 que possam garantir a imuniza\u00e7\u00e3o das crian\u00e7as e tamb\u00e9m aproveitar para colocar em dia a sua pr\u00f3pria rotina vacinal\u201d, afirmou.<\/p>\n\n\n\n<p><strong>CALEND\u00c1RIO&nbsp;<\/strong>\u2013 O Programa Nacional de Imuniza\u00e7\u00e3o (PNI) do Sistema \u00danico de Sa\u00fade (SUS) contempla crian\u00e7as, adolescentes, adultos, idosos e gestantes. Desde o nascer at\u00e9 os 15 meses e s\u00e3o ofertadas 13 vacinas. Adultos e idosos tamb\u00e9m devem atualizar a caderneta, pois muitas delas precisam de refor\u00e7o nessa faixa et\u00e1ria. \u00c0s gestantes s\u00e3o disponibilizadas doses para prevenir doen\u00e7as como hepatite, t\u00e9tano, difteria o v\u00edrus da gripe H1N1 e Covid-19.<\/p>\n\n\n\n<p><strong>BAIXA COBERTURA<\/strong>&nbsp;\u2013 De acordo com o Minist\u00e9rio da Sa\u00fade, al\u00e9m da pandemia da Covid-19 ter agravado os \u00edndices de cobertura vacinal que j\u00e1 apresentavam queda h\u00e1 alguns anos, a percep\u00e7\u00e3o de inexist\u00eancia de risco, somado ao medo de eventos adversos, \u00e0s fake news e teorias antivacinais s\u00e3o alguns fatores para essa queda vertiginosa.<\/p>\n\n\n\n<p>\u201cPercebemos que h\u00e1 uma nova gera\u00e7\u00e3o de pessoas que n\u00e3o conviveram com os surtos e doen\u00e7as preven\u00edveis, o que traz a falsa sensa\u00e7\u00e3o de seguran\u00e7a. O crescimento de grupos antivacina e as not\u00edcias falsas sobre o tema tamb\u00e9m atrapalham para o aumento da cobertura vacinal\u201d, completa a diretora de Aten\u00e7\u00e3o e Vigil\u00e2ncia em Sa\u00fade da Sesa, Maria Goretti David Lopes.<\/p>\n\n\n\n<p><strong>DADOS&nbsp;<\/strong>\u2013 De acordo com o Minist\u00e9rio da Sa\u00fade, a cobertura vacinal considerada ideal \u00e9 de no m\u00ednimo 90% para a BCG e Rotav\u00edrus e de 95% para os outros imunizantes do calend\u00e1rio vacinal. No entanto, dados preliminares do Sistema de Informa\u00e7\u00f5es do Programa Nacional de Imuniza\u00e7\u00f5es (SIPNI) revelam que a vacina da Hepatite B, que \u00e9 aplicada logo ap\u00f3s o nascimento, fechou o ano de 2021 com cerca de apenas 59%, e neste ano, at\u00e9 a presente data, registra cobertura de 64%.<\/p>\n\n\n\n<p>Outra vacina que \u00e9 aplicada logo ao nascer e protege contra a tuberculose, a BCG, registrou 80,79% em 2021 e neste ano o percentual mostra que cerca de 75% das crian\u00e7as est\u00e3o imunizadas. A Tr\u00edplice Viral, respons\u00e1vel pela prote\u00e7\u00e3o contra o sarampo, caxumba e rub\u00e9ola, \u00e9 aplicada aos 12 e 15 meses de idade e fechou 2021 com 85%, contra&nbsp; 71% de cobertura em 2022.&nbsp;<\/p>\n\n\n\n<p>A Pentavalente, que \u00e9 aplicada aos dois, quatro e seis meses e protege contra difteria, t\u00e9tano, coqueluche, hepatite B e infec\u00e7\u00f5es causadas pelo&nbsp;<em>Haemophilus Influenza<\/em>&nbsp;marcou em 2021 aproximadamente 81% de alcance, contra 69% em 2022. A cobertura da segunda dose (D2) contra a Covid-19 est\u00e1 em 74% nas crian\u00e7as; 85% nos adolescentes e 95% nos adultos eleg\u00edveis para a imuniza\u00e7\u00e3o.<\/p>\n\n\n\n<p><strong>Confira o calend\u00e1rio vacinal\u00a0<a rel=\"noreferrer noopener\" href=\"https:\/\/www.aen.pr.gov.br\/sites\/default\/arquivos_restritos\/files\/documento\/2022-10\/ms_influenza_cartaz_pni_64x46cm_21set_eleitoral_3.pdf\" target=\"_blank\">AQUI<\/a>\u00a0.<\/strong><\/p>\n\n\n\n<p>AEN<\/p>\n","protected":false},"excerpt":{"rendered":"<p>Nesta segunda-feira (17), data em que \u00e9 celebrado o Dia Nacional da Vacina\u00e7\u00e3o, a Secretaria Estadual de Sa\u00fade do Paran\u00e1 (Sesa) alerta sobre a import\u00e2ncia da imuniza\u00e7\u00e3o. Os \u00edndices de cobertura vacinal v\u00eam caindo em todo Brasil e essa baixa ades\u00e3o por parte da popula\u00e7\u00e3o, al\u00e9m de colocar em risco a sa\u00fade de quem n\u00e3o [&hellip;]<\/p>\n","protected":false},"author":2,"featured_media":40429,"comment_status":"open","ping_status":"open","sticky":false,"template":"","format":"standard","meta":{"advanced_seo_description":"","jetpack_seo_html_title":"","jetpack_seo_noindex":false,"_jetpack_memberships_contains_paid_content":false,"footnotes":""},"categories":[50],"tags":[],"class_list":{"0":"post-40428","1":"post","2":"type-post","3":"status-publish","4":"format-standard","5":"has-post-thumbnail","7":"category-saude"},"jetpack_featured_media_url":"https:\/\/www.paranapraia.com.br\/wp-content\/uploads\/2022\/10\/sarampo_001-scaled.jpg","jetpack_sharing_enabled":true,"_links":{"self":[{"href":"https:\/\/www.paranapraia.com.br\/index.php\/wp-json\/wp\/v2\/posts\/40428"}],"collection":[{"href":"https:\/\/www.paranapraia.com.br\/index.php\/wp-json\/wp\/v2\/posts"}],"about":[{"href":"https:\/\/www.paranapraia.com.br\/index.php\/wp-json\/wp\/v2\/types\/post"}],"author":[{"embeddable":true,"href":"https:\/\/www.paranapraia.com.br\/index.php\/wp-json\/wp\/v2\/users\/2"}],"replies":[{"embeddable":true,"href":"https:\/\/www.paranapraia.com.br\/index.php\/wp-json\/wp\/v2\/comments?post=40428"}],"version-history":[{"count":1,"href":"https:\/\/www.paranapraia.com.br\/index.php\/wp-json\/wp\/v2\/posts\/40428\/revisions"}],"predecessor-version":[{"id":40430,"href":"https:\/\/www.paranapraia.com.br\/index.php\/wp-json\/wp\/v2\/posts\/40428\/revisions\/40430"}],"wp:featuredmedia":[{"embeddable":true,"href":"https:\/\/www.paranapraia.com.br\/index.php\/wp-json\/wp\/v2\/media\/40429"}],"wp:attachment":[{"href":"https:\/\/www.paranapraia.com.br\/index.php\/wp-json\/wp\/v2\/media?parent=40428"}],"wp:term":[{"taxonomy":"category","embeddable":true,"href":"https:\/\/www.paranapraia.com.br\/index.php\/wp-json\/wp\/v2\/categories?post=40428"},{"taxonomy":"post_tag","embeddable":true,"href":"https:\/\/www.paranapraia.com.br\/index.php\/wp-json\/wp\/v2\/tags?post=40428"}],"curies":[{"name":"wp","href":"https:\/\/api.w.org\/{rel}","templated":true}]}}