{"id":4031,"date":"2019-04-01T20:15:27","date_gmt":"2019-04-01T23:15:27","guid":{"rendered":"https:\/\/www.paranapraia.com.br\/?p=4031"},"modified":"2019-04-01T20:15:28","modified_gmt":"2019-04-01T23:15:28","slug":"carro-movido-a-mel-e-picape-do-yaris-marcas-de-carros-lancam-modelos-especiais-em-1o-de-abril","status":"publish","type":"post","link":"https:\/\/www.paranapraia.com.br\/index.php\/2019\/04\/01\/carro-movido-a-mel-e-picape-do-yaris-marcas-de-carros-lancam-modelos-especiais-em-1o-de-abril\/","title":{"rendered":"Carro movido a mel e picape do Yaris: marcas de carros &#8216;lan\u00e7am&#8217; modelos especiais em 1\u00ba de abril"},"content":{"rendered":"\n<h4 class=\"wp-block-heading\">Fabricantes t\u00eam o costume de brincar com seus carros no dia da mentira.<\/h4>\n\n\n\n<p>egadinhas de 1\u00ba de abril s\u00e3o bastante comuns entre as fabricantes de autom\u00f3veis, mas ainda acabam fazendo muita gente acreditar nas brincadeiras.<\/p>\n\n\n\n<p>H\u00e1 alguns anos, a BMW anunciou uma picape baseada no S\u00e9rie 3, enquanto a Honda criou um CR-V convers\u00edvel e a Hyundai fez uma releitura do Papam\u00f3vel com um i10.<\/p>\n\n\n\n<p>Neste ano, uma s\u00e9rie de \u201clan\u00e7amentos\u201d anunciados nesta segunda-feira (1). Com um exerc\u00edcio de imagina\u00e7\u00e3o, bem que alguns dos modelos abaixo fariam sucesso. Se fossem verdade.<\/p>\n\n\n\n<h2 class=\"wp-block-heading\">Audi com combust\u00edvel natural<\/h2>\n\n\n\n<figure class=\"wp-block-image\"><img decoding=\"async\" src=\"https:\/\/s2.glbimg.com\/aSFNIghDQNhLsN6XZLUuf8dDzQ0=\/0x0:1309x736\/1008x0\/smart\/filters:strip_icc()\/i.s3.glbimg.com\/v1\/AUTH_59edd422c0c84a879bd37670ae4f538a\/internal_photos\/bs\/2019\/9\/v\/LEcmqiShOfxL4PbOMBHA\/btron.jpg\" alt=\"Conceito Audi B-Tron \u2014 Foto: Divulga\u00e7\u00e3o\"\/><\/figure>\n\n\n\n<p>Conceito Audi B-Tron \u2014 Foto: Divulga\u00e7\u00e3o<\/p>\n\n\n\n<p>A bem humorada filial australiana da&nbsp;<a href=\"https:\/\/g1.globo.com\/carros\/marcas\/audi\/\">Audi&nbsp;<\/a>brincou, e disse que desenvolveu uma tecnologia alternativa aos modelos el\u00e9tricos (<a href=\"https:\/\/g1.globo.com\/carros\/noticia\/2019\/03\/05\/audi-q4-e-tron-e-apresentado-em-genebra-e-chega-em-2020-com-450-km-de-autonomia.ghtml\">e-tron<\/a>) e a g\u00e1s (g-tron) da fabricante alem\u00e3.<\/p>\n\n\n\n<p>Para explicar, nada melhor do que o pr\u00f3prio comunicado da empresa. A Audi est\u00e1 \u201cutilizando uma das fontes mais antigas e densas de energia da humanidade: o mel. Um combust\u00edvel sustent\u00e1vel, adquirido naturalmente, extra\u00eddo de flores da Bav\u00e1ria\u201d.<\/p>\n\n\n\n<p>A Audi n\u00e3o deu maiores detalhes da \u201cinova\u00e7\u00e3o\u201d, mas disse que a ideia surgiu durante um caf\u00e9 da manh\u00e3.<\/p>\n\n\n\n<p>Durante a suposta fase de testes, a empresa diz que abelhas acabaram atra\u00eddas para a tampa do tanque de combust\u00edvel, e que um funcion\u00e1rio acabou picado por animais alojados em uma colmeia no porta-luvas.<\/p>\n\n\n\n<h2 class=\"wp-block-heading\">Toyota cria rival da Strada<\/h2>\n\n\n\n<figure class=\"wp-block-image\"><img decoding=\"async\" src=\"https:\/\/s2.glbimg.com\/Vxx-WI0xGlp-LYcT0QP0WkPbPMM=\/0x0:4096x2304\/1008x0\/smart\/filters:strip_icc()\/i.s3.glbimg.com\/v1\/AUTH_59edd422c0c84a879bd37670ae4f538a\/internal_photos\/bs\/2019\/u\/3\/cRs8ljQqKnZZt0ooGnrg\/2020-yaris-adventure-b1ea578d55856c7c0012804962918b8d93fa841a.jpg\" alt=\"Picape Toyota Yaris Adventure \u2014 Foto: Divulga\u00e7\u00e3o\"\/><\/figure>\n\n\n\n<p>Picape Toyota Yaris Adventure \u2014 Foto: Divulga\u00e7\u00e3o<\/p>\n\n\n\n<p>A&nbsp;<a href=\"https:\/\/g1.globo.com\/carros\/marcas\/toyota\/\">Toyota&nbsp;<\/a>dos Estados Unidos fez um exerc\u00edcio de como seria entrar no mercado de picapes compactas \u2013 aqui no Brasil dominado pela Fiat&nbsp;<a href=\"https:\/\/g1.globo.com\/carros\/modelos\/fiat-strada\/\">Strada<\/a>. O resultado foi o&nbsp;<a href=\"https:\/\/g1.globo.com\/carros\/modelos\/toyota-yaris\/\">Yaris&nbsp;<\/a>Adventure e um divertido comunicado de apresenta\u00e7\u00e3o do ve\u00edculo.<\/p>\n\n\n\n<p>O modelo n\u00e3o traz uma s\u00e9rie de equipamentos. Segundo a Toyota, n\u00e3o h\u00e1 sistema de navega\u00e7\u00e3o, j\u00e1 que \u201cqualquer pessoa inteligente o bastante para dirigir o Yaris Adventure sabe exatamente para onde est\u00e1 indo\u201d.<\/p>\n\n\n\n<p>N\u00e3o foi adotada a tra\u00e7\u00e3o integral do&nbsp;<a href=\"https:\/\/g1.globo.com\/carros\/modelos\/toyota-rav4\/\">RAV4<\/a>. Em seu lugar, a fabricante entrega um sistema que garante aos donos sair da garagem para uma rua com neve.<\/p>\n\n\n\n<p>Por fim, a Toyota ainda ressalta que o ve\u00edculo n\u00e3o ter\u00e1 garantia, j\u00e1 que os testes mostraram que \u00e9 imposs\u00edvel algo dar errado com a pequena picape.<\/p>\n\n\n\n<h2 class=\"wp-block-heading\">Honda celebra os anos 90<\/h2>\n\n\n\n<p>A&nbsp;<a href=\"https:\/\/g1.globo.com\/carros\/marcas\/honda\/\">Honda&nbsp;<\/a>fez at\u00e9 um v\u00eddeo para mostrar uma vers\u00e3o especial do SUV Passport, vendido no mercado americano.<\/p>\n\n\n\n<p>Chamado de Pastport, nome que faz uma brincadeira com a palavra \u201cpast\u201d, passado, em ingl\u00eas, ele traz tudo que as pessoas mais desejavam&#8230; nos anos 1990.<\/p>\n\n\n\n<p>O pacote inclui rel\u00f3gio digital, porta-moedas e os supermodernos&#8230; toca-fitas e suporte para bip.<\/p>\n\n\n\n<h2 class=\"wp-block-heading\">Porsche e seu novo logo<\/h2>\n\n\n\n<figure class=\"wp-block-image\"><img decoding=\"async\" src=\"https:\/\/s2.glbimg.com\/y3z2ENvxDANgRQtVP30NhdO6RQ0=\/0x0:1916x1080\/984x0\/smart\/filters:strip_icc()\/i.s3.glbimg.com\/v1\/AUTH_59edd422c0c84a879bd37670ae4f538a\/internal_photos\/bs\/2019\/7\/5\/OpChgpQq60cR4FZaYreA\/porschelogo.jpg\" alt=\"Porsche 'cria' novo logotipo com QR code \u2014 Foto: Divulga\u00e7\u00e3o\"\/><\/figure>\n\n\n\n<p>Porsche &#8216;cria&#8217; novo logotipo com QR code \u2014 Foto: Divulga\u00e7\u00e3o<\/p>\n\n\n\n<p>A&nbsp;<a href=\"https:\/\/g1.globo.com\/carros\/marcas\/porsche\/\">Porsche&nbsp;<\/a>anunciou que ir\u00e1 modificar seu famoso logotipo, criado em 1952. De acordo com a empresa, a nova marca \u201catende \u00e0s necessidades e desejos da pr\u00f3xima gera\u00e7\u00e3o de motoristas\u201d.<\/p>\n\n\n\n<p>O primeiro produto a contar com o novo logo (ou n\u00e3o) \u00e9 o Taycan, el\u00e9trico que ser\u00e1 lan\u00e7ado ainda este ano.<\/p>\n\n\n\n<p>A grande diferen\u00e7a \u00e9 a troca do cavalo, s\u00edmbolo de Stuttgart, por um QR Code. Acessando o endere\u00e7o, o curioso descobre a &#8220;pegadinha&#8221;, al\u00e9m de uma mensagem, de que a Porsche jamais questionaria a pr\u00f3pria cren\u00e7a.<\/p>\n\n\n\n<h2 class=\"wp-block-heading\">Jeep cria conceito de sed\u00e3<\/h2>\n\n\n\n<figure class=\"wp-block-image\"><img decoding=\"async\" src=\"https:\/\/s2.glbimg.com\/igT39GWvhfYkcCJjP3M6lauXJkQ=\/0x0:1280x720\/984x0\/smart\/filters:strip_icc()\/i.s3.glbimg.com\/v1\/AUTH_59edd422c0c84a879bd37670ae4f538a\/internal_photos\/bs\/2019\/p\/Q\/E3cWjZQOKcQXwhJKzAiA\/jeep-sedan-concept.jpg\" alt=\"Conceito de 1\u00ba de abril de um sed\u00e3 da Jeep \u2014 Foto: Divulga\u00e7\u00e3o\"\/><\/figure>\n\n\n\n<p>Conceito de 1\u00ba de abril de um sed\u00e3 da Jeep \u2014 Foto: Divulga\u00e7\u00e3o<\/p>\n\n\n\n<p>Algumas marcas do grupo Fiat Chrysler produzem tipos espec\u00edficos de ve\u00edculos. A RAM \u00e9 especializada em picapes e comerciais, enquanto a&nbsp;<a href=\"https:\/\/g1.globo.com\/carros\/marcas\/jeep\/\">Jeep&nbsp;<\/a>faz SUVs.<\/p>\n\n\n\n<p>No entanto, como seria se a Jeep resolvesse fazer um sed\u00e3? A resposta \u00e9 o Jeep Sedan, a cria\u00e7\u00e3o da marca americana para o 1\u00ba de abril.<\/p>\n\n\n\n<p>O conceito, na verdade, \u00e9 uma mistura do Chrysler 300C com a grade e o farol do novo Cherokee.<\/p>\n\n\n\n<h2 class=\"wp-block-heading\">Moto extrema<\/h2>\n\n\n\n<figure class=\"wp-block-image\"><img decoding=\"async\" src=\"https:\/\/s2.glbimg.com\/nBeQeU5Mf0C-Gvzv7QuURBW0jF8=\/0x0:3543x2362\/984x0\/smart\/filters:strip_icc()\/i.s3.glbimg.com\/v1\/AUTH_59edd422c0c84a879bd37670ae4f538a\/internal_photos\/bs\/2019\/W\/r\/oZMRfNQ4qQ9cqmsXZRyw\/p90340890-highres-the-bmw-motorrad-ira.jpg\" alt=\"BMW cria 'modo ilimitado' para moto em 1\u00ba de abril \u2014 Foto: Divulga\u00e7\u00e3o\"\/><\/figure>\n\n\n\n<p>BMW cria &#8216;modo ilimitado&#8217; para moto em 1\u00ba de abril \u2014 Foto: Divulga\u00e7\u00e3o<\/p>\n\n\n\n<p>At\u00e9 a divis\u00e3o de motos da&nbsp;<a href=\"https:\/\/g1.globo.com\/carros\/marcas\/bmw\/\">BMW&nbsp;<\/a>entrou na brincadeira. A novidade \u00e9 um novo modo de condu\u00e7\u00e3o para a esportiva S 1000 RR, chamado de Ilimitado. Com ele, at\u00e9 pilotos rec\u00e9m-habilitados conseguem extrair o m\u00e1ximo da motocicleta.<\/p>\n\n\n\n<p>De acordo com a empresa, quando o modo est\u00e1 ativado, um software transforma a moto em aut\u00f4noma, transformando o piloto em mero espectador.<\/p>\n\n\n\n<p>Tamb\u00e9m \u00e9 poss\u00edvel acessar o tra\u00e7ado de todas as pistas do Superbike, bem como outros circuitos famosos, como Nurburgring e Ilha de Man.<\/p>\n\n\n\n<p>G1<\/p>\n","protected":false},"excerpt":{"rendered":"<p>Fabricantes t\u00eam o costume de brincar com seus carros no dia da mentira. egadinhas de 1\u00ba de abril s\u00e3o bastante comuns entre as fabricantes de autom\u00f3veis, mas ainda acabam fazendo muita gente acreditar nas brincadeiras. H\u00e1 alguns anos, a BMW anunciou uma picape baseada no S\u00e9rie 3, enquanto a Honda criou um CR-V convers\u00edvel e [&hellip;]<\/p>\n","protected":false},"author":2,"featured_media":4037,"comment_status":"open","ping_status":"open","sticky":false,"template":"","format":"standard","meta":{"advanced_seo_description":"","jetpack_seo_html_title":"","jetpack_seo_noindex":false,"_jetpack_memberships_contains_paid_content":false,"footnotes":""},"categories":[55],"tags":[],"class_list":{"0":"post-4031","1":"post","2":"type-post","3":"status-publish","4":"format-standard","5":"has-post-thumbnail","7":"category-curiosidades"},"jetpack_featured_media_url":"https:\/\/www.paranapraia.com.br\/wp-content\/uploads\/2019\/04\/mel.jpg","jetpack_sharing_enabled":true,"_links":{"self":[{"href":"https:\/\/www.paranapraia.com.br\/index.php\/wp-json\/wp\/v2\/posts\/4031"}],"collection":[{"href":"https:\/\/www.paranapraia.com.br\/index.php\/wp-json\/wp\/v2\/posts"}],"about":[{"href":"https:\/\/www.paranapraia.com.br\/index.php\/wp-json\/wp\/v2\/types\/post"}],"author":[{"embeddable":true,"href":"https:\/\/www.paranapraia.com.br\/index.php\/wp-json\/wp\/v2\/users\/2"}],"replies":[{"embeddable":true,"href":"https:\/\/www.paranapraia.com.br\/index.php\/wp-json\/wp\/v2\/comments?post=4031"}],"version-history":[{"count":1,"href":"https:\/\/www.paranapraia.com.br\/index.php\/wp-json\/wp\/v2\/posts\/4031\/revisions"}],"predecessor-version":[{"id":4038,"href":"https:\/\/www.paranapraia.com.br\/index.php\/wp-json\/wp\/v2\/posts\/4031\/revisions\/4038"}],"wp:featuredmedia":[{"embeddable":true,"href":"https:\/\/www.paranapraia.com.br\/index.php\/wp-json\/wp\/v2\/media\/4037"}],"wp:attachment":[{"href":"https:\/\/www.paranapraia.com.br\/index.php\/wp-json\/wp\/v2\/media?parent=4031"}],"wp:term":[{"taxonomy":"category","embeddable":true,"href":"https:\/\/www.paranapraia.com.br\/index.php\/wp-json\/wp\/v2\/categories?post=4031"},{"taxonomy":"post_tag","embeddable":true,"href":"https:\/\/www.paranapraia.com.br\/index.php\/wp-json\/wp\/v2\/tags?post=4031"}],"curies":[{"name":"wp","href":"https:\/\/api.w.org\/{rel}","templated":true}]}}