{"id":4027,"date":"2019-04-01T19:50:15","date_gmt":"2019-04-01T22:50:15","guid":{"rendered":"https:\/\/www.paranapraia.com.br\/?p=4027"},"modified":"2019-04-01T19:50:15","modified_gmt":"2019-04-01T22:50:15","slug":"baleia-e-achada-morta-com-um-feto-e-22-kg-de-plastico-no-estomago","status":"publish","type":"post","link":"https:\/\/www.paranapraia.com.br\/index.php\/2019\/04\/01\/baleia-e-achada-morta-com-um-feto-e-22-kg-de-plastico-no-estomago\/","title":{"rendered":"Baleia \u00e9 achada morta com um feto e 22 kg de pl\u00e1stico no est\u00f4mago"},"content":{"rendered":"\n<h4 class=\"wp-block-heading\">Esp\u00e9cie cachalote estava encalhada em uma praia na It\u00e1lia e do corpo foram retirados produtos pl\u00e1sticos ainda identific\u00e1veis com c\u00f3digo de barras<\/h4>\n\n\n\n<p>Uma baleia cachalote gr\u00e1vida foi encontrada morta na manh\u00e3 desta segunda-feira (01\/04), na costa da\u00a0<strong>Sardenha<\/strong>, na It\u00e1lia. O animal foi achado com um feto morto e 22 kg de\u00a0<strong>pl\u00e1stico\u00a0<\/strong>no seu est\u00f4mago.\u00a0<\/p>\n\n\n\n<p>Luca Bittau, presidente\u00a0<a rel=\"noreferrer noopener\" href=\"https:\/\/www.seame.it\/en\/\" target=\"_blank\"><strong>SeaMe<\/strong><\/a>, uma organiza\u00e7\u00e3o sem fins lucrativos em prol da vida marinha, contou \u00e0\u00a0<a rel=\"noreferrer noopener\" href=\"https:\/\/edition.cnn.com\/2019\/04\/01\/europe\/sperm-whale-plastic-stomach-italy-scli-intl\/index.html\" target=\"_blank\">CNN<\/a>\u00a0que dentro do animal foram encontrados sacos de lixo, redes de pesca, linhas, garrafas e at\u00e9 embalagens de sab\u00e3o em p\u00f3. \u201cAl\u00e9m de muitos outros produtos que n\u00e3o conseguimos identificar\u201d, afirmou Bittau ao jornal.<\/p>\n\n\n\n<p>\u201cTemos certeza que ela abortou antes mesmo de encalhar. O feto estava em um estado avan\u00e7ado de decomposi\u00e7\u00e3o\u201d, diz. O animal morto, que tinha oito metros de comprimento, encalhou em Porto Cervo, uma praia tur\u00edstica da costa italiana.<br><\/p>\n\n\n\n<p>Sergio Costa, ministro italiano do meio ambiente, escreveu em uma&nbsp;<a href=\"https:\/\/www.facebook.com\/SergioCostaMinistroAmbiente\/photos\/a.377699326073786\/572204329956617\/?type=3&amp;__tn__=-R\" target=\"_blank\" rel=\"noreferrer noopener\">publica\u00e7\u00e3o no Facebook<\/a>: \u201cAinda h\u00e1 quem fale que esses n\u00e3o s\u00e3o problemas importantes? Para mim, eles s\u00e3o. E s\u00e3o prioridade\u201d, afirmou. Costa ainda comentou a&nbsp;<a href=\"https:\/\/epocanegocios.globo.com\/Mundo\/noticia\/2019\/03\/uniao-europeia-aprova-lei-que-proibe-produtos-plasticos.html\">lei que vai banir o uso de produtos pl\u00e1sticos na Europa at\u00e9 2021<\/a>. \u201cA It\u00e1lia ser\u00e1 um dos primeiros pa\u00edses a implementar as mudan\u00e7as\u201d, disse.<\/p>\n\n\n\n<p>\u201cN\u00f3s nos acostumamos a jogar o lixo de forma despreocupada no mar e agora estamos pagando por isso. Na verdade, s\u00e3o os animais que est\u00e3o pagando por n\u00f3s. A guerra contra o pl\u00e1stico come\u00e7ou e n\u00f3s n\u00e3o vamos parar\u201d.<\/p>\n\n\n\n<p><br><\/p>\n\n\n\n<p>\u00c9poca<\/p>\n","protected":false},"excerpt":{"rendered":"<p>Esp\u00e9cie cachalote estava encalhada em uma praia na It\u00e1lia e do corpo foram retirados produtos pl\u00e1sticos ainda identific\u00e1veis com c\u00f3digo de barras Uma baleia cachalote gr\u00e1vida foi encontrada morta na manh\u00e3 desta segunda-feira (01\/04), na costa da\u00a0Sardenha, na It\u00e1lia. O animal foi achado com um feto morto e 22 kg de\u00a0pl\u00e1stico\u00a0no seu est\u00f4mago.\u00a0 Luca Bittau, [&hellip;]<\/p>\n","protected":false},"author":2,"featured_media":4028,"comment_status":"open","ping_status":"open","sticky":false,"template":"","format":"standard","meta":{"advanced_seo_description":"","jetpack_seo_html_title":"","jetpack_seo_noindex":false,"_jetpack_memberships_contains_paid_content":false,"footnotes":""},"categories":[34],"tags":[],"class_list":{"0":"post-4027","1":"post","2":"type-post","3":"status-publish","4":"format-standard","5":"has-post-thumbnail","7":"category-meio-ambiente"},"jetpack_featured_media_url":"https:\/\/www.paranapraia.com.br\/wp-content\/uploads\/2019\/04\/baleia1.jpg","jetpack_sharing_enabled":true,"_links":{"self":[{"href":"https:\/\/www.paranapraia.com.br\/index.php\/wp-json\/wp\/v2\/posts\/4027"}],"collection":[{"href":"https:\/\/www.paranapraia.com.br\/index.php\/wp-json\/wp\/v2\/posts"}],"about":[{"href":"https:\/\/www.paranapraia.com.br\/index.php\/wp-json\/wp\/v2\/types\/post"}],"author":[{"embeddable":true,"href":"https:\/\/www.paranapraia.com.br\/index.php\/wp-json\/wp\/v2\/users\/2"}],"replies":[{"embeddable":true,"href":"https:\/\/www.paranapraia.com.br\/index.php\/wp-json\/wp\/v2\/comments?post=4027"}],"version-history":[{"count":1,"href":"https:\/\/www.paranapraia.com.br\/index.php\/wp-json\/wp\/v2\/posts\/4027\/revisions"}],"predecessor-version":[{"id":4029,"href":"https:\/\/www.paranapraia.com.br\/index.php\/wp-json\/wp\/v2\/posts\/4027\/revisions\/4029"}],"wp:featuredmedia":[{"embeddable":true,"href":"https:\/\/www.paranapraia.com.br\/index.php\/wp-json\/wp\/v2\/media\/4028"}],"wp:attachment":[{"href":"https:\/\/www.paranapraia.com.br\/index.php\/wp-json\/wp\/v2\/media?parent=4027"}],"wp:term":[{"taxonomy":"category","embeddable":true,"href":"https:\/\/www.paranapraia.com.br\/index.php\/wp-json\/wp\/v2\/categories?post=4027"},{"taxonomy":"post_tag","embeddable":true,"href":"https:\/\/www.paranapraia.com.br\/index.php\/wp-json\/wp\/v2\/tags?post=4027"}],"curies":[{"name":"wp","href":"https:\/\/api.w.org\/{rel}","templated":true}]}}