{"id":4016,"date":"2019-04-01T19:38:34","date_gmt":"2019-04-01T22:38:34","guid":{"rendered":"https:\/\/www.paranapraia.com.br\/?p=4016"},"modified":"2019-04-01T19:38:35","modified_gmt":"2019-04-01T22:38:35","slug":"em-israel-bolsonaro-publica-foto-com-arma-e-critica-leis-de-desarmamento","status":"publish","type":"post","link":"https:\/\/www.paranapraia.com.br\/index.php\/2019\/04\/01\/em-israel-bolsonaro-publica-foto-com-arma-e-critica-leis-de-desarmamento\/","title":{"rendered":"Em Israel, Bolsonaro publica foto com arma e critica leis de desarmamento"},"content":{"rendered":"\n<h4 class=\"wp-block-heading\">Presidente afirmou nesta segunda (1\u00ba) em rede social que &#8216;leis de desarmamento s\u00f3 funcionam contra aqueles que respeitam as leis&#8217;. Ele est\u00e1 desde domingo (31) em visita oficial a Israel.<\/h4>\n\n\n\n<p>m viagem oficial a Israel, o presidente&nbsp;<a href=\"https:\/\/g1.globo.com\/politica\/politico\/jair-bolsonaro\/\">Jair Bolsonaro<\/a>&nbsp;publicou nesta segunda-feira (1\u00ba) em uma rede social uma fotografia na qual est\u00e1 empunhando um fuzil. No post, ele defendeu a &#8220;liberdade&#8221; de os cidad\u00e3os se armarem e criticou leis de desarmamento.<\/p>\n\n\n\n<p>Capit\u00e3o reformado do Ex\u00e9rcito, o presidente afirmou na internet que &#8220;o que torna uma arma nociva depende 100% das inten\u00e7\u00f5es de quem a possui&#8221;.<\/p>\n\n\n\n<p>Desde que era deputado federal, Bolsonaro \u00e9 um cr\u00edtico do Estatuto do Desarmamento, que, segundo ele, imp\u00f5e regras muito r\u00edgidas para a posse de arma. Durante sua carreira parlamentar, ele defendeu reformular a legisla\u00e7\u00e3o a fim de facilitar o uso de armas pelos cidad\u00e3os.<\/p>\n\n\n\n<p>&#8220;Defendo a liberdade, com crit\u00e9rios, para cidad\u00e3os que querem se proteger e proteger suas fam\u00edlias. Leis de desarmamento s\u00f3 funcionam contra aqueles que respeitam as leis; quem quer cometer crimes j\u00e1 n\u00e3o se preocupa com isso&#8221;, escreveu Bolsonaro na rede social.<\/p>\n\n\n\n<p>Questionada \u00e0 assessoria da Presid\u00eancia se a imagem em que Bolsonaro est\u00e1 fazendo mira com um fuzil foi feita nesta segunda-feira em Israel, mas a Secretaria de Comunica\u00e7\u00e3o disse que o Pal\u00e1cio do Planalto &#8220;n\u00e3o comenta&#8221;.<\/p>\n\n\n\n<p>A roupa que o presidente est\u00e1 usando na fotografia em que est\u00e1 empunhando o armamento, terno azul escuro, camisa branca e gravata azul, \u00e9 a mesma que ele vestiu nas agendas p\u00fablicas desta segunda-feira em Jerusal\u00e9m. Bolsonaro desembarcou neste domingo em Israel para uma visita de quatro dias ao pa\u00eds do Oriente M\u00e9dio.<\/p>\n\n\n\n<p>Nesta segunda-feira, o presidente&nbsp;<a href=\"https:\/\/g1.globo.com\/politica\/noticia\/2019\/04\/01\/no-2o-dia-de-visita-a-israel-bolsonaro-condecora-militares-e-visita-muro-das-lamentacoes.ghtml\">condecorou militares israelenses<\/a>que atuaram na opera\u00e7\u00e3o de resgate das v\u00edtimas da trag\u00e9dia de Brumadinho e visitou, na companhia do premi\u00ea israelense Benjamin Netanyahu o Muro das Lamenta\u00e7\u00f5es, local sagrado para os judeus que \u00e9 um ponto de peregrina\u00e7\u00e3o em Jerusal\u00e9m.<\/p>\n\n\n\n<figure class=\"wp-block-image\"><img decoding=\"async\" src=\"https:\/\/s2.glbimg.com\/n6_oQoCxJTninwPXPwMqdrhG9oI=\/0x0:5412x3768\/984x0\/smart\/filters:strip_icc()\/i.s3.glbimg.com\/v1\/AUTH_59edd422c0c84a879bd37670ae4f538a\/internal_photos\/bs\/2019\/A\/V\/uhBGNhTWiw58wIMf7Lpw\/bolsonaro.jpg\" alt=\"Bolsonaro posou para foto ao lado de Netanyahu no Muro das Lamenta\u00e7\u00f5es \u2014 Foto: Menahem Kahana\/Pool via REUTERS \"\/><\/figure>\n\n\n\n<p>Bolsonaro posou para foto ao lado de Netanyahu no Muro das Lamenta\u00e7\u00f5es \u2014 Foto: Menahem Kahana\/Pool via REUTERS<\/p>\n\n\n\n<h2 class=\"wp-block-heading\">Posse de armas<\/h2>\n\n\n\n<p>Em janeiro, 15 dias ap\u00f3s tomar posse na Presid\u00eancia da Rep\u00fablica, Jair Bolsonaro&nbsp;<a href=\"https:\/\/g1.globo.com\/politica\/noticia\/2019\/01\/15\/bolsonaro-assina-decreto-que-facilita-posse-de-armas.ghtml\">assinou um decreto<\/a>&nbsp;que flexibilizou a posse de armas de fogo. A medida era uma das promessas de campanha do presidente.<\/p>\n\n\n\n<p>O direito \u00e0 posse \u00e9 a autoriza\u00e7\u00e3o para manter uma arma de fogo em casa ou no local de trabalho (desde que o dono da arma seja o respons\u00e1vel legal pelo estabelecimento). Para andar com a arma na rua, \u00e9 preciso ter direito ao porte,<a href=\"https:\/\/g1.globo.com\/politica\/noticia\/2018\/12\/29\/bolsonaro-diz-que-por-meio-de-decreto-pretende-garantir-posse-de-armas-a-cidadaos-sem-antecedentes-criminais.ghtml\">&nbsp;cujas regras s\u00e3o mais rigorosas<\/a>&nbsp;e n\u00e3o foram tratadas no decreto.<\/p>\n\n\n\n<p>O texto do decreto permite aos cidad\u00e3os residentes em \u00e1rea urbana ou rural manter arma de fogo em casa, desde que cumpridos os requisitos de &#8220;efetiva necessidade&#8221;, a serem examinados pela Pol\u00edcia Federal.<\/p>\n\n\n\n<p>Em dezembro, antes de assumir o comando do Pal\u00e1cio do Planalto, Bolsonaro escreveu em uma rede social que pretendia garantir por meio de decreto&nbsp;<a href=\"https:\/\/g1.globo.com\/politica\/noticia\/2018\/12\/29\/bolsonaro-diz-que-por-meio-de-decreto-pretende-garantir-posse-de-armas-a-cidadaos-sem-antecedentes-criminais.ghtml\">a posse de armas de fogo<\/a>&nbsp;a cidad\u00e3os sem antecedentes criminais.<\/p>\n\n\n\n<p>G1<\/p>\n","protected":false},"excerpt":{"rendered":"<p>Presidente afirmou nesta segunda (1\u00ba) em rede social que &#8216;leis de desarmamento s\u00f3 funcionam contra aqueles que respeitam as leis&#8217;. Ele est\u00e1 desde domingo (31) em visita oficial a Israel. m viagem oficial a Israel, o presidente&nbsp;Jair Bolsonaro&nbsp;publicou nesta segunda-feira (1\u00ba) em uma rede social uma fotografia na qual est\u00e1 empunhando um fuzil. No post, [&hellip;]<\/p>\n","protected":false},"author":2,"featured_media":4018,"comment_status":"open","ping_status":"open","sticky":false,"template":"","format":"standard","meta":{"advanced_seo_description":"","jetpack_seo_html_title":"","jetpack_seo_noindex":false,"_jetpack_memberships_contains_paid_content":false,"footnotes":""},"categories":[32],"tags":[],"class_list":{"0":"post-4016","1":"post","2":"type-post","3":"status-publish","4":"format-standard","5":"has-post-thumbnail","7":"category-politica"},"jetpack_featured_media_url":"https:\/\/www.paranapraia.com.br\/wp-content\/uploads\/2019\/04\/bozoi.jpg","jetpack_sharing_enabled":true,"_links":{"self":[{"href":"https:\/\/www.paranapraia.com.br\/index.php\/wp-json\/wp\/v2\/posts\/4016"}],"collection":[{"href":"https:\/\/www.paranapraia.com.br\/index.php\/wp-json\/wp\/v2\/posts"}],"about":[{"href":"https:\/\/www.paranapraia.com.br\/index.php\/wp-json\/wp\/v2\/types\/post"}],"author":[{"embeddable":true,"href":"https:\/\/www.paranapraia.com.br\/index.php\/wp-json\/wp\/v2\/users\/2"}],"replies":[{"embeddable":true,"href":"https:\/\/www.paranapraia.com.br\/index.php\/wp-json\/wp\/v2\/comments?post=4016"}],"version-history":[{"count":1,"href":"https:\/\/www.paranapraia.com.br\/index.php\/wp-json\/wp\/v2\/posts\/4016\/revisions"}],"predecessor-version":[{"id":4019,"href":"https:\/\/www.paranapraia.com.br\/index.php\/wp-json\/wp\/v2\/posts\/4016\/revisions\/4019"}],"wp:featuredmedia":[{"embeddable":true,"href":"https:\/\/www.paranapraia.com.br\/index.php\/wp-json\/wp\/v2\/media\/4018"}],"wp:attachment":[{"href":"https:\/\/www.paranapraia.com.br\/index.php\/wp-json\/wp\/v2\/media?parent=4016"}],"wp:term":[{"taxonomy":"category","embeddable":true,"href":"https:\/\/www.paranapraia.com.br\/index.php\/wp-json\/wp\/v2\/categories?post=4016"},{"taxonomy":"post_tag","embeddable":true,"href":"https:\/\/www.paranapraia.com.br\/index.php\/wp-json\/wp\/v2\/tags?post=4016"}],"curies":[{"name":"wp","href":"https:\/\/api.w.org\/{rel}","templated":true}]}}