{"id":4011,"date":"2019-04-01T18:20:35","date_gmt":"2019-04-01T21:20:35","guid":{"rendered":"https:\/\/www.paranapraia.com.br\/?p=4011"},"modified":"2019-04-01T18:20:36","modified_gmt":"2019-04-01T21:20:36","slug":"ufpr-oferta-vagas-remanescentes-em-matinhos-e-pontal","status":"publish","type":"post","link":"https:\/\/www.paranapraia.com.br\/index.php\/2019\/04\/01\/ufpr-oferta-vagas-remanescentes-em-matinhos-e-pontal\/","title":{"rendered":"UFPR oferta vagas remanescentes em Matinhos e Pontal"},"content":{"rendered":"\n<p>O N\u00facleo de Concursos (NC) da Universidade Federal do Paran\u00e1 (UFPR), vinculado \u00e0 Pr\u00f3-Reitoria de Gradua\u00e7\u00e3o (Prograd), divulgou o edital para preenchimento das vagas ainda dispon\u00edveis nos cursos de gradua\u00e7\u00e3o do Setor Litoral, em Matinhos, e do Campus Pontal do Paran\u00e1 \u2013 Centro de Estudos do Mar (CEM), em Pontal do Sul.<\/p>\n\n\n\n<p>\u201cO p\u00fablico-alvo s\u00e3o todos os candidatos do Vestibular 2018\/2019, independentemente do curso de inscri\u00e7\u00e3o, que participaram integralmente da segunda fase do vestibular e que ainda n\u00e3o tenham ocupado nenhuma vaga na UFPR por meio do referido Vestibular e do Sisu 2019\u201d, informa o respons\u00e1vel pela Coordena\u00e7\u00e3o de Pol\u00edticas de Acesso e Perman\u00eancia (Copap), professor Julio Gomes. A equipe do setor coordena as atividades do N\u00facleo de Assuntos Acad\u00eamicos (NAA) e do Processo de Ocupa\u00e7\u00e3o de Vagas Remanescentes (Provar).<\/p>\n\n\n\n<p>Os interessados em concorrer \u00e0s vagas dever\u00e3o comparecer \u2013 pessoalmente ou representados por terceiros legalmente constitu\u00eddos \u2013 para manifestar o interesse, munidos da documenta\u00e7\u00e3o necess\u00e1ria para o registro acad\u00eamico, conforme a categoria de concorr\u00eancia escolhida na inscri\u00e7\u00e3o do Vestibular. As convoca\u00e7\u00f5es ser\u00e3o realizadas no dia 4 de abril, 9h \u00e0s 12h. O edital oferta 37 vagas para o Setor Litoral da UFPR e 30 para o Campus Pontal do Paran\u00e1 \u2013 CEM.<\/p>\n\n\n\n<p>\u201cOs candidatos que comparecerem nos dias e hor\u00e1rios definidos ser\u00e3o ent\u00e3o classificados, por categoria de concorr\u00eancia, pela soma dos pontos da primeira fase do vestibular e da reda\u00e7\u00e3o. Havendo empate, o crit\u00e9rio de desempate ser\u00e1 a nota da reda\u00e7\u00e3o. Persistindo o empate, o crit\u00e9rio de desempate passa a ser o candidato mais idoso ter\u00e1 a prefer\u00eancia\u201d, explica o coordenador.<\/p>\n\n\n\n<p>Ap\u00f3s a classifica\u00e7\u00e3o, os candidatos ser\u00e3o chamados, a partir das 13h30, nominalmente por categoria de concorr\u00eancia, por ordem de classifica\u00e7\u00e3o, e poder\u00e3o escolher uma vaga \u2013 entre as dispon\u00edveis no momento em que forem chamados para cursos em Matinhos ou Pontal do Sul. Caso persistam vagas n\u00e3o preenchidas, haver\u00e1 migra\u00e7\u00e3o entre categorias de concorr\u00eancia durante a chamada, conforme definido em edital. Se o candidato n\u00e3o optar por nenhum curso quando for chamado, ele continuar\u00e1 na lista de espera do curso de inscri\u00e7\u00e3o no Vestibular.<\/p>\n\n\n\n<figure class=\"wp-block-image\"><a href=\"https:\/\/www.correiodolitoral.com\/wp-content\/uploads\/2019\/04\/remanescentes2019.jpg\"><img decoding=\"async\" src=\"https:\/\/www.correiodolitoral.com\/wp-content\/uploads\/2019\/04\/remanescentes2019-750x286.jpg\" alt=\"\" class=\"wp-image-20237\"\/><\/a><\/figure>\n\n\n\n<p>Data da convoca\u00e7\u00e3o: 4\/4\/2019 (quinta-feira)<br>Hor\u00e1rio: das 9h \u00e0s 12h.<br>Local: Audit\u00f3rio Juliano Fumaneri Weiss, no Setor Litoral\/UFPR (entrada lateral, em frente \u00e0 Biblioteca) \u2013 Rua Jaguaria\u00edva, n\u00ba 512, Caiob\u00e1, Matinhos \u2013 PR.<br>Mais informa\u00e7\u00f5es no site\u00a0<a rel=\"noreferrer noopener\" href=\"http:\/\/portal.nc.ufpr.br\/PortalNC\/Concurso?concurso=PS2019\" target=\"_blank\">http:\/\/portal.nc.ufpr.br\/PortalNC\/Concurso?concurso=PS2019<\/a><\/p>\n\n\n\n<p>Correio do Litoral<\/p>\n","protected":false},"excerpt":{"rendered":"<p>O N\u00facleo de Concursos (NC) da Universidade Federal do Paran\u00e1 (UFPR), vinculado \u00e0 Pr\u00f3-Reitoria de Gradua\u00e7\u00e3o (Prograd), divulgou o edital para preenchimento das vagas ainda dispon\u00edveis nos cursos de gradua\u00e7\u00e3o do Setor Litoral, em Matinhos, e do Campus Pontal do Paran\u00e1 \u2013 Centro de Estudos do Mar (CEM), em Pontal do Sul. \u201cO p\u00fablico-alvo s\u00e3o [&hellip;]<\/p>\n","protected":false},"author":2,"featured_media":4012,"comment_status":"open","ping_status":"open","sticky":false,"template":"","format":"standard","meta":{"advanced_seo_description":"","jetpack_seo_html_title":"","jetpack_seo_noindex":false,"_jetpack_memberships_contains_paid_content":false,"footnotes":""},"categories":[40],"tags":[],"class_list":{"0":"post-4011","1":"post","2":"type-post","3":"status-publish","4":"format-standard","5":"has-post-thumbnail","7":"category-destaques"},"jetpack_featured_media_url":"https:\/\/www.paranapraia.com.br\/wp-content\/uploads\/2019\/04\/IMG_8863.jpg","jetpack_sharing_enabled":true,"_links":{"self":[{"href":"https:\/\/www.paranapraia.com.br\/index.php\/wp-json\/wp\/v2\/posts\/4011"}],"collection":[{"href":"https:\/\/www.paranapraia.com.br\/index.php\/wp-json\/wp\/v2\/posts"}],"about":[{"href":"https:\/\/www.paranapraia.com.br\/index.php\/wp-json\/wp\/v2\/types\/post"}],"author":[{"embeddable":true,"href":"https:\/\/www.paranapraia.com.br\/index.php\/wp-json\/wp\/v2\/users\/2"}],"replies":[{"embeddable":true,"href":"https:\/\/www.paranapraia.com.br\/index.php\/wp-json\/wp\/v2\/comments?post=4011"}],"version-history":[{"count":1,"href":"https:\/\/www.paranapraia.com.br\/index.php\/wp-json\/wp\/v2\/posts\/4011\/revisions"}],"predecessor-version":[{"id":4013,"href":"https:\/\/www.paranapraia.com.br\/index.php\/wp-json\/wp\/v2\/posts\/4011\/revisions\/4013"}],"wp:featuredmedia":[{"embeddable":true,"href":"https:\/\/www.paranapraia.com.br\/index.php\/wp-json\/wp\/v2\/media\/4012"}],"wp:attachment":[{"href":"https:\/\/www.paranapraia.com.br\/index.php\/wp-json\/wp\/v2\/media?parent=4011"}],"wp:term":[{"taxonomy":"category","embeddable":true,"href":"https:\/\/www.paranapraia.com.br\/index.php\/wp-json\/wp\/v2\/categories?post=4011"},{"taxonomy":"post_tag","embeddable":true,"href":"https:\/\/www.paranapraia.com.br\/index.php\/wp-json\/wp\/v2\/tags?post=4011"}],"curies":[{"name":"wp","href":"https:\/\/api.w.org\/{rel}","templated":true}]}}