{"id":4003,"date":"2019-04-01T17:28:13","date_gmt":"2019-04-01T20:28:13","guid":{"rendered":"https:\/\/www.paranapraia.com.br\/?p=4003"},"modified":"2019-04-01T17:28:14","modified_gmt":"2019-04-01T20:28:14","slug":"mais-mulheres-procuram-a-policia-para-denunciar-tatuador-em-bh","status":"publish","type":"post","link":"https:\/\/www.paranapraia.com.br\/index.php\/2019\/04\/01\/mais-mulheres-procuram-a-policia-para-denunciar-tatuador-em-bh\/","title":{"rendered":"Mais mulheres procuram a pol\u00edcia para denunciar tatuador em BH"},"content":{"rendered":"\n<p>Ap\u00f3s&nbsp;<a href=\"https:\/\/g1.globo.com\/mg\/minas-gerais\/noticia\/2019\/03\/31\/pediu-para-tirar-a-calcinha-diz-mulher-sobre-tatuador-suspeito-de-assediar-ao-menos-15-clientes.ghtml\">reportagem do Fant\u00e1stico,&nbsp;<\/a>mais mulheres procuraram a Pol\u00edcia Civil e a ativista Duda Salabert para denunciar o tatuador Leandro Caldeira Alves Pereira, de 44 anos, por ass\u00e9dio sexual. A ativista publicou em redes sociais, nesta segunda-feira (1\u00ba), novos relatos de abuso. O tatuador, que \u00e9 dono de um est\u00fadio na Savassi, bairro nobre de Belo Horizonte, se diz inocente&nbsp;<em>(leia mais abaixo)<\/em>.<\/p>\n\n\n\n<p>Leandro&nbsp;<a href=\"https:\/\/g1.globo.com\/mg\/minas-gerais\/noticia\/2019\/03\/31\/policia-prende-tatuador-suspeito-de-assedio-em-bh.ghtml\">foi preso em Lagoa Santa<\/a>, na Grande BH, no domingo (31), no mesmo dia em que a reportagem do Fant\u00e1stico foi ao ar, e levado&nbsp;<a href=\"https:\/\/g1.globo.com\/mg\/minas-gerais\/noticia\/2019\/04\/01\/tatuador-suspeito-de-assedio-sexual-esta-preso-no-presidio-de-lagoa-santa-diz-seap-mg.ghtml\">nesta manh\u00e3 para o pres\u00eddio<\/a>. Ele teve a pris\u00e3o decretada pela ju\u00edza Patr\u00edcia Santos Firmo, ap\u00f3s pedido da Pol\u00edcia Civil, e foi encontrado escondido na casa de amigos.<\/p>\n\n\n\n<p>Desde 19 de mar\u00e7o, 15 mulheres registraram boletim de ocorr\u00eancia contra o tatuador, que vai responder pelo crime de viola\u00e7\u00e3o sexual mediante fraude.<\/p>\n\n\n\n<p>De acordo com a delegada Larissa Mascotte, respons\u00e1vel pela investiga\u00e7\u00e3o, mais mulheres entraram em contato com a pol\u00edcia e ao menos uma delas deve ser ouvida nesta segunda.<\/p>\n\n\n\n<h2 class=\"wp-block-heading\">Novos relatos<\/h2>\n\n\n\n<blockquote class=\"wp-block-quote is-layout-flow wp-block-quote-is-layout-flow\"><p>&#8220;Aconteceu comigo tamb\u00e9m! Ele foi fazer o desenho nas minhas costas e o membro dele ficava na minha cara grande parte do tempo&#8221;, disse uma das mulheres \u00e0 ativista Duda Salabert.<\/p><\/blockquote>\n\n\n\n<p>&#8220;Eu sou mais uma v\u00edtima dele! Infelizmente, minha tatuagem, que era para marcar algo com significado da minha f\u00e9, se tornou a marca mais feia do meu corpo&#8221;, relatou outra cliente.<\/p>\n\n\n\n<p>Os depoimentos de abuso se repetem e reafirmam o modo com que Leleco, apelido do profissional, usava para violar as mulheres durante as sess\u00f5es de tatuagem.<\/p>\n\n\n\n<p>Uma das mulheres disse que desistiu da terceira sess\u00e3o necess\u00e1ria para concluir a tatuagem ap\u00f3s o ass\u00e9dio:<\/p>\n\n\n\n<blockquote class=\"wp-block-quote is-layout-flow wp-block-quote-is-layout-flow\"><p>\u201cEm 2009, eu fiz uma tatuagem na coxa que teve duas sess\u00f5es (eram tr\u00eas, mas a terceira eu n\u00e3o compareci). Era muito nova, tinha 19 anos. Enquanto tatuava ele pegava minha bunda e depois come\u00e7ou a colocar o dedo na minha vagina. Eu ficava tentando demonstrar o desconforto, mas foi terr\u00edvel. [&#8230;] Na segunda sess\u00e3o, pedi que um amigo fosse me encontrar de t\u00e3o arrasada que eu estava. \u201d<\/p><\/blockquote>\n\n\n\n<figure class=\"wp-block-image\"><img decoding=\"async\" src=\"https:\/\/s2.glbimg.com\/gU0SxU6KfhAarSJEM1gr1KfM8tQ=\/0x0:1920x1080\/984x0\/smart\/filters:strip_icc()\/i.s3.glbimg.com\/v1\/AUTH_59edd422c0c84a879bd37670ae4f538a\/internal_photos\/bs\/2019\/l\/A\/PU7SkCQCWQZdV0Zc40tA\/slide2.jpg\" alt=\"V\u00edtimas relatam que foram abusadas durante sess\u00f5es de tatuagem. \u2014 Foto: Reprodu\u00e7\u00e3o\/Instagram\"\/><\/figure>\n\n\n\n<p>V\u00edtimas relatam que foram abusadas durante sess\u00f5es de tatuagem. \u2014 Foto: Reprodu\u00e7\u00e3o\/Instagram<\/p>\n\n\n\n<p>Outra mulher \u2013 que n\u00e3o mora em BH \u2013 disse que em 2007, com 17 anos, conheceu Leandro por interm\u00e9dio de um amigo. O tatuador disse para a jovem que faria o desenho nela, mesmo sem a autoriza\u00e7\u00e3o da m\u00e3e. Ele, ent\u00e3o, teria indicado que ela tatuasse a virilha ou c\u00f3ccix, local onde a m\u00e3e n\u00e3o veria. A jovem foi ao est\u00fadio e pediu que o desenho fosse testado no pesco\u00e7o, mas Leandro teria pedido para ela ficar s\u00f3 de calcinha:<\/p>\n\n\n\n<blockquote class=\"wp-block-quote is-layout-flow wp-block-quote-is-layout-flow\"><p>\u201cCheguei l\u00e1 e ele queria colar os decalques em mim. Disse que ia ficar melhor na virilha. A\u00ed quis testar na nuca e ele s\u00f3 falava na virilha, at\u00e9 que percebi que ele estava excitado, porque dava pra ver na cal\u00e7a. Ele insistia muito, eu s\u00f3 tinha 17 anos, me senti coagida, ele ent\u00e3o me fez tirar a cal\u00e7a para colar o decalque.\u201d<\/p><\/blockquote>\n\n\n\n<p>A v\u00edtima disse que aproveitou que outro cliente chegou ao est\u00fadio para escapar e nunca mais retornou.<\/p>\n\n\n\n<figure class=\"wp-block-image\"><img decoding=\"async\" src=\"https:\/\/s2.glbimg.com\/HJlDerYp0IylOpI18mYQq93gNv0=\/0x0:1920x1080\/984x0\/smart\/filters:strip_icc()\/i.s3.glbimg.com\/v1\/AUTH_59edd422c0c84a879bd37670ae4f538a\/internal_photos\/bs\/2019\/k\/6\/64ntYXSuG2VaOsPMz0TA\/slide3.jpg\" alt=\"Mulher disse que era menor de idade quando foi abusada por tatuador. \u2014 Foto: Reprodu\u00e7\u00e3o\/Instagram\"\/><\/figure>\n\n\n\n<p>Mulher disse que era menor de idade quando foi abusada por tatuador. \u2014 Foto: Reprodu\u00e7\u00e3o\/Instagram<\/p>\n\n\n\n<h2 class=\"wp-block-heading\">Leandro diz que \u00e9 inocente<\/h2>\n\n\n\n<figure class=\"wp-block-image\"><img decoding=\"async\" src=\"https:\/\/s2.glbimg.com\/zXN3uxtzs4u82zPKezuYCsLNbdk=\/0x0:1280x726\/984x0\/smart\/filters:strip_icc()\/i.s3.glbimg.com\/v1\/AUTH_59edd422c0c84a879bd37670ae4f538a\/internal_photos\/bs\/2019\/T\/n\/REWTmjQsiR33xB4mQgnw\/030e86bb-30dd-435b-94c4-42acdc21a608.jpg\" alt=\"Tatuador era considerado foragido e foi levado para delegacia na Regi\u00e3o Metropolitana \u2014 Foto: Daniel Galv\u00e3o\/TV Globo\"\/><\/figure>\n\n\n\n<p>Tatuador era considerado foragido e foi levado para delegacia na Regi\u00e3o Metropolitana \u2014 Foto: Daniel Galv\u00e3o\/TV Globo<\/p>\n\n\n\n<p><a href=\"https:\/\/g1.globo.com\/mg\/minas-gerais\/noticia\/2019\/03\/20\/policia-civil-abre-inquerito-para-investigar-tatuador-suspeito-de-assedio-em-belo-horizonte.ghtml\">O inqu\u00e9rito para investigar a conduta de Leandro<\/a>&nbsp;foi aberto no dia 20 de mar\u00e7o deste ano. A pris\u00e3o ocorreu no domingo (31), em Lagoa Santa.<\/p>\n\n\n\n<p>Ap\u00f3s a pris\u00e3o, Leandro conversou com rep\u00f3rter Carlos Eduardo Alvim, da TV Globo, e disse que vai provar sua inoc\u00eancia: \u201cEu sou tatuador h\u00e1 mais de 22 anos, estou no mesmo lugar h\u00e1 15 anos. Sempre respeitei a todos. Estou tranquilo, t\u00f4 com Deus e vou provar minha inoc\u00eancia\u201d.<\/p>\n\n\n\n<p>Ele ainda se diz v\u00edtima de linchamento virtual: \u201cMe condenaram antes mesmo de me ouvir. Eu acredito que eu tenho muito mais clientes que est\u00e3o me apoiando que estas pessoas que est\u00e3o me acusando.\u201d<\/p>\n","protected":false},"excerpt":{"rendered":"<p>Ap\u00f3s&nbsp;reportagem do Fant\u00e1stico,&nbsp;mais mulheres procuraram a Pol\u00edcia Civil e a ativista Duda Salabert para denunciar o tatuador Leandro Caldeira Alves Pereira, de 44 anos, por ass\u00e9dio sexual. A ativista publicou em redes sociais, nesta segunda-feira (1\u00ba), novos relatos de abuso. O tatuador, que \u00e9 dono de um est\u00fadio na Savassi, bairro nobre de Belo Horizonte, [&hellip;]<\/p>\n","protected":false},"author":2,"featured_media":4007,"comment_status":"open","ping_status":"open","sticky":false,"template":"","format":"standard","meta":{"advanced_seo_description":"","jetpack_seo_html_title":"","jetpack_seo_noindex":false,"_jetpack_memberships_contains_paid_content":false,"footnotes":""},"categories":[40],"tags":[],"class_list":{"0":"post-4003","1":"post","2":"type-post","3":"status-publish","4":"format-standard","5":"has-post-thumbnail","7":"category-destaques"},"jetpack_featured_media_url":"https:\/\/www.paranapraia.com.br\/wp-content\/uploads\/2019\/04\/tatu.jpg","jetpack_sharing_enabled":true,"_links":{"self":[{"href":"https:\/\/www.paranapraia.com.br\/index.php\/wp-json\/wp\/v2\/posts\/4003"}],"collection":[{"href":"https:\/\/www.paranapraia.com.br\/index.php\/wp-json\/wp\/v2\/posts"}],"about":[{"href":"https:\/\/www.paranapraia.com.br\/index.php\/wp-json\/wp\/v2\/types\/post"}],"author":[{"embeddable":true,"href":"https:\/\/www.paranapraia.com.br\/index.php\/wp-json\/wp\/v2\/users\/2"}],"replies":[{"embeddable":true,"href":"https:\/\/www.paranapraia.com.br\/index.php\/wp-json\/wp\/v2\/comments?post=4003"}],"version-history":[{"count":1,"href":"https:\/\/www.paranapraia.com.br\/index.php\/wp-json\/wp\/v2\/posts\/4003\/revisions"}],"predecessor-version":[{"id":4008,"href":"https:\/\/www.paranapraia.com.br\/index.php\/wp-json\/wp\/v2\/posts\/4003\/revisions\/4008"}],"wp:featuredmedia":[{"embeddable":true,"href":"https:\/\/www.paranapraia.com.br\/index.php\/wp-json\/wp\/v2\/media\/4007"}],"wp:attachment":[{"href":"https:\/\/www.paranapraia.com.br\/index.php\/wp-json\/wp\/v2\/media?parent=4003"}],"wp:term":[{"taxonomy":"category","embeddable":true,"href":"https:\/\/www.paranapraia.com.br\/index.php\/wp-json\/wp\/v2\/categories?post=4003"},{"taxonomy":"post_tag","embeddable":true,"href":"https:\/\/www.paranapraia.com.br\/index.php\/wp-json\/wp\/v2\/tags?post=4003"}],"curies":[{"name":"wp","href":"https:\/\/api.w.org\/{rel}","templated":true}]}}