{"id":40027,"date":"2022-08-30T15:24:05","date_gmt":"2022-08-30T18:24:05","guid":{"rendered":"https:\/\/www.paranapraia.com.br\/?p=40027"},"modified":"2022-08-30T15:24:06","modified_gmt":"2022-08-30T18:24:06","slug":"representantes-do-senac-reforcam-parceria-com-a-prefeitura-de-matinhos","status":"publish","type":"post","link":"https:\/\/www.paranapraia.com.br\/index.php\/2022\/08\/30\/representantes-do-senac-reforcam-parceria-com-a-prefeitura-de-matinhos\/","title":{"rendered":"Representantes do SENAC refor\u00e7am parceria com a Prefeitura de Matinhos"},"content":{"rendered":"\n<p>O prefeito Z\u00e9 da Ecler recebeu nesta ter\u00e7a-feira (30) representantes do SENAC. Estiveram no gabinete Sandro Robson Chaim e Bruno Dami\u00e3o. <\/p>\n\n\n\n<p>No encontro, eles refor\u00e7aram a parceria do SENAC com a Administra\u00e7\u00e3o Municipal.Foi entregue ao prefeito o relat\u00f3rio de gest\u00e3o do SENAC, com tudo o que foi feito pela entidade em 2021. <\/p>\n\n\n\n<p>Tamb\u00e9m foram apresentadas as a\u00e7\u00f5es que o SENAC pretende colocar em pr\u00e1tica no futuro. Recentemente, foi conclu\u00eddo no CCP M\u00e1rio Braga o curso de Preparo de Salgados. <\/p>\n\n\n\n<figure class=\"wp-block-image size-large\"><img loading=\"lazy\" decoding=\"async\" width=\"1024\" height=\"1024\" src=\"https:\/\/www.paranapraia.com.br\/wp-content\/uploads\/2022\/08\/301960826_1789525691389997_6980427785863763849_n-1024x1024.jpg\" alt=\"\" class=\"wp-image-40029\" srcset=\"https:\/\/www.paranapraia.com.br\/wp-content\/uploads\/2022\/08\/301960826_1789525691389997_6980427785863763849_n-1024x1024.jpg 1024w, https:\/\/www.paranapraia.com.br\/wp-content\/uploads\/2022\/08\/301960826_1789525691389997_6980427785863763849_n-300x300.jpg 300w, https:\/\/www.paranapraia.com.br\/wp-content\/uploads\/2022\/08\/301960826_1789525691389997_6980427785863763849_n-150x150.jpg 150w, https:\/\/www.paranapraia.com.br\/wp-content\/uploads\/2022\/08\/301960826_1789525691389997_6980427785863763849_n-768x768.jpg 768w, https:\/\/www.paranapraia.com.br\/wp-content\/uploads\/2022\/08\/301960826_1789525691389997_6980427785863763849_n-696x696.jpg 696w, https:\/\/www.paranapraia.com.br\/wp-content\/uploads\/2022\/08\/301960826_1789525691389997_6980427785863763849_n-1068x1068.jpg 1068w, https:\/\/www.paranapraia.com.br\/wp-content\/uploads\/2022\/08\/301960826_1789525691389997_6980427785863763849_n-420x420.jpg 420w, https:\/\/www.paranapraia.com.br\/wp-content\/uploads\/2022\/08\/301960826_1789525691389997_6980427785863763849_n.jpg 1440w\" sizes=\"(max-width: 1024px) 100vw, 1024px\" \/><\/figure>\n\n\n\n<p>E nesta ter\u00e7a, mais uma capacita\u00e7\u00e3o foi finalizada: a de Qualidade no Atendimento ao Turista.Sandro Chaim ainda informou que o pr\u00f3ximo curso que ir\u00e1 se iniciar no CCP ser\u00e1 o de Assistente Administrativo. <\/p>\n\n\n\n<p>A capacita\u00e7\u00e3o ter\u00e1 carga hor\u00e1ria de 30 horas e come\u00e7a no pr\u00f3ximo dia 5. O prefeito Z\u00e9 da Ecler voltou a citar o investimento feito para a reforma do CCP M\u00e1rio Braga. <\/p>\n\n\n\n<figure class=\"wp-block-image size-large\"><img loading=\"lazy\" decoding=\"async\" width=\"1024\" height=\"1024\" src=\"https:\/\/www.paranapraia.com.br\/wp-content\/uploads\/2022\/08\/302178557_1789525684723331_6728375330721862909_n-1024x1024.jpg\" alt=\"\" class=\"wp-image-40030\" srcset=\"https:\/\/www.paranapraia.com.br\/wp-content\/uploads\/2022\/08\/302178557_1789525684723331_6728375330721862909_n-1024x1024.jpg 1024w, https:\/\/www.paranapraia.com.br\/wp-content\/uploads\/2022\/08\/302178557_1789525684723331_6728375330721862909_n-300x300.jpg 300w, https:\/\/www.paranapraia.com.br\/wp-content\/uploads\/2022\/08\/302178557_1789525684723331_6728375330721862909_n-150x150.jpg 150w, https:\/\/www.paranapraia.com.br\/wp-content\/uploads\/2022\/08\/302178557_1789525684723331_6728375330721862909_n-768x768.jpg 768w, https:\/\/www.paranapraia.com.br\/wp-content\/uploads\/2022\/08\/302178557_1789525684723331_6728375330721862909_n-696x696.jpg 696w, https:\/\/www.paranapraia.com.br\/wp-content\/uploads\/2022\/08\/302178557_1789525684723331_6728375330721862909_n-1068x1068.jpg 1068w, https:\/\/www.paranapraia.com.br\/wp-content\/uploads\/2022\/08\/302178557_1789525684723331_6728375330721862909_n-420x420.jpg 420w, https:\/\/www.paranapraia.com.br\/wp-content\/uploads\/2022\/08\/302178557_1789525684723331_6728375330721862909_n.jpg 1440w\" sizes=\"(max-width: 1024px) 100vw, 1024px\" \/><\/figure>\n\n\n\n<p>Ele lembrou que o espa\u00e7o estava fechado h\u00e1 muitos anos. E agora, em sua gest\u00e3o, volta \u00e0s suas atividades.Em Matinhos, os cursos do SENAC s\u00e3o ofertados em parceria com a Secretaria Municipal de Assist\u00eancia Social. Na reuni\u00e3o desta ter\u00e7a-feira, tamb\u00e9m participaram os vereadores Almir (PROS) e Leandro Bertoti (PODE).<\/p>\n\n\n\n<p>Departamento de Comunica\u00e7\u00e3o<\/p>\n\n\n\n<p>Prefeitura de Matinhos<\/p>\n","protected":false},"excerpt":{"rendered":"<p>O prefeito Z\u00e9 da Ecler recebeu nesta ter\u00e7a-feira (30) representantes do SENAC. Estiveram no gabinete Sandro Robson Chaim e Bruno Dami\u00e3o. No encontro, eles refor\u00e7aram a parceria do SENAC com a Administra\u00e7\u00e3o Municipal.Foi entregue ao prefeito o relat\u00f3rio de gest\u00e3o do SENAC, com tudo o que foi feito pela entidade em 2021. Tamb\u00e9m foram apresentadas [&hellip;]<\/p>\n","protected":false},"author":2,"featured_media":40028,"comment_status":"open","ping_status":"open","sticky":false,"template":"","format":"standard","meta":{"advanced_seo_description":"","jetpack_seo_html_title":"","jetpack_seo_noindex":false,"_jetpack_memberships_contains_paid_content":false,"footnotes":""},"categories":[40],"tags":[],"class_list":{"0":"post-40027","1":"post","2":"type-post","3":"status-publish","4":"format-standard","5":"has-post-thumbnail","7":"category-destaques"},"jetpack_featured_media_url":"https:\/\/www.paranapraia.com.br\/wp-content\/uploads\/2022\/08\/301645514_1789525681389998_5162169830723849859_n.jpg","jetpack_sharing_enabled":true,"_links":{"self":[{"href":"https:\/\/www.paranapraia.com.br\/index.php\/wp-json\/wp\/v2\/posts\/40027"}],"collection":[{"href":"https:\/\/www.paranapraia.com.br\/index.php\/wp-json\/wp\/v2\/posts"}],"about":[{"href":"https:\/\/www.paranapraia.com.br\/index.php\/wp-json\/wp\/v2\/types\/post"}],"author":[{"embeddable":true,"href":"https:\/\/www.paranapraia.com.br\/index.php\/wp-json\/wp\/v2\/users\/2"}],"replies":[{"embeddable":true,"href":"https:\/\/www.paranapraia.com.br\/index.php\/wp-json\/wp\/v2\/comments?post=40027"}],"version-history":[{"count":1,"href":"https:\/\/www.paranapraia.com.br\/index.php\/wp-json\/wp\/v2\/posts\/40027\/revisions"}],"predecessor-version":[{"id":40031,"href":"https:\/\/www.paranapraia.com.br\/index.php\/wp-json\/wp\/v2\/posts\/40027\/revisions\/40031"}],"wp:featuredmedia":[{"embeddable":true,"href":"https:\/\/www.paranapraia.com.br\/index.php\/wp-json\/wp\/v2\/media\/40028"}],"wp:attachment":[{"href":"https:\/\/www.paranapraia.com.br\/index.php\/wp-json\/wp\/v2\/media?parent=40027"}],"wp:term":[{"taxonomy":"category","embeddable":true,"href":"https:\/\/www.paranapraia.com.br\/index.php\/wp-json\/wp\/v2\/categories?post=40027"},{"taxonomy":"post_tag","embeddable":true,"href":"https:\/\/www.paranapraia.com.br\/index.php\/wp-json\/wp\/v2\/tags?post=40027"}],"curies":[{"name":"wp","href":"https:\/\/api.w.org\/{rel}","templated":true}]}}