{"id":40022,"date":"2022-08-30T14:34:50","date_gmt":"2022-08-30T17:34:50","guid":{"rendered":"https:\/\/www.paranapraia.com.br\/?p=40022"},"modified":"2022-08-30T14:34:51","modified_gmt":"2022-08-30T17:34:51","slug":"por-iniciativa-da-prefeitura-de-matinhos-alunos-de-escolas-e-cmeis-poderao-assistir-apresentacoes-do-circo-esta-semana","status":"publish","type":"post","link":"https:\/\/www.paranapraia.com.br\/index.php\/2022\/08\/30\/por-iniciativa-da-prefeitura-de-matinhos-alunos-de-escolas-e-cmeis-poderao-assistir-apresentacoes-do-circo-esta-semana\/","title":{"rendered":"Por iniciativa da prefeitura de Matinhos, alunos de escolas e CMEI\u2019s poder\u00e3o assistir apresenta\u00e7\u00f5es do circo esta semana"},"content":{"rendered":"\n<p>As crian\u00e7as das escolas municipais e CMEI\u2019s de Matinhos poder\u00e3o assistir aos espet\u00e1culos do Circo Ferrari. A iniciativa \u00e9 da Prefeitura de Matinhos, por meio da Secretaria de Educa\u00e7\u00e3o. <\/p>\n\n\n\n<p>Mais de 5 mil alunos da rede municipal de ensino poder\u00e3o acompanhar as apresenta\u00e7\u00f5es durante esta semana. Para isso, foi planejada uma log\u00edstica com o transporte escolar para que elas sejam levadas ao circo.&#8221;A iniciativa de levar a cultura do circo \u00e0s crian\u00e7as \u00e9 um pedido especial do prefeito Z\u00e9 da Ecler e da primeira-dama Regina Viana. N\u00f3s vamos oportunizar esta arte para todas as crian\u00e7as do munic\u00edpio. Elas vir\u00e3o at\u00e9 aqui, para participar dos espet\u00e1culos&#8221;, disse o secret\u00e1rio de Educa\u00e7\u00e3o, M\u00e1rio Braga.<\/p>\n\n\n\n<figure class=\"wp-block-image size-large\"><img loading=\"lazy\" decoding=\"async\" width=\"1024\" height=\"768\" src=\"https:\/\/www.paranapraia.com.br\/wp-content\/uploads\/2022\/08\/1661878226186-1024x768.jpg\" alt=\"\" class=\"wp-image-40024\" srcset=\"https:\/\/www.paranapraia.com.br\/wp-content\/uploads\/2022\/08\/1661878226186-1024x768.jpg 1024w, https:\/\/www.paranapraia.com.br\/wp-content\/uploads\/2022\/08\/1661878226186-300x225.jpg 300w, https:\/\/www.paranapraia.com.br\/wp-content\/uploads\/2022\/08\/1661878226186-768x576.jpg 768w, https:\/\/www.paranapraia.com.br\/wp-content\/uploads\/2022\/08\/1661878226186-1536x1152.jpg 1536w, https:\/\/www.paranapraia.com.br\/wp-content\/uploads\/2022\/08\/1661878226186-2048x1536.jpg 2048w, https:\/\/www.paranapraia.com.br\/wp-content\/uploads\/2022\/08\/1661878226186-80x60.jpg 80w, https:\/\/www.paranapraia.com.br\/wp-content\/uploads\/2022\/08\/1661878226186-265x198.jpg 265w, https:\/\/www.paranapraia.com.br\/wp-content\/uploads\/2022\/08\/1661878226186-696x522.jpg 696w, https:\/\/www.paranapraia.com.br\/wp-content\/uploads\/2022\/08\/1661878226186-1068x801.jpg 1068w, https:\/\/www.paranapraia.com.br\/wp-content\/uploads\/2022\/08\/1661878226186-560x420.jpg 560w\" sizes=\"(max-width: 1024px) 100vw, 1024px\" \/><\/figure>\n\n\n\n<p>A programa\u00e7\u00e3o montada pela pasta de Educa\u00e7\u00e3o foi aberta na tarde desta segunda-feira (29), com as escolas Francisco dos Santos J\u00fanior, Wallace Tadeu de Mello e Silva e Leoc\u00e1dia Santos. Al\u00e9m disso, os alunos da APAE de Matinhos tamb\u00e9m assistiram \u00e0 apresenta\u00e7\u00e3o.Nesta ter\u00e7a-feira (30), ser\u00e1 a vez das escolas Monteiro Lobato, Luiz Carlos dos Santos, Oito de Maio e Wallace Tadeu durante a manh\u00e3. <\/p>\n\n\n\n<p>Na parte da tarde, acompanham o circo as crian\u00e7as das escolas Elias Abrah\u00e3o, Luiz Carlos dos Santos, al\u00e9m dos CMEI\u2019s Junara, Sarah Mesquita, Pingo de Gente e Gigi Bonatto.Na quarta-feira (31) de manh\u00e3, ser\u00e3o as crian\u00e7as dos Ber\u00e7\u00e1rios 1 e 2, e do Maternal 1 que poder\u00e3o assistir aos espet\u00e1culos. Para esta apresenta\u00e7\u00e3o, as crian\u00e7as dever\u00e3o ser levadas pelos pais. No per\u00edodo da tarde, as escolas e CMEI\u2019s s\u00e3o: Oito de Maio, Bolinha de Neve, Estrela Cintilante, Rosa Maria, Sininho Dourado, Reino da Alegria, Raquel Silvino, Caminho Alegre, Jos\u00e9 Wigando Mendes (Lol\u00f3), Quatro de Mar\u00e7o e Caetana Paranho.Na quinta-feira (1.\u00ba de setembro) a apresenta\u00e7\u00e3o ser\u00e1 na parte da manh\u00e3.<\/p>\n\n\n\n<figure class=\"wp-block-image size-large\"><img loading=\"lazy\" decoding=\"async\" width=\"1024\" height=\"768\" src=\"https:\/\/www.paranapraia.com.br\/wp-content\/uploads\/2022\/08\/1661879149763-1024x768.jpg\" alt=\"\" class=\"wp-image-40025\" srcset=\"https:\/\/www.paranapraia.com.br\/wp-content\/uploads\/2022\/08\/1661879149763-1024x768.jpg 1024w, https:\/\/www.paranapraia.com.br\/wp-content\/uploads\/2022\/08\/1661879149763-300x225.jpg 300w, https:\/\/www.paranapraia.com.br\/wp-content\/uploads\/2022\/08\/1661879149763-768x576.jpg 768w, https:\/\/www.paranapraia.com.br\/wp-content\/uploads\/2022\/08\/1661879149763-1536x1152.jpg 1536w, https:\/\/www.paranapraia.com.br\/wp-content\/uploads\/2022\/08\/1661879149763-2048x1536.jpg 2048w, https:\/\/www.paranapraia.com.br\/wp-content\/uploads\/2022\/08\/1661879149763-80x60.jpg 80w, https:\/\/www.paranapraia.com.br\/wp-content\/uploads\/2022\/08\/1661879149763-265x198.jpg 265w, https:\/\/www.paranapraia.com.br\/wp-content\/uploads\/2022\/08\/1661879149763-696x522.jpg 696w, https:\/\/www.paranapraia.com.br\/wp-content\/uploads\/2022\/08\/1661879149763-1068x801.jpg 1068w, https:\/\/www.paranapraia.com.br\/wp-content\/uploads\/2022\/08\/1661879149763-560x420.jpg 560w\" sizes=\"(max-width: 1024px) 100vw, 1024px\" \/><\/figure>\n\n\n\n<p> Comparecer\u00e3o os alunos das escolas e CMEI\u2019s: Caminho Alegre, Jos\u00e9 Wigando (Lol\u00f3), Raquel Silvino, Quatro de Mar\u00e7o, Reino da Alegria, Leocadia dos Santos, Sininho Dourado, Rosa Maria, Estrela Cintilante, Gigi Bonatto, Pingo de Gente, Bolinha de Neve, Sarah Mesquita e Junara.A programa\u00e7\u00e3o se encerra na manh\u00e3 de sexta-feira (2 de setembro), com as escolas Caetana Paranhos, Francisco dos Santos Junior e Elias Abrah\u00e3o. As apresenta\u00e7\u00f5es na parte da manh\u00e3 come\u00e7am \u00e0s 9 horas. No per\u00edodo da tarde, elas t\u00eam in\u00edcio \u00e0s 14 horas.<\/p>\n\n\n\n<p>Departamento de Comunica\u00e7\u00e3o<\/p>\n\n\n\n<p>Prefeitura de Matinhos<\/p>\n\n\n\n<p><\/p>\n","protected":false},"excerpt":{"rendered":"<p>As crian\u00e7as das escolas municipais e CMEI\u2019s de Matinhos poder\u00e3o assistir aos espet\u00e1culos do Circo Ferrari. A iniciativa \u00e9 da Prefeitura de Matinhos, por meio da Secretaria de Educa\u00e7\u00e3o. Mais de 5 mil alunos da rede municipal de ensino poder\u00e3o acompanhar as apresenta\u00e7\u00f5es durante esta semana. Para isso, foi planejada uma log\u00edstica com o transporte [&hellip;]<\/p>\n","protected":false},"author":2,"featured_media":40023,"comment_status":"open","ping_status":"open","sticky":false,"template":"","format":"standard","meta":{"advanced_seo_description":"","jetpack_seo_html_title":"","jetpack_seo_noindex":false,"_jetpack_memberships_contains_paid_content":false,"footnotes":""},"categories":[40],"tags":[],"class_list":{"0":"post-40022","1":"post","2":"type-post","3":"status-publish","4":"format-standard","5":"has-post-thumbnail","7":"category-destaques"},"jetpack_featured_media_url":"https:\/\/www.paranapraia.com.br\/wp-content\/uploads\/2022\/08\/1661878226156-scaled.jpg","jetpack_sharing_enabled":true,"_links":{"self":[{"href":"https:\/\/www.paranapraia.com.br\/index.php\/wp-json\/wp\/v2\/posts\/40022"}],"collection":[{"href":"https:\/\/www.paranapraia.com.br\/index.php\/wp-json\/wp\/v2\/posts"}],"about":[{"href":"https:\/\/www.paranapraia.com.br\/index.php\/wp-json\/wp\/v2\/types\/post"}],"author":[{"embeddable":true,"href":"https:\/\/www.paranapraia.com.br\/index.php\/wp-json\/wp\/v2\/users\/2"}],"replies":[{"embeddable":true,"href":"https:\/\/www.paranapraia.com.br\/index.php\/wp-json\/wp\/v2\/comments?post=40022"}],"version-history":[{"count":1,"href":"https:\/\/www.paranapraia.com.br\/index.php\/wp-json\/wp\/v2\/posts\/40022\/revisions"}],"predecessor-version":[{"id":40026,"href":"https:\/\/www.paranapraia.com.br\/index.php\/wp-json\/wp\/v2\/posts\/40022\/revisions\/40026"}],"wp:featuredmedia":[{"embeddable":true,"href":"https:\/\/www.paranapraia.com.br\/index.php\/wp-json\/wp\/v2\/media\/40023"}],"wp:attachment":[{"href":"https:\/\/www.paranapraia.com.br\/index.php\/wp-json\/wp\/v2\/media?parent=40022"}],"wp:term":[{"taxonomy":"category","embeddable":true,"href":"https:\/\/www.paranapraia.com.br\/index.php\/wp-json\/wp\/v2\/categories?post=40022"},{"taxonomy":"post_tag","embeddable":true,"href":"https:\/\/www.paranapraia.com.br\/index.php\/wp-json\/wp\/v2\/tags?post=40022"}],"curies":[{"name":"wp","href":"https:\/\/api.w.org\/{rel}","templated":true}]}}