{"id":40006,"date":"2022-08-25T13:46:47","date_gmt":"2022-08-25T16:46:47","guid":{"rendered":"https:\/\/www.paranapraia.com.br\/?p=40006"},"modified":"2022-08-25T13:46:49","modified_gmt":"2022-08-25T16:46:49","slug":"secretaria-do-meio-ambiente-e-pm-atuam-em-ocorrencia-de-desmatamento-de-vegetacao-nativa-em-matinhos","status":"publish","type":"post","link":"https:\/\/www.paranapraia.com.br\/index.php\/2022\/08\/25\/secretaria-do-meio-ambiente-e-pm-atuam-em-ocorrencia-de-desmatamento-de-vegetacao-nativa-em-matinhos\/","title":{"rendered":"Secretaria do Meio Ambiente e PM atuam em ocorr\u00eancia de desmatamento de vegeta\u00e7\u00e3o nativa em Matinhos"},"content":{"rendered":"\n<p>Uma ocorr\u00eancia de desmatamento de vegeta\u00e7\u00e3o nativa foi registrada no in\u00edcio desta semana em Matinhos. Foi na segunda-feira (24), na Rua Jardim Eliza, no Balne\u00e1rio Costa Azul. A pr\u00e1tica no local j\u00e1 havia sido denunciada para a Secretaria Municipal do Meio Ambiente.<\/p>\n\n\n\n<figure class=\"wp-block-image size-large\"><img loading=\"lazy\" decoding=\"async\" width=\"1024\" height=\"576\" src=\"https:\/\/www.paranapraia.com.br\/wp-content\/uploads\/2022\/08\/300416646_1785886685087231_5361707025280494027_n-1024x576.jpg\" alt=\"\" class=\"wp-image-40008\" srcset=\"https:\/\/www.paranapraia.com.br\/wp-content\/uploads\/2022\/08\/300416646_1785886685087231_5361707025280494027_n-1024x576.jpg 1024w, https:\/\/www.paranapraia.com.br\/wp-content\/uploads\/2022\/08\/300416646_1785886685087231_5361707025280494027_n-300x169.jpg 300w, https:\/\/www.paranapraia.com.br\/wp-content\/uploads\/2022\/08\/300416646_1785886685087231_5361707025280494027_n-768x432.jpg 768w, https:\/\/www.paranapraia.com.br\/wp-content\/uploads\/2022\/08\/300416646_1785886685087231_5361707025280494027_n-696x392.jpg 696w, https:\/\/www.paranapraia.com.br\/wp-content\/uploads\/2022\/08\/300416646_1785886685087231_5361707025280494027_n-1068x601.jpg 1068w, https:\/\/www.paranapraia.com.br\/wp-content\/uploads\/2022\/08\/300416646_1785886685087231_5361707025280494027_n-747x420.jpg 747w, https:\/\/www.paranapraia.com.br\/wp-content\/uploads\/2022\/08\/300416646_1785886685087231_5361707025280494027_n.jpg 1280w\" sizes=\"(max-width: 1024px) 100vw, 1024px\" \/><\/figure>\n\n\n\n<p>Segundo informa\u00e7\u00f5es, uma equipe da Pol\u00edcia Militar foi at\u00e9 o local e, vendo alguns homens praticando o desmatamento e encontrando ferramentas escondidas no meio da vegeta\u00e7\u00e3o, chamou a Secretaria. Na sequ\u00eancia, os abordados e as ferramentas foram levados \u00e0 Delegacia Cidad\u00e3, onde foi feito um boletim de ocorr\u00eancia.As ferramentas foram apreendidas. <\/p>\n\n\n\n<p>A pasta do Meio Ambiente ainda informou que todos os que estavam fazendo o desmatamento sem licen\u00e7a receberam multa ambiental.<\/p>\n\n\n\n<p>Departamento de Comunica\u00e7\u00e3o<\/p>\n\n\n\n<p>Prefeitura de Matinhos<\/p>\n\n\n\n<p><\/p>\n","protected":false},"excerpt":{"rendered":"<p>Uma ocorr\u00eancia de desmatamento de vegeta\u00e7\u00e3o nativa foi registrada no in\u00edcio desta semana em Matinhos. Foi na segunda-feira (24), na Rua Jardim Eliza, no Balne\u00e1rio Costa Azul. A pr\u00e1tica no local j\u00e1 havia sido denunciada para a Secretaria Municipal do Meio Ambiente. Segundo informa\u00e7\u00f5es, uma equipe da Pol\u00edcia Militar foi at\u00e9 o local e, vendo [&hellip;]<\/p>\n","protected":false},"author":2,"featured_media":40007,"comment_status":"open","ping_status":"open","sticky":false,"template":"","format":"standard","meta":{"advanced_seo_description":"","jetpack_seo_html_title":"","jetpack_seo_noindex":false,"_jetpack_memberships_contains_paid_content":false,"footnotes":""},"categories":[40],"tags":[],"class_list":{"0":"post-40006","1":"post","2":"type-post","3":"status-publish","4":"format-standard","5":"has-post-thumbnail","7":"category-destaques"},"jetpack_featured_media_url":"https:\/\/www.paranapraia.com.br\/wp-content\/uploads\/2022\/08\/300272342_1785886691753897_73115071458334713_n.jpg","jetpack_sharing_enabled":true,"_links":{"self":[{"href":"https:\/\/www.paranapraia.com.br\/index.php\/wp-json\/wp\/v2\/posts\/40006"}],"collection":[{"href":"https:\/\/www.paranapraia.com.br\/index.php\/wp-json\/wp\/v2\/posts"}],"about":[{"href":"https:\/\/www.paranapraia.com.br\/index.php\/wp-json\/wp\/v2\/types\/post"}],"author":[{"embeddable":true,"href":"https:\/\/www.paranapraia.com.br\/index.php\/wp-json\/wp\/v2\/users\/2"}],"replies":[{"embeddable":true,"href":"https:\/\/www.paranapraia.com.br\/index.php\/wp-json\/wp\/v2\/comments?post=40006"}],"version-history":[{"count":1,"href":"https:\/\/www.paranapraia.com.br\/index.php\/wp-json\/wp\/v2\/posts\/40006\/revisions"}],"predecessor-version":[{"id":40009,"href":"https:\/\/www.paranapraia.com.br\/index.php\/wp-json\/wp\/v2\/posts\/40006\/revisions\/40009"}],"wp:featuredmedia":[{"embeddable":true,"href":"https:\/\/www.paranapraia.com.br\/index.php\/wp-json\/wp\/v2\/media\/40007"}],"wp:attachment":[{"href":"https:\/\/www.paranapraia.com.br\/index.php\/wp-json\/wp\/v2\/media?parent=40006"}],"wp:term":[{"taxonomy":"category","embeddable":true,"href":"https:\/\/www.paranapraia.com.br\/index.php\/wp-json\/wp\/v2\/categories?post=40006"},{"taxonomy":"post_tag","embeddable":true,"href":"https:\/\/www.paranapraia.com.br\/index.php\/wp-json\/wp\/v2\/tags?post=40006"}],"curies":[{"name":"wp","href":"https:\/\/api.w.org\/{rel}","templated":true}]}}