{"id":40000,"date":"2022-08-24T16:14:01","date_gmt":"2022-08-24T19:14:01","guid":{"rendered":"https:\/\/www.paranapraia.com.br\/?p=40000"},"modified":"2022-08-24T16:14:02","modified_gmt":"2022-08-24T19:14:02","slug":"litoral-do-parana-tem-nova-mobilizacao-de-tubulacao-entre-as-praias","status":"publish","type":"post","link":"https:\/\/www.paranapraia.com.br\/index.php\/2022\/08\/24\/litoral-do-parana-tem-nova-mobilizacao-de-tubulacao-entre-as-praias\/","title":{"rendered":"Litoral do Paran\u00e1 tem nova mobiliza\u00e7\u00e3o de tubula\u00e7\u00e3o entre as praias"},"content":{"rendered":"\n<p>Desde o in\u00edcio dessa semana, moradores e visitantes de Matinhos, no Litoral do Paran\u00e1, se deparam com a movimenta\u00e7\u00e3o dos 4,4 km de tubos de a\u00e7o utilizados para a dragagem da areia, que resulta no alargamento da faixa de areia em at\u00e9 100 metros.Os tubos s\u00e3o transferidos da praia de Caiob\u00e1 &#8211; onde j\u00e1 foi finalizada a engorda da praia em uma extens\u00e3o de 1800 metros, com o acr\u00e9scimo de um milh\u00e3o de metros c\u00fabicos de areia -, para os Balne\u00e1rios de Matinhos.A tubula\u00e7\u00e3o de terra j\u00e1 foi realizada.<\/p>\n\n\n\n<p> A movimenta\u00e7\u00e3o por \u00e1gua deve iniciar nesta quinta-feira (25), com a transfer\u00eancia da tubula\u00e7\u00e3o soldada medindo 2,6 km. Todo o processo \u00e9 bastante minucioso e depende de condi\u00e7\u00f5es clim\u00e1ticas favor\u00e1veis.Trata-se da mesma movimenta\u00e7\u00e3o que ocorreu no m\u00eas de maio deste ano, quando os tubos foram deslocados dos Balne\u00e1rios sentido praia de Caiob\u00e1. Portanto, trechos da praia devem ser bloqueados para acesso p\u00fablico, a fim de garantir a seguran\u00e7a de moradores e visitantes.Agora, eles ficam nos Balne\u00e1rios at\u00e9 a chegada do navio Galileo Galilei para dar in\u00edcio ao processo de engorda da faixa de areia do Pico do Matinhos at\u00e9 o Balne\u00e1rio Fl\u00f3rida.<\/p>\n\n\n\n<p> S\u00e3o 4,5 km de engordamento, totalizando 6,3 km de praia alargada em todo o Litoral paranaense.A previs\u00e3o \u00e9 que o navio se desloque ao Paran\u00e1 at\u00e9 o final deste m\u00eas. Ele se encontra no Estado do Rio de Janeiro, onde faz manuten\u00e7\u00e3o para retornar ao litoral paranaense. <\/p>\n\n\n\n<p>A previs\u00e3o \u00e9 que os trabalhos de engordamento da faixa de areia no Litoral seja finalizado no m\u00eas de novembro deste ano.<\/p>\n\n\n\n<p><strong>AVAN\u00c7O<\/strong> \u2013 Mesmo com a prepara\u00e7\u00e3o dos Balne\u00e1rios para a chegada do navio, continuam as interven\u00e7\u00f5es na praia de Caiob\u00e1. S\u00e3o realizados o plantio de restinga, o in\u00edcio do paisagismo, o acompanhamento da estabiliza\u00e7\u00e3o da areia no trecho que ganhou o alargamento, e a constru\u00e7\u00e3o do espig\u00e3o no Pico de Matinhos.OBRAS &#8211; As obras da Orla de Matinhos, no Litoral do Estado, t\u00eam investimento total de R$ 314,9 milh\u00f5es e devem ser executadas at\u00e9 o segundo semestre de 2024.<\/p>\n\n\n\n<p> O investimento do Governo do Estado tem o objetivo de minimizar os impactos gerados pela combina\u00e7\u00e3o de desequil\u00edbrio de sedimentos, ocupa\u00e7\u00f5es mal planejadas e ressacas no Litoral, que comprometeram boa parte da infraestrutura urbana, tur\u00edstica e de lazer na regi\u00e3o.Al\u00e9m da engorda da faixa de areia por meio de aterro hidr\u00e1ulico, est\u00e3o previstas estruturas mar\u00edtimas semirr\u00edgidas, canais de macrodrenagem e redes de microdrenagem, e revitaliza\u00e7\u00e3o urban\u00edstica da praia e da cal\u00e7ada com o plantio de \u00e1rvores nativas. Tamb\u00e9m ser\u00e3o realizadas melhorias na pavimenta\u00e7\u00e3o asf\u00e1ltica e a recupera\u00e7\u00e3o de vias.<\/p>\n\n\n\n<p>Com informa\u00e7\u00f5es do Instituto \u00c1gua e Terra<\/p>\n\n\n\n<p><\/p>\n","protected":false},"excerpt":{"rendered":"<p>Desde o in\u00edcio dessa semana, moradores e visitantes de Matinhos, no Litoral do Paran\u00e1, se deparam com a movimenta\u00e7\u00e3o dos 4,4 km de tubos de a\u00e7o utilizados para a dragagem da areia, que resulta no alargamento da faixa de areia em at\u00e9 100 metros.Os tubos s\u00e3o transferidos da praia de Caiob\u00e1 &#8211; onde j\u00e1 foi [&hellip;]<\/p>\n","protected":false},"author":2,"featured_media":40001,"comment_status":"open","ping_status":"open","sticky":false,"template":"","format":"standard","meta":{"advanced_seo_description":"","jetpack_seo_html_title":"","jetpack_seo_noindex":false,"_jetpack_memberships_contains_paid_content":false,"footnotes":""},"categories":[40],"tags":[],"class_list":{"0":"post-40000","1":"post","2":"type-post","3":"status-publish","4":"format-standard","5":"has-post-thumbnail","7":"category-destaques"},"jetpack_featured_media_url":"https:\/\/www.paranapraia.com.br\/wp-content\/uploads\/2022\/08\/300387632_1785281208481112_3195171441982635013_n.jpg","jetpack_sharing_enabled":true,"_links":{"self":[{"href":"https:\/\/www.paranapraia.com.br\/index.php\/wp-json\/wp\/v2\/posts\/40000"}],"collection":[{"href":"https:\/\/www.paranapraia.com.br\/index.php\/wp-json\/wp\/v2\/posts"}],"about":[{"href":"https:\/\/www.paranapraia.com.br\/index.php\/wp-json\/wp\/v2\/types\/post"}],"author":[{"embeddable":true,"href":"https:\/\/www.paranapraia.com.br\/index.php\/wp-json\/wp\/v2\/users\/2"}],"replies":[{"embeddable":true,"href":"https:\/\/www.paranapraia.com.br\/index.php\/wp-json\/wp\/v2\/comments?post=40000"}],"version-history":[{"count":1,"href":"https:\/\/www.paranapraia.com.br\/index.php\/wp-json\/wp\/v2\/posts\/40000\/revisions"}],"predecessor-version":[{"id":40002,"href":"https:\/\/www.paranapraia.com.br\/index.php\/wp-json\/wp\/v2\/posts\/40000\/revisions\/40002"}],"wp:featuredmedia":[{"embeddable":true,"href":"https:\/\/www.paranapraia.com.br\/index.php\/wp-json\/wp\/v2\/media\/40001"}],"wp:attachment":[{"href":"https:\/\/www.paranapraia.com.br\/index.php\/wp-json\/wp\/v2\/media?parent=40000"}],"wp:term":[{"taxonomy":"category","embeddable":true,"href":"https:\/\/www.paranapraia.com.br\/index.php\/wp-json\/wp\/v2\/categories?post=40000"},{"taxonomy":"post_tag","embeddable":true,"href":"https:\/\/www.paranapraia.com.br\/index.php\/wp-json\/wp\/v2\/tags?post=40000"}],"curies":[{"name":"wp","href":"https:\/\/api.w.org\/{rel}","templated":true}]}}