{"id":3999,"date":"2019-04-01T17:18:39","date_gmt":"2019-04-01T20:18:39","guid":{"rendered":"https:\/\/www.paranapraia.com.br\/?p=3999"},"modified":"2019-04-01T17:18:40","modified_gmt":"2019-04-01T20:18:40","slug":"motorista-morre-e-duas-passageiras-ficam-feridas-apos-carro-bater-contra-caminhao-na-pr-323-em-sertanopolis","status":"publish","type":"post","link":"https:\/\/www.paranapraia.com.br\/index.php\/2019\/04\/01\/motorista-morre-e-duas-passageiras-ficam-feridas-apos-carro-bater-contra-caminhao-na-pr-323-em-sertanopolis\/","title":{"rendered":"Motorista morre e duas passageiras ficam feridas ap\u00f3s carro bater contra caminh\u00e3o na PR-323, em Sertan\u00f3polis"},"content":{"rendered":"\n<h4 class=\"wp-block-heading\">Pol\u00edcia Rodovi\u00e1ria Estadual (PRE) informou que ve\u00edculo invadiu pista do sentido contr\u00e1rio antes da batida. Acidente ocorreu na manh\u00e3 desta segunda-feira (1\u00b0).<\/h4>\n\n\n\n<p>Um homem morreu e duas pessoas ficaram feridas em um acidente entre um carro e um caminh\u00e3o na PR-323, em Sertan\u00f3polis, no norte do Paran\u00e1, na manh\u00e3 desta segunda-feira (1\u00b0).<\/p>\n\n\n\n<p>De acordo com a Pol\u00edcia Rodovi\u00e1ria Estadual (PRE), o carro invadiu a pista contr\u00e1ria e bateu em um dos eixos do caminh\u00e3o. A pol\u00edcia n\u00e3o soube dizer se o condutor, que morreu no local, dormiu ao volante ou se ele perdeu o controle da dire\u00e7\u00e3o.<\/p>\n\n\n\n<p>Uma mulher, de 33 anos, esposa do motorista, sofreu ferimentos leves e foi levada ao hospital de Sertan\u00f3polis. Uma menina de 7 anos, filha da passageira, sofreu ferimentos mais graves e foi levada ao Hospital Evang\u00e9lico de Londrina.<\/p>\n\n\n\n<p>O motorista da carreta n\u00e3o se feriu.<\/p>\n\n\n\n<p>O corpo foi levado ao Instituto M\u00e9dico-Legal (IML) de Londrina.<\/p>\n\n\n\n<p>G1PR<\/p>\n","protected":false},"excerpt":{"rendered":"<p>Pol\u00edcia Rodovi\u00e1ria Estadual (PRE) informou que ve\u00edculo invadiu pista do sentido contr\u00e1rio antes da batida. Acidente ocorreu na manh\u00e3 desta segunda-feira (1\u00b0). Um homem morreu e duas pessoas ficaram feridas em um acidente entre um carro e um caminh\u00e3o na PR-323, em Sertan\u00f3polis, no norte do Paran\u00e1, na manh\u00e3 desta segunda-feira (1\u00b0). De acordo com [&hellip;]<\/p>\n","protected":false},"author":2,"featured_media":4000,"comment_status":"open","ping_status":"open","sticky":false,"template":"","format":"standard","meta":{"advanced_seo_description":"","jetpack_seo_html_title":"","jetpack_seo_noindex":false,"_jetpack_memberships_contains_paid_content":false,"footnotes":""},"categories":[52],"tags":[],"class_list":{"0":"post-3999","1":"post","2":"type-post","3":"status-publish","4":"format-standard","5":"has-post-thumbnail","7":"category-acidentes"},"jetpack_featured_media_url":"https:\/\/www.paranapraia.com.br\/wp-content\/uploads\/2019\/04\/battt.jpg","jetpack_sharing_enabled":true,"_links":{"self":[{"href":"https:\/\/www.paranapraia.com.br\/index.php\/wp-json\/wp\/v2\/posts\/3999"}],"collection":[{"href":"https:\/\/www.paranapraia.com.br\/index.php\/wp-json\/wp\/v2\/posts"}],"about":[{"href":"https:\/\/www.paranapraia.com.br\/index.php\/wp-json\/wp\/v2\/types\/post"}],"author":[{"embeddable":true,"href":"https:\/\/www.paranapraia.com.br\/index.php\/wp-json\/wp\/v2\/users\/2"}],"replies":[{"embeddable":true,"href":"https:\/\/www.paranapraia.com.br\/index.php\/wp-json\/wp\/v2\/comments?post=3999"}],"version-history":[{"count":1,"href":"https:\/\/www.paranapraia.com.br\/index.php\/wp-json\/wp\/v2\/posts\/3999\/revisions"}],"predecessor-version":[{"id":4001,"href":"https:\/\/www.paranapraia.com.br\/index.php\/wp-json\/wp\/v2\/posts\/3999\/revisions\/4001"}],"wp:featuredmedia":[{"embeddable":true,"href":"https:\/\/www.paranapraia.com.br\/index.php\/wp-json\/wp\/v2\/media\/4000"}],"wp:attachment":[{"href":"https:\/\/www.paranapraia.com.br\/index.php\/wp-json\/wp\/v2\/media?parent=3999"}],"wp:term":[{"taxonomy":"category","embeddable":true,"href":"https:\/\/www.paranapraia.com.br\/index.php\/wp-json\/wp\/v2\/categories?post=3999"},{"taxonomy":"post_tag","embeddable":true,"href":"https:\/\/www.paranapraia.com.br\/index.php\/wp-json\/wp\/v2\/tags?post=3999"}],"curies":[{"name":"wp","href":"https:\/\/api.w.org\/{rel}","templated":true}]}}