{"id":3995,"date":"2019-04-01T17:15:15","date_gmt":"2019-04-01T20:15:15","guid":{"rendered":"https:\/\/www.paranapraia.com.br\/?p=3995"},"modified":"2019-04-01T17:15:18","modified_gmt":"2019-04-01T20:15:18","slug":"bebe-de-dez-meses-morre-apos-ser-arremessado-para-fora-de-carro-em-acidente-em-londrina","status":"publish","type":"post","link":"https:\/\/www.paranapraia.com.br\/index.php\/2019\/04\/01\/bebe-de-dez-meses-morre-apos-ser-arremessado-para-fora-de-carro-em-acidente-em-londrina\/","title":{"rendered":"Beb\u00ea de dez meses morre ap\u00f3s ser arremessado para fora de carro em acidente em Londrina"},"content":{"rendered":"\n<h4 class=\"wp-block-heading\">Acidente ocorreu na noite de domingo (31), no norte do Paran\u00e1. Bombeiros dizem que crian\u00e7a n\u00e3o estava na cadeirinha.<\/h4>\n\n\n\n<p>Um beb\u00ea de dez meses morreu ap\u00f3s ser arremessado para fora de um carro ap\u00f3s um acidente em Londrina, no norte do Paran\u00e1, na noite de domingo (31).<\/p>\n\n\n\n<p>De acordo com o Corpo de Bombeiros, o motorista, que \u00e9 pai da crian\u00e7a, bateu na lateral de um outro autom\u00f3vel e capotou. Com o impacto da batida, a crian\u00e7a foi lan\u00e7ada para fora do ve\u00edculo.<\/p>\n\n\n\n<p>Os bombeiros afirmam que a menina n\u00e3o estava na cadeirinha de seguran\u00e7a e morreu no local do acidente. Uma outra garota, de 3 anos, tamb\u00e9m estava no ve\u00edculo, mas n\u00e3o se feriu.<\/p>\n\n\n\n<p>Segundo a Pol\u00edcia Militar (PM), depois do capotamento, o motorista fez o teste do baf\u00f4metro que indicou que ele n\u00e3o havia ingerido bebida alco\u00f3lica. O homem ainda foi encaminhado \u00e0 delegacia, prestou depoimento e depois foi liberado.<\/p>\n\n\n\n<p>O corpo foi levado ao Instituto M\u00e9dico-Legal (IML).<\/p>\n\n\n\n<p>G1PR<\/p>\n","protected":false},"excerpt":{"rendered":"<p>Acidente ocorreu na noite de domingo (31), no norte do Paran\u00e1. Bombeiros dizem que crian\u00e7a n\u00e3o estava na cadeirinha. Um beb\u00ea de dez meses morreu ap\u00f3s ser arremessado para fora de um carro ap\u00f3s um acidente em Londrina, no norte do Paran\u00e1, na noite de domingo (31). De acordo com o Corpo de Bombeiros, o [&hellip;]<\/p>\n","protected":false},"author":2,"featured_media":3996,"comment_status":"open","ping_status":"open","sticky":false,"template":"","format":"standard","meta":{"advanced_seo_description":"","jetpack_seo_html_title":"","jetpack_seo_noindex":false,"_jetpack_memberships_contains_paid_content":false,"footnotes":""},"categories":[52],"tags":[],"class_list":{"0":"post-3995","1":"post","2":"type-post","3":"status-publish","4":"format-standard","5":"has-post-thumbnail","7":"category-acidentes"},"jetpack_featured_media_url":"https:\/\/www.paranapraia.com.br\/wp-content\/uploads\/2019\/04\/ka.jpg","jetpack_sharing_enabled":true,"_links":{"self":[{"href":"https:\/\/www.paranapraia.com.br\/index.php\/wp-json\/wp\/v2\/posts\/3995"}],"collection":[{"href":"https:\/\/www.paranapraia.com.br\/index.php\/wp-json\/wp\/v2\/posts"}],"about":[{"href":"https:\/\/www.paranapraia.com.br\/index.php\/wp-json\/wp\/v2\/types\/post"}],"author":[{"embeddable":true,"href":"https:\/\/www.paranapraia.com.br\/index.php\/wp-json\/wp\/v2\/users\/2"}],"replies":[{"embeddable":true,"href":"https:\/\/www.paranapraia.com.br\/index.php\/wp-json\/wp\/v2\/comments?post=3995"}],"version-history":[{"count":1,"href":"https:\/\/www.paranapraia.com.br\/index.php\/wp-json\/wp\/v2\/posts\/3995\/revisions"}],"predecessor-version":[{"id":3997,"href":"https:\/\/www.paranapraia.com.br\/index.php\/wp-json\/wp\/v2\/posts\/3995\/revisions\/3997"}],"wp:featuredmedia":[{"embeddable":true,"href":"https:\/\/www.paranapraia.com.br\/index.php\/wp-json\/wp\/v2\/media\/3996"}],"wp:attachment":[{"href":"https:\/\/www.paranapraia.com.br\/index.php\/wp-json\/wp\/v2\/media?parent=3995"}],"wp:term":[{"taxonomy":"category","embeddable":true,"href":"https:\/\/www.paranapraia.com.br\/index.php\/wp-json\/wp\/v2\/categories?post=3995"},{"taxonomy":"post_tag","embeddable":true,"href":"https:\/\/www.paranapraia.com.br\/index.php\/wp-json\/wp\/v2\/tags?post=3995"}],"curies":[{"name":"wp","href":"https:\/\/api.w.org\/{rel}","templated":true}]}}