{"id":3958,"date":"2019-04-01T15:05:58","date_gmt":"2019-04-01T18:05:58","guid":{"rendered":"https:\/\/www.paranapraia.com.br\/?p=3958"},"modified":"2019-04-01T15:06:20","modified_gmt":"2019-04-01T18:06:20","slug":"bolsonaro-visita-muro-das-lamentacoes-ao-lado-de-netanyahu","status":"publish","type":"post","link":"https:\/\/www.paranapraia.com.br\/index.php\/2019\/04\/01\/bolsonaro-visita-muro-das-lamentacoes-ao-lado-de-netanyahu\/","title":{"rendered":"Bolsonaro visita Muro das Lamenta\u00e7\u00f5es ao lado de Netanyahu"},"content":{"rendered":"\n<h4 class=\"wp-block-heading\">Presidente e o primeiro-ministro de Israel fizeram uma ora\u00e7\u00e3o no local, sagrado para os judeus. Bolsonaro disse que depositou um pedido nas pedras do Muro: &#8216;Deus, olhe pelo Brasil&#8217;.<\/h4>\n\n\n\n<p>O presidente Jair Bolsonaro visitou nesta segunda-feira (1\u00ba) o Muro das Lamenta\u00e7\u00f5es, em Jerusal\u00e9m, ao lado do primeiro-ministro israelense, Benjamin Netanyahu.<\/p>\n\n\n\n<p>O Muro das Lamenta\u00e7\u00f5es \u00e9 um&nbsp;<a href=\"https:\/\/oglobo.globo.com\/sociedade\/entenda-origem-do-muro-das-lamentacoes-em-jerusalem-22911414\">local sagrado do juda\u00edsmo<\/a>. A estrutura, de pedra calc\u00e1ria, \u00e9 parte do que sobrou de um templo da Antiguidade. H\u00e1 s\u00e9culos as pessoas que visitam o Muro fazem ora\u00e7\u00f5es no local e depositam, nas reentr\u00e2ncias das pedras, pedidos escritos em papel.<\/p>\n\n\n\n<p>Ap\u00f3s uma breve ora\u00e7\u00e3o ao lado de Netanyahu, Bolsonaro depositou um pedido. Questionado por jornalistas sobre o qu\u00ea havia sido, ele respondeu: &#8220;Deus, olhe pelo Brasil&#8221;.<\/p>\n\n\n\n<p>A visita ao Muro faz parte dos compromissos da viagem oficial de Bolsonaro a Israel. Desde que foi eleito, o presidente tem se aproximado de Netanyahu. O primeiro-ministro de Israel foi um dos chefes de Estado presentes na cerim\u00f4nia de posse, em 1\u00ba de janeiro.<\/p>\n\n\n\n<p>No domingo (31), Bolsonaro&nbsp;<a href=\"https:\/\/g1.globo.com\/mundo\/noticia\/2019\/03\/31\/apos-cogitar-transferir-embaixada-bolsonaro-anuncia-escritorio-diplomatico-em-jerusalem.ghtml\">anunciou a abertura<\/a>&nbsp;de um escrit\u00f3rio comercial do Brasil em Jerusal\u00e9m. O gesto foi mal recebido pela Autoridade Palestina, que&nbsp;<a href=\"https:\/\/g1.globo.com\/politica\/noticia\/2019\/03\/31\/palestina-condena-abertura-de-escritorio-brasileiro-em-jerusalem-e-chama-de-volta-embaixador.ghtml\">avisou que vai chamar<\/a>&nbsp;de volta o embaixador no Brasil para fazer consultas e estudar uma resposta.<\/p>\n\n\n\n<p>Assim que foi eleito, Bolsonaro disse que mudaria a embaixada do Brasil em Israel de Tel Aviv para Jerusal\u00e9m. A medida agrada os israelenses, que considera Jerusal\u00e9m a &#8220;capital eterna e indivis\u00edvel&#8221; do pa\u00eds.<\/p>\n\n\n\n<p>No entanto, palestinos reivindicam Jerusal\u00e9m Oriental como capital do Estado que pretendem constituir. Jerusal\u00e9m n\u00e3o \u00e9 reconhecida internacionalmente como a capital israelense.<\/p>\n\n\n\n<p>Bolsonaro foi alertado de que a transfer\u00eancia da embaixada poderia afetar as exporta\u00e7\u00f5es brasileiras, principalmente de carne, para pa\u00edses \u00e1rabes. Com isso, o presidente ainda n\u00e3o tomou uma decis\u00e3o final sobre a cidade em que ficar\u00e1 a embaixada.<\/p>\n\n\n\n<h2 class=\"wp-block-heading\">Agenda<\/h2>\n\n\n\n<p>Ainda nesta segunda-feira, Bolsonaro deve visitar a bas\u00edlica do Santo Sepulcro. O local \u00e9 reconhecido por parte da comunidade cat\u00f3lica como lugar onde ocorreu a crucifica\u00e7\u00e3o de Jesus Cristo.<\/p>\n\n\n\n<p>Mais cedo,&nbsp;<a href=\"https:\/\/g1.globo.com\/politica\/noticia\/2019\/04\/01\/no-2o-dia-de-visita-a-israel-bolsonaro-condecora-militares-e-visita-muro-das-lamentacoes.ghtml\">Bolsonaro participou<\/a>&nbsp;de uma cerim\u00f4nia de condecora\u00e7\u00e3o dos militares israelenses que ajudaram no resgate de v\u00edtimas da trag\u00e9dia de Brumadinho (MG).<\/p>\n\n\n\n<figure class=\"wp-block-image\"><img decoding=\"async\" src=\"https:\/\/s2.glbimg.com\/n6_oQoCxJTninwPXPwMqdrhG9oI=\/0x0:5412x3768\/984x0\/smart\/filters:strip_icc()\/i.s3.glbimg.com\/v1\/AUTH_59edd422c0c84a879bd37670ae4f538a\/internal_photos\/bs\/2019\/A\/V\/uhBGNhTWiw58wIMf7Lpw\/bolsonaro.jpg\" alt=\"Bolsonaro posou para foto ao lado de Netanyahu no Muro das Lamenta\u00e7\u00f5es \u2014 Foto: Menahem Kahana\/Pool via REUTERS \"\/><\/figure>\n\n\n\n<p>Bolsonaro posou para foto ao lado de Netanyahu no Muro das Lamenta\u00e7\u00f5es \u2014 Foto: Menahem Kahana\/Pool via REUTERS<\/p>\n\n\n\n<p>G1<\/p>\n","protected":false},"excerpt":{"rendered":"<p>Presidente e o primeiro-ministro de Israel fizeram uma ora\u00e7\u00e3o no local, sagrado para os judeus. Bolsonaro disse que depositou um pedido nas pedras do Muro: &#8216;Deus, olhe pelo Brasil&#8217;. O presidente Jair Bolsonaro visitou nesta segunda-feira (1\u00ba) o Muro das Lamenta\u00e7\u00f5es, em Jerusal\u00e9m, ao lado do primeiro-ministro israelense, Benjamin Netanyahu. O Muro das Lamenta\u00e7\u00f5es \u00e9 [&hellip;]<\/p>\n","protected":false},"author":2,"featured_media":3960,"comment_status":"open","ping_status":"open","sticky":false,"template":"","format":"standard","meta":{"advanced_seo_description":"","jetpack_seo_html_title":"","jetpack_seo_noindex":false,"_jetpack_memberships_contains_paid_content":false,"footnotes":""},"categories":[40],"tags":[],"class_list":{"0":"post-3958","1":"post","2":"type-post","3":"status-publish","4":"format-standard","5":"has-post-thumbnail","7":"category-destaques"},"jetpack_featured_media_url":"https:\/\/www.paranapraia.com.br\/wp-content\/uploads\/2019\/04\/bozzoo.jpg","jetpack_sharing_enabled":true,"_links":{"self":[{"href":"https:\/\/www.paranapraia.com.br\/index.php\/wp-json\/wp\/v2\/posts\/3958"}],"collection":[{"href":"https:\/\/www.paranapraia.com.br\/index.php\/wp-json\/wp\/v2\/posts"}],"about":[{"href":"https:\/\/www.paranapraia.com.br\/index.php\/wp-json\/wp\/v2\/types\/post"}],"author":[{"embeddable":true,"href":"https:\/\/www.paranapraia.com.br\/index.php\/wp-json\/wp\/v2\/users\/2"}],"replies":[{"embeddable":true,"href":"https:\/\/www.paranapraia.com.br\/index.php\/wp-json\/wp\/v2\/comments?post=3958"}],"version-history":[{"count":1,"href":"https:\/\/www.paranapraia.com.br\/index.php\/wp-json\/wp\/v2\/posts\/3958\/revisions"}],"predecessor-version":[{"id":3961,"href":"https:\/\/www.paranapraia.com.br\/index.php\/wp-json\/wp\/v2\/posts\/3958\/revisions\/3961"}],"wp:featuredmedia":[{"embeddable":true,"href":"https:\/\/www.paranapraia.com.br\/index.php\/wp-json\/wp\/v2\/media\/3960"}],"wp:attachment":[{"href":"https:\/\/www.paranapraia.com.br\/index.php\/wp-json\/wp\/v2\/media?parent=3958"}],"wp:term":[{"taxonomy":"category","embeddable":true,"href":"https:\/\/www.paranapraia.com.br\/index.php\/wp-json\/wp\/v2\/categories?post=3958"},{"taxonomy":"post_tag","embeddable":true,"href":"https:\/\/www.paranapraia.com.br\/index.php\/wp-json\/wp\/v2\/tags?post=3958"}],"curies":[{"name":"wp","href":"https:\/\/api.w.org\/{rel}","templated":true}]}}