{"id":3954,"date":"2019-04-01T15:02:40","date_gmt":"2019-04-01T18:02:40","guid":{"rendered":"https:\/\/www.paranapraia.com.br\/?p=3954"},"modified":"2019-04-01T15:02:41","modified_gmt":"2019-04-01T18:02:41","slug":"equipes-que-foram-a-brumadinho-recebem-medalhas-de-merito","status":"publish","type":"post","link":"https:\/\/www.paranapraia.com.br\/index.php\/2019\/04\/01\/equipes-que-foram-a-brumadinho-recebem-medalhas-de-merito\/","title":{"rendered":"Equipes que foram a Brumadinho recebem medalhas de m\u00e9rito"},"content":{"rendered":"\n<p>Bombeiros, policiais e agentes da Defesa Civil do Paran\u00e1 receberam nesta segunda-feira (1\u00ba) medalhas de m\u00e9rito pelos servi\u00e7os prestados no resgate \u00e0s v\u00edtimas da trag\u00e9dia causada pela mineradora Vale em janeiro. O Paran\u00e1 foi um dos primeiros estados a enviar especialistas para Brumadinho, na Grande Belo Horizonte, em Minas Gerais. A cidade foi atingida pelo rompimento da barragem de C\u00f3rrego do Feij\u00e3o. As a\u00e7\u00f5es paranaenses duraram 33 dias.<\/p>\n\n\n\n<p>Foram homenageados 28 bombeiros, quatro integrantes do Batalh\u00e3o de Opera\u00e7\u00f5es A\u00e9reas da Pol\u00edcia Militar, uma perita da Pol\u00edcia Cient\u00edfica, dois capit\u00e3es da Defesa Civil e dois c\u00e3es (Thor e Brida). O governador Ratinho Junior concedeu a honraria destinada a reconhecer civis e militares que tenham se destacado em opera\u00e7\u00f5es de salvamento de qualquer natureza.<\/p>\n\n\n\n<p>A medalha tem formato de cruz de malta com o bras\u00e3o do Grupo de Opera\u00e7\u00f5es de Socorro T\u00e1tico (Gost) e significa a valoriza\u00e7\u00e3o da vit\u00f3ria, da generosidade e do vencimento sem sangue.<\/p>\n\n\n\n<p>Ratinho Junior tamb\u00e9m recebeu uma medalha de m\u00e9rito das m\u00e3os do Comandante do Corpo de Bombeiros, Coronel Samuel Prestes, pela resposta imediata de ajuda ao Estado de Minas Gerais e pelos esfor\u00e7os de manter a corpora\u00e7\u00e3o estruturada para atender qualquer demanda regional ou nacional.<\/p>\n\n\n\n<p>\u201c\u00c9 o m\u00ednimo que o Estado pode fazer em reconhecimento ao talento, dedica\u00e7\u00e3o e bravura dos bombeiros e das equipes, que diante dessa trag\u00e9dia lament\u00e1vel se colocaram \u00e0 disposi\u00e7\u00e3o para ajudar. A medalha \u00e9 um gesto de agradecimento aos anos de treinamento e a esse ato de solidariedade\u201d, afirmou o governador.<\/p>\n\n\n\n<h2 class=\"wp-block-heading\"><strong>Os trabalhos<\/strong><\/h2>\n\n\n\n<p>As principais a\u00e7\u00f5es das tropas paranaenses se concentraram nas buscas ostensivas em campo com as aeronaves e terrestres com os c\u00e3es, na coleta de dados e integra\u00e7\u00e3o com as for\u00e7as locais, e no reconhecimento dos corpos. Foram 17 horas di\u00e1rias de trabalho.<\/p>\n\n\n\n<p>O capit\u00e3o Daniel Lorenzetto, comandante do Gost, destacou que se sentiu honrado em representar o Paran\u00e1 nessa a\u00e7\u00e3o, apesar da trag\u00e9dia. \u201cO que mais marcou, tanto a mim quanto a equipe, foi o esp\u00edrito de solidariedade, os volunt\u00e1rios, todo o trabalho em conjunto de gest\u00e3o e de campo. Essa uni\u00e3o de esfor\u00e7os foi fundamental\u201d, afirmou.<\/p>\n\n\n\n<p>As equipes do Estado trabalharam em 82 miss\u00f5es de voo e 100 pessoas foram transportadas na aeronave paranaense.<\/p>\n\n\n\n<h2 class=\"wp-block-heading\">A trag\u00e9dia<\/h2>\n\n\n\n<p>A viol\u00eancia do vazamento de lama e rejeitos foi comparada por especialistas que acompanharam a trag\u00e9dia a um atropelamento de um carro a 70 km\/h. O balan\u00e7o mais recente da Defesa Civil de Minas Gerais aponta 217 mortos, 87 desaparecidos e 395 pessoas localizadas pelas for\u00e7as conjuntas.<\/p>\n\n\n\n<p>Colabora\u00e7\u00e3o AEN<\/p>\n","protected":false},"excerpt":{"rendered":"<p>Bombeiros, policiais e agentes da Defesa Civil do Paran\u00e1 receberam nesta segunda-feira (1\u00ba) medalhas de m\u00e9rito pelos servi\u00e7os prestados no resgate \u00e0s v\u00edtimas da trag\u00e9dia causada pela mineradora Vale em janeiro. O Paran\u00e1 foi um dos primeiros estados a enviar especialistas para Brumadinho, na Grande Belo Horizonte, em Minas Gerais. A cidade foi atingida pelo [&hellip;]<\/p>\n","protected":false},"author":2,"featured_media":3955,"comment_status":"open","ping_status":"open","sticky":false,"template":"","format":"standard","meta":{"advanced_seo_description":"","jetpack_seo_html_title":"","jetpack_seo_noindex":false,"_jetpack_memberships_contains_paid_content":false,"footnotes":""},"categories":[40],"tags":[],"class_list":{"0":"post-3954","1":"post","2":"type-post","3":"status-publish","4":"format-standard","5":"has-post-thumbnail","7":"category-destaques"},"jetpack_featured_media_url":"https:\/\/www.paranapraia.com.br\/wp-content\/uploads\/2019\/04\/medal.jpg","jetpack_sharing_enabled":true,"_links":{"self":[{"href":"https:\/\/www.paranapraia.com.br\/index.php\/wp-json\/wp\/v2\/posts\/3954"}],"collection":[{"href":"https:\/\/www.paranapraia.com.br\/index.php\/wp-json\/wp\/v2\/posts"}],"about":[{"href":"https:\/\/www.paranapraia.com.br\/index.php\/wp-json\/wp\/v2\/types\/post"}],"author":[{"embeddable":true,"href":"https:\/\/www.paranapraia.com.br\/index.php\/wp-json\/wp\/v2\/users\/2"}],"replies":[{"embeddable":true,"href":"https:\/\/www.paranapraia.com.br\/index.php\/wp-json\/wp\/v2\/comments?post=3954"}],"version-history":[{"count":1,"href":"https:\/\/www.paranapraia.com.br\/index.php\/wp-json\/wp\/v2\/posts\/3954\/revisions"}],"predecessor-version":[{"id":3956,"href":"https:\/\/www.paranapraia.com.br\/index.php\/wp-json\/wp\/v2\/posts\/3954\/revisions\/3956"}],"wp:featuredmedia":[{"embeddable":true,"href":"https:\/\/www.paranapraia.com.br\/index.php\/wp-json\/wp\/v2\/media\/3955"}],"wp:attachment":[{"href":"https:\/\/www.paranapraia.com.br\/index.php\/wp-json\/wp\/v2\/media?parent=3954"}],"wp:term":[{"taxonomy":"category","embeddable":true,"href":"https:\/\/www.paranapraia.com.br\/index.php\/wp-json\/wp\/v2\/categories?post=3954"},{"taxonomy":"post_tag","embeddable":true,"href":"https:\/\/www.paranapraia.com.br\/index.php\/wp-json\/wp\/v2\/tags?post=3954"}],"curies":[{"name":"wp","href":"https:\/\/api.w.org\/{rel}","templated":true}]}}