{"id":3933,"date":"2019-04-01T13:48:09","date_gmt":"2019-04-01T16:48:09","guid":{"rendered":"https:\/\/www.paranapraia.com.br\/?p=3933"},"modified":"2019-04-01T13:48:10","modified_gmt":"2019-04-01T16:48:10","slug":"o-que-sigmund-freud-diria-sobre-nossa-obsessao-pelas-selfies","status":"publish","type":"post","link":"https:\/\/www.paranapraia.com.br\/index.php\/2019\/04\/01\/o-que-sigmund-freud-diria-sobre-nossa-obsessao-pelas-selfies\/","title":{"rendered":"O que Sigmund Freud diria sobre nossa obsess\u00e3o pelas selfies?"},"content":{"rendered":"\n<p>Se voc\u00ea for aos lugares mais bonitos do mundo, provavelmente ver\u00e1 pessoas tirando fotos\u2026 de si mesmas. E talvez voc\u00ea fa\u00e7a o mesmo.<\/p>\n\n\n\n<p>A palavra selfie foi aceita pelo Oxford English Dictionary, um dos mais importantes da l\u00edngua inglesa, em 2013 e rapidamente se tornou a palavra do ano.<\/p>\n\n\n\n<p>Apesar do neologismo, as selfies s\u00e3o t\u00e3o antigas quanto a fotografia. Acredita-se que a mais antiga selfie seja do americano Robert Cornelius, que, aos 30 anos, tirou uma foto de si pr\u00f3prio do lado de fora de sua loja de l\u00e2mpadas na Filad\u00e9lfia.<\/p>\n\n\n\n<p>Mas por que n\u00f3s usamos uma tecnologia t\u00e3o inovadora que \u00e9 a fotografia para captar imagens que podemos ver todos os dias no espelho?<\/p>\n\n\n\n<p>E quem poderia explicar melhor as peculiaridades humanas se n\u00e3o Sigmund Freud?<\/p>\n\n\n\n<figure class=\"wp-block-image\"><img decoding=\"async\" src=\"https:\/\/ichef.bbci.co.uk\/news\/624\/cpsprodpb\/5052\/production\/_98826502_getty_cornelius.jpg\" alt=\"Robert Corneluis\"\/><figcaption>Image caption. Acredita-se que o americano Robert Cornelius tenha tirado a primeira selfie da hist\u00f3ria<\/figcaption><\/figure>\n\n\n\n<h2 class=\"wp-block-heading\">&#8216;Eu me amo, voc\u00ea me ama&#8217;<\/h2>\n\n\n\n<p>Freud, o pai da psican\u00e1lise, popularizou v\u00e1rias ideias, como a do ego, superego e inconsciente. Um de seus conceitos mais famosos \u00e9 o do narcisismo, o amor desproporcional por si mesmo.<\/p>\n\n\n\n<p>Na mitologia grega, um jovem chamado Narciso viu seu reflexo na \u00e1gua e passou tanto tempo admirando sua pr\u00f3pria beleza que se isolou do resto do mundo. Finalmente, ele se afogou tentando abra\u00e7ar sua pr\u00f3pria imagem.<\/p>\n\n\n\n<figure class=\"wp-block-image\"><img decoding=\"async\" src=\"https:\/\/ichef.bbci.co.uk\/news\/624\/cpsprodpb\/FED1\/production\/_106233256_selfi-narciso-lago.jpg\" alt=\"Narciso mirando seu reflexo\"\/><figcaption>Image caption&#8217;\u00c9 que Narciso acha feio o que n\u00e3o \u00e9 espelho&#8217;, diz a m\u00fasica &#8216;Sampa&#8217;, de Caetano Veloso<\/figcaption><\/figure>\n\n\n\n<p>Freud pensava que um pouco de autoestima \u00e9 algo natural nos seres humanos. Por\u00e9m, o exagero do amor pr\u00f3prio pode se tornar um problema psicol\u00f3gico a ponto de a pessoa excluir rela\u00e7\u00f5es com os outros, como fez Narciso na mitologia.<\/p>\n\n\n\n<h2 class=\"wp-block-heading\">Testes de personalidade<\/h2>\n\n\n\n<p>Os psic\u00f3logos desenvolveram testes para medir tra\u00e7os de personalidade, como o narcisismo.<\/p>\n\n\n\n<p>Alguns dos resultados n\u00e3o surpreendem:<\/p>\n\n\n\n<p><em>&#8211; Os narcisistas tendem a ser mais ativos nas redes sociais;<\/em><\/p>\n\n\n\n<p><em>&#8211; Publicar selfies est\u00e1 fortemente vinculado ao narcisismo.<\/em><\/p>\n\n\n\n<p>Mas esse cen\u00e1rio \u00e9 pior com os homens. Pesquisas indicam que o narcisismo cl\u00ednico \u00e9 40% maior entre os homens do que com as mulheres.<\/p>\n\n\n\n<p>Uma pesquisa que a psic\u00f3loga americana Jean Twenge fez desde 2009 com adolescentes dos Estados Unidos apontou que o narcisismo tem aumentado em um ritmo maior que a obesidade. No estudo intitulado &#8220;A epidemia do narcisismo&#8221;, ela conta hist\u00f3rias de pessoas comuns que contrataram paparazzi para segui-las como se fossem famosas e jovens que fizeram cirurgias pl\u00e1sticas sem necessidade.<\/p>\n\n\n\n<p>&#8220;Os narcisistas acreditam que s\u00e3o melhores que os outros, carecem de relacionamentos afetuosos, constantemente buscam aten\u00e7\u00e3o e valorizam a riqueza material e a apar\u00eancia f\u00edsica&#8221;, escrevou Twenge.<\/p>\n\n\n\n<figure class=\"wp-block-image\"><img decoding=\"async\" src=\"https:\/\/ichef.bbci.co.uk\/news\/624\/cpsprodpb\/1859\/production\/_106233260_self-adorada.jpg\" alt=\"Ilustra\u00e7\u00e3o de mulher tirando uma selfie\"\/><figcaption>Image captionSegundo a pesquisadora Jean Twenge, o narcisismo tem crescido mais do que a obesidade nos Estados Unidos<\/figcaption><\/figure>\n\n\n\n<h2 class=\"wp-block-heading\">E o que pensaria Freud?<\/h2>\n\n\n\n<p>A maioria das ideias de Freud derivam de suas observa\u00e7\u00f5es cotidianas, de modo que toda a informa\u00e7\u00e3o dispon\u00edvel hoje seria um prato cheio para ele. O fen\u00f4meno da selfie talvez se tornasse um objeto de estudo para o psicanalista, se ele estivesse vivo.<\/p>\n\n\n\n<p>Ele teria notado, como os psic\u00f3logos deste s\u00e9culo j\u00e1 sabem, que muitas pessoas publicam selfies n\u00e3o porque est\u00e3o apaixonadas por si mesmas, mas porque querem ser adoradas por outras pessoas que as seguem nas redes sociais.<\/p>\n\n\n\n<p>Para Freud, essa necessidade de aprova\u00e7\u00e3o pareceria neur\u00f3tica ou hist\u00e9rica.<\/p>\n\n\n\n<h2 class=\"wp-block-heading\">Chamar a aten\u00e7\u00e3o<\/h2>\n\n\n\n<p>\u00c9 bom lembrar que Freud empreendeu suas pesquisas no final do s\u00e9culo 19, uma \u00e9poca de repress\u00e3o sexual muito mais profunda.<\/p>\n\n\n\n<p>As mulheres e os homens se mantinham estritamente separados e aprendiam desde cedo a se envergonhar quando se sentiam sexualmente atraente. Ou seja, ser sexy era um problema.<\/p>\n\n\n\n<p>Muitas das pacientes de Freud eram da alta sociedade de Viena e sofriam de &#8220;paralisia hist\u00e9rica&#8221;, incapacidade de se mover sem ter qualquer explica\u00e7\u00e3o m\u00e9dica. O psicanalista pensava que essas mulheres paravam de se mover porque &#8220;queriam chamar a aten\u00e7\u00e3o&#8221; &#8211; por\u00e9m, n\u00e3o sabiam disso.<\/p>\n\n\n\n<figure class=\"wp-block-image\"><img decoding=\"async\" src=\"https:\/\/ichef.bbci.co.uk\/news\/624\/cpsprodpb\/3F69\/production\/_106233261_selfi-histerica.jpg\" alt=\"Ilustra\u00e7\u00e3o de mulher nervosa.\"\/><figcaption>Image captionA histeria, at\u00e9 meados do s\u00e9culo 20, era uma doen\u00e7a (inventada) que tinha como sintomas a ins\u00f4nia, irritabilidade, nervosismo, infelicidade, desobedi\u00eancia e impertin\u00eancia, segundo os m\u00e9dicos da \u00e9poca.<\/figcaption><\/figure>\n\n\n\n<p>Ent\u00e3o, se para chamarmos aten\u00e7\u00e3o j\u00e1 chegamos ao ponto de pararmos de nos mover, talvez seja melhor publicar algumas selfies, n\u00e3o?<\/p>\n\n\n\n<p>Talvez sim, mas isso n\u00e3o significa que essa obsess\u00e3o seja totalmente saud\u00e1vel, n\u00e3o apenas pelo que ela diz sobre n\u00f3s mesmos, mas tamb\u00e9m porque ela afeta as demais pessoas.<\/p>\n\n\n\n<h2 class=\"wp-block-heading\">Infelicidade<\/h2>\n\n\n\n<p>As selfies nos mostram em nossos melhores momentos, que s\u00e3o cuidadosamente montados e manipulados. Assim, diariamente somos bombardeados por imagens de outras pessoas que t\u00eam vidas e corpos aparentemente perfeitos.<\/p>\n\n\n\n<p>Estudos recentes mostram que essa exposi\u00e7\u00e3o excessiva nos enchem de inveja e criam sentimentos de isolamento, inseguran\u00e7a e inadequa\u00e7\u00e3o.<\/p>\n\n\n\n<p>Nas palavras de Freud, nos tornamos mais neur\u00f3ticos: &#8220;O objetivo da psican\u00e1lise \u00e9 aliviar as pessoas de sua infelicidade neur\u00f3tica, de modo que elas possam ser infelizes comuns&#8221;.<\/p>\n\n\n\n<p>Ent\u00e3o, da pr\u00f3xima vez que voc\u00ea apontar a c\u00e2mera para si pr\u00f3prio, lembre-se de Narciso e tente focar tamb\u00e9m seus amigos. Al\u00e9m disso, pode contar com Freud.<\/p>\n\n\n\n<p>BBC<\/p>\n","protected":false},"excerpt":{"rendered":"<p>Se voc\u00ea for aos lugares mais bonitos do mundo, provavelmente ver\u00e1 pessoas tirando fotos\u2026 de si mesmas. E talvez voc\u00ea fa\u00e7a o mesmo. A palavra selfie foi aceita pelo Oxford English Dictionary, um dos mais importantes da l\u00edngua inglesa, em 2013 e rapidamente se tornou a palavra do ano. Apesar do neologismo, as selfies s\u00e3o [&hellip;]<\/p>\n","protected":false},"author":2,"featured_media":3934,"comment_status":"open","ping_status":"open","sticky":false,"template":"","format":"standard","meta":{"advanced_seo_description":"","jetpack_seo_html_title":"","jetpack_seo_noindex":false,"_jetpack_memberships_contains_paid_content":false,"footnotes":""},"categories":[55],"tags":[],"class_list":{"0":"post-3933","1":"post","2":"type-post","3":"status-publish","4":"format-standard","5":"has-post-thumbnail","7":"category-curiosidades"},"jetpack_featured_media_url":"https:\/\/www.paranapraia.com.br\/wp-content\/uploads\/2019\/04\/self.jpg","jetpack_sharing_enabled":true,"_links":{"self":[{"href":"https:\/\/www.paranapraia.com.br\/index.php\/wp-json\/wp\/v2\/posts\/3933"}],"collection":[{"href":"https:\/\/www.paranapraia.com.br\/index.php\/wp-json\/wp\/v2\/posts"}],"about":[{"href":"https:\/\/www.paranapraia.com.br\/index.php\/wp-json\/wp\/v2\/types\/post"}],"author":[{"embeddable":true,"href":"https:\/\/www.paranapraia.com.br\/index.php\/wp-json\/wp\/v2\/users\/2"}],"replies":[{"embeddable":true,"href":"https:\/\/www.paranapraia.com.br\/index.php\/wp-json\/wp\/v2\/comments?post=3933"}],"version-history":[{"count":1,"href":"https:\/\/www.paranapraia.com.br\/index.php\/wp-json\/wp\/v2\/posts\/3933\/revisions"}],"predecessor-version":[{"id":3935,"href":"https:\/\/www.paranapraia.com.br\/index.php\/wp-json\/wp\/v2\/posts\/3933\/revisions\/3935"}],"wp:featuredmedia":[{"embeddable":true,"href":"https:\/\/www.paranapraia.com.br\/index.php\/wp-json\/wp\/v2\/media\/3934"}],"wp:attachment":[{"href":"https:\/\/www.paranapraia.com.br\/index.php\/wp-json\/wp\/v2\/media?parent=3933"}],"wp:term":[{"taxonomy":"category","embeddable":true,"href":"https:\/\/www.paranapraia.com.br\/index.php\/wp-json\/wp\/v2\/categories?post=3933"},{"taxonomy":"post_tag","embeddable":true,"href":"https:\/\/www.paranapraia.com.br\/index.php\/wp-json\/wp\/v2\/tags?post=3933"}],"curies":[{"name":"wp","href":"https:\/\/api.w.org\/{rel}","templated":true}]}}