{"id":3929,"date":"2019-04-01T13:44:08","date_gmt":"2019-04-01T16:44:08","guid":{"rendered":"https:\/\/www.paranapraia.com.br\/?p=3929"},"modified":"2019-04-01T13:44:09","modified_gmt":"2019-04-01T16:44:09","slug":"dono-de-moto-diz-nao-conhecer-edison-brittes","status":"publish","type":"post","link":"https:\/\/www.paranapraia.com.br\/index.php\/2019\/04\/01\/dono-de-moto-diz-nao-conhecer-edison-brittes\/","title":{"rendered":"Dono de moto diz n\u00e3o conhecer Edison Brittes"},"content":{"rendered":"\n<p> Seis testemunhas de defesa dos r\u00e9us no\u00a0<a rel=\"noreferrer noopener\" href=\"https:\/\/massanews.com\/tags\/caso-jogador-daniel\" target=\"_blank\">assassinato do jogador Daniel Corr\u00eaa Freitas<\/a>\u00a0foram ouvidas pela ju\u00edza Luciani Martins de Paula na manh\u00e3 desta segunda-feira (1\u00ba). A nova etapa da audi\u00eancia de instru\u00e7\u00e3o e julgamento sobre o caso acontece at\u00e9 a pr\u00f3xima sexta-feira (5) no F\u00f3rum de S\u00e3o Jos\u00e9 dos Pinhais. <\/p>\n\n\n\n<p>A primeira testemunha de defesa a falar foi chamada por Edison Brittes. Celso Alexandre Pacheco, que est\u00e1 preso por tr\u00e1fico de drogas e lavagem de dinheiro, era dono da motocicleta foi apreendida na casa da fam\u00edlia Brittes.<\/p>\n\n\n\n<p>Ele, que foi conduzido ao f\u00f3rum sob escolta policial, disse que n\u00e3o conhece Brittes e que tamb\u00e9m n\u00e3o \u00e9 amigo, nem parente, do r\u00e9u. Pacheco contou que vendeu a moto e ainda tinha parcelas para quitar o financiamento. Ele afirmou ainda comprou a moto por R$ 51 mil e em 2017 deixou a moto para ser vendida em uma loja, por R$ 45 mil. Comentou que n\u00e3o sabia que a moto tinha sido vendida.&nbsp;<\/p>\n\n\n\n<p>Brittes ficou com a cabe\u00e7a abaixada durante o depoimento de Celso. Ele trocou de roupa assim que chegou ao f\u00f3rum. Estava de terno, camisa rosa e cal\u00e7a jeans. Entre os r\u00e9us, era o \u00fanico com roupas normais. Os demais est\u00e3o com cal\u00e7a laranja e camiseta branca, roupa usada na unidade prisional.<\/p>\n\n\n\n<p>Allana e Cristiana Brittes estavam algemadas pelos p\u00e9s, com as m\u00e3os livres. J\u00e1 Edison Brittes estava com as m\u00e3os algemadas. Eduardo Henrique da Silva, David William Vollero Silva e Ygor King estavam com algemas nas m\u00e3os e nos p\u00e9s.<\/p>\n\n\n\n<h2 class=\"wp-block-heading\">Policiais<\/h2>\n\n\n\n<p>Dois policiais militares que atenderam a ocorr\u00eancia foram arrolados como testemunhas de defesa. Os depoimentos de ambos foram muito parecidos, sobre a cena do crime. &#8220;O corpo estava seminu, com o \u00f3rg\u00e3o genital decepado&#8221;, afirmou um dos policiais. &#8220;N\u00f3s apenas isolamos o local, os populares ficaram do lado de fora. Ap\u00f3s o isolamento, acionamos a criminal\u00edstica e o IML. N\u00e3o questionamos se os populares tocaram ou n\u00e3o no corpo. Eu e o outro soldado acompanhamos quando o investigador chegou, ficamos at\u00e9 o recolhimento do corpo. Demorou umas duas, duas horas e meia at\u00e9 o corpo ser recolhido&#8221;, destacou uma das testemunhas.&nbsp;<\/p>\n\n\n\n<h2 class=\"wp-block-heading\">Foto com policiais<\/h2>\n\n\n\n<p>O terceiro a depor foi o Tenente da Pol\u00edcia Militar Pedro Monteiro, que apareceu em uma foto com Edison Brittes e outros integrantes da pol\u00edcia. Ele disse que foi candidato a vereador em 2016, em Curitiba, e estava em uma mesa de um restaurante com pol\u00edticos e membros da seguran\u00e7a p\u00fablica, entre eles o delegado Rubens Recalcatti, no momento em que a fotografia foi feita. O tenente afirmou que estava fechando um acordo de apoio pol\u00edtico e n\u00e3o tinha apoio ou alian\u00e7a com Recalcatti, mas o conhecia.<\/p>\n\n\n\n<p>A testemunha afirmou que Brittes apareceu no local e era apenas conhecido de r\u00e9u. &#8220;Eu fa\u00e7o parte de uma ONG, a gente arrecada dinheiro para fazer a\u00e7\u00f5es sociais. Patrocinei o Edson e a Cris, por Facebook, e eles doaram mantimentos para ajudar a gente nas nossas a\u00e7\u00f5es. Eles deram a\u00e7\u00facar, fizemos muito algod\u00e3o doce. Sempre estavam ali auxiliando&#8221;, explicou Monteiro.&nbsp;<\/p>\n\n\n\n<p>O PM ainda declarou que teve acesso ao r\u00e9u no mercado que pertence \u00e0 fam\u00edlia Brittes. Ressaltou que Edison sempre estava com a mulher, Cristiana. Pedro afirmou ainda que o casal parecia ser &#8220;normal, eram atenciosos, sempre perguntavam se precisavam de algo&#8221;. &#8220;Fam\u00edlia bonita&#8221;, descreveu. Ainda afirmou que n\u00e3o presenciou nenhuma anomalia no mercado e que sempre viu o estabelecimento como outro qualquer.<\/p>\n\n\n\n<p>Monteiro afirmou ainda que Cristiana o ajudou a entregar mantimentos em a\u00e7\u00f5es sociais.<\/p>\n\n\n\n<h2 class=\"wp-block-heading\">Gesseiro<\/h2>\n\n\n\n<p>Outra testemunha que prestou depoimento durante a manh\u00e3 foi Vilmar Contegner, respons\u00e1vel pela instala\u00e7\u00e3o do gesso na casa da fam\u00edlia Brittes. Ele afirmou que no dia do crime, na manh\u00e3 de 27 de outubro de 2018, esteve na casa da fam\u00edlia Brittes por volta das 11h, para levar os materiais. &#8220;Marquei que iria na segunda, mas precisei levar os materiais&#8221;, afirmou Vilmar.&nbsp;<\/p>\n\n\n\n<p>Segundo o gesseiro, ao chegar no local a porta da casa estava aberta e ele encontrou Edison, que o ajudou a descarregar o material. Vilmar disse tamb\u00e9m que antes de chegar na casa da fam\u00edlia Brittes passou por Edison na rua, a cinco minutos da casa. Edison, no entanto, disse onde estava indo.&nbsp;<\/p>\n\n\n\n<p>O gesseiro contou ainda que acontecia uma festa na resid\u00eancia e algumas pessoas tentaram ajud\u00e1-lo, mas ele teve medo que quebrassem a mercadoria. O gesseiro afirmou que deixou os materiais na garagem da casa e saiu. &#8220;O clima estava normal de festa, sem odores e cheiros que lembravam drogas&#8221;, completou. Vilmar afirmou ainda que n\u00e3o entrou na casa e viu de longe que tinha uma festa. &#8220;N\u00e3o vi o Daniel, n\u00e3o vi a Allana e nem a Cristiana&#8221;, afirmou. Ele disse que Brittes estava tranquilo e que tinha um rapaz, um &#8220;pi\u00e1&#8221; no carro, que n\u00e3o foi reconhecido.&nbsp;<\/p>\n\n\n\n<p>O gesseiro contou que nunca soube qual era a fun\u00e7\u00e3o e profiss\u00e3o de Edison, mas sabia que tinha uma loja da &#8220;Gula&#8221;. Al\u00e9m disso, sempre recebeu em dia, que regularmente era chamado para trabalhar no local e nunca viu nada de errado na casa. Ele conhece Brittes h\u00e1 10 anos.<\/p>\n\n\n\n<h2 class=\"wp-block-heading\">Vizinho da fam\u00edlia&nbsp;<\/h2>\n\n\n\n<p>O \u00faltimo a depor na manh\u00e3 o comerciante Douglas Silveira, que tamb\u00e9m era vizinho da fam\u00edlia no bairro Guatup\u00ea e tinha um mercado. Ele contou que Edison comprou uma vodka de R$ 80, um pacote de gelo e uma caixa de cerveja na manh\u00e3 do crime. Silveira disse que Edson chegou com um rapaz (David). Edison chegou para comprar as bebidas por volta das 8h. David ficou dentro do carro e Brittes perguntou a opini\u00e3o sobre alguma bebida.<\/p>\n\n\n\n<p>A testemunha afirmou que a passagem de Brittes pelo mercado nunca tinha sido pedida pela Justi\u00e7a e que n\u00e3o tinha as imagens das c\u00e2meras. &#8220;Fiquei em sil\u00eancio, ningu\u00e9m apareceu por l\u00e1 tamb\u00e9m&#8221;, contou.&nbsp;<\/p>\n\n\n\n<p>Douglas afirmou que Brittes parecia nervoso, estava incomodado por alguma coisa, e que trocaram algumas palavras. &#8220;Nunca ningu\u00e9m quis sobrepor ningu\u00e9m, sempre foi normal&#8221;. Quando conheceu a fam\u00edlia, Douglas contou que tinha um mercado na esquina da casa fam\u00edlia, mas trocou de ponto por um mais longe.&nbsp;<\/p>\n\n\n\n<p>Colabora\u00e7\u00e3o Mateus Bossoni\/Rede Massa<\/p>\n\n\n\n<p><br><\/p>\n","protected":false},"excerpt":{"rendered":"<p>Seis testemunhas de defesa dos r\u00e9us no\u00a0assassinato do jogador Daniel Corr\u00eaa Freitas\u00a0foram ouvidas pela ju\u00edza Luciani Martins de Paula na manh\u00e3 desta segunda-feira (1\u00ba). A nova etapa da audi\u00eancia de instru\u00e7\u00e3o e julgamento sobre o caso acontece at\u00e9 a pr\u00f3xima sexta-feira (5) no F\u00f3rum de S\u00e3o Jos\u00e9 dos Pinhais. A primeira testemunha de defesa a [&hellip;]<\/p>\n","protected":false},"author":2,"featured_media":3930,"comment_status":"open","ping_status":"open","sticky":false,"template":"","format":"standard","meta":{"advanced_seo_description":"","jetpack_seo_html_title":"","jetpack_seo_noindex":false,"_jetpack_memberships_contains_paid_content":false,"footnotes":""},"categories":[33],"tags":[],"class_list":{"0":"post-3929","1":"post","2":"type-post","3":"status-publish","4":"format-standard","5":"has-post-thumbnail","7":"category-policia"},"jetpack_featured_media_url":"https:\/\/www.paranapraia.com.br\/wp-content\/uploads\/2019\/04\/motoo.jpeg","jetpack_sharing_enabled":true,"_links":{"self":[{"href":"https:\/\/www.paranapraia.com.br\/index.php\/wp-json\/wp\/v2\/posts\/3929"}],"collection":[{"href":"https:\/\/www.paranapraia.com.br\/index.php\/wp-json\/wp\/v2\/posts"}],"about":[{"href":"https:\/\/www.paranapraia.com.br\/index.php\/wp-json\/wp\/v2\/types\/post"}],"author":[{"embeddable":true,"href":"https:\/\/www.paranapraia.com.br\/index.php\/wp-json\/wp\/v2\/users\/2"}],"replies":[{"embeddable":true,"href":"https:\/\/www.paranapraia.com.br\/index.php\/wp-json\/wp\/v2\/comments?post=3929"}],"version-history":[{"count":1,"href":"https:\/\/www.paranapraia.com.br\/index.php\/wp-json\/wp\/v2\/posts\/3929\/revisions"}],"predecessor-version":[{"id":3931,"href":"https:\/\/www.paranapraia.com.br\/index.php\/wp-json\/wp\/v2\/posts\/3929\/revisions\/3931"}],"wp:featuredmedia":[{"embeddable":true,"href":"https:\/\/www.paranapraia.com.br\/index.php\/wp-json\/wp\/v2\/media\/3930"}],"wp:attachment":[{"href":"https:\/\/www.paranapraia.com.br\/index.php\/wp-json\/wp\/v2\/media?parent=3929"}],"wp:term":[{"taxonomy":"category","embeddable":true,"href":"https:\/\/www.paranapraia.com.br\/index.php\/wp-json\/wp\/v2\/categories?post=3929"},{"taxonomy":"post_tag","embeddable":true,"href":"https:\/\/www.paranapraia.com.br\/index.php\/wp-json\/wp\/v2\/tags?post=3929"}],"curies":[{"name":"wp","href":"https:\/\/api.w.org\/{rel}","templated":true}]}}