{"id":3917,"date":"2019-04-01T13:37:40","date_gmt":"2019-04-01T16:37:40","guid":{"rendered":"https:\/\/www.paranapraia.com.br\/?p=3917"},"modified":"2019-04-01T13:37:44","modified_gmt":"2019-04-01T16:37:44","slug":"comissao-que-analisara-fim-da-aposentadoria-de-ex-governadores-ja-esta-definida","status":"publish","type":"post","link":"https:\/\/www.paranapraia.com.br\/index.php\/2019\/04\/01\/comissao-que-analisara-fim-da-aposentadoria-de-ex-governadores-ja-esta-definida\/","title":{"rendered":"Comiss\u00e3o que analisar\u00e1 fim da aposentadoria de ex-governadores j\u00e1 est\u00e1 definida"},"content":{"rendered":"\n<p>\n\n\u201cA medida deve gerar uma economia que vai acabar servindo de exemplo para o Brasil. Temos que acabar com mais essa injusti\u00e7a feita com o dinheiro p\u00fablico. \u00c9 uma mordomia que vem se arrastando h\u00e1 tempos uma vez que at\u00e9 aquele que assumiu o cargo de governador por pouco tempo tem direito de se aposentar com o sal\u00e1rio pelo resto da vida\u201d, disse o deputado Cobra Rep\u00f3rter indicado pelo Partido Social Democrata (PSD) para fazer parte da Comiss\u00e3o Especial para analisar a PEC (Proposta de Emenda \u00e0 Constitui\u00e7\u00e3o) n\u00ba 01\/2019, que est\u00e1 tramitando na&nbsp;<a href=\"javascript:void(0)\">Assembleia Legislativa<\/a>&nbsp;do Paran\u00e1 (ALEP).<\/p>\n\n\n\n<p>De autoria do Governo do Estado, a PEC prop\u00f5e revogar o inciso 5\u00ba do artigo 85 da Constitui\u00e7\u00e3o do Estado do Paran\u00e1 e por fim o pagamento vital\u00edcio de aposentadoria aos ex-governadores do estado.&nbsp;&nbsp;Al\u00e9m de Cobra Rep\u00f3rter, o PSD indicou o deputado Delegado Recalcatti para compor a Comiss\u00e3o, na fun\u00e7\u00e3o de&nbsp;<a href=\"javascript:void(0)\">suplente<\/a>. Tamb\u00e9m os l\u00edderes dos outros partidos e blocos j\u00e1 entregaram \u00e0 Mesa Executiva da Assembleia Legislativa do Paran\u00e1, a indica\u00e7\u00e3o dos deputados titulares e suplentes que formar\u00e3o a Comiss\u00e3o Especial: o bloco PSL\/PTB indicou o deputado Luiz Fernando Guerra como titular e Emerson Bacil suplente; o indicado do PSB \u00e9 o deputado Tiago Amaral (titular) e Artag\u00e3o J\u00fanior (suplente); o bloco PSDB\/PV definiu pelos deputados Michele Caputo (titular) e Paulo Litro (suplente), enquanto o PSC escolheu o deputado Wilmar Reichembach (titular) e Evandro Ara\u00fajo (suplente).<\/p>\n\n\n\n<p><strong>Na CCJ<\/strong>&nbsp;\u2013 No \u00faltimo dia 20, a Comiss\u00e3o de Constitui\u00e7\u00e3o e Justi\u00e7a (CCJ) da Assembleia realizou uma audi\u00eancia p\u00fablica. Na sequ\u00eancia, a Comiss\u00e3o, em sua reuni\u00e3o ordin\u00e1ria, deliberou favoravelmente ao parecer do relator, deputado Homero Marchese (PROS), pela admissibilidade da mat\u00e9ria proposta pelo governo do Estado.&nbsp;Segundo Cobra Rep\u00f3rter, hoje, 12 ex-governadores, vi\u00favas ou dependentes recebem o benef\u00edcio. O subs\u00eddio mensal para ex-governantes \u00e9 de R$ 30.471,11.<\/p>\n\n\n\n<p><strong>Tramita\u00e7\u00e3o<\/strong>&nbsp;\u2013 De acordo com o&nbsp;<a href=\"javascript:void(0)\">Regimento Interno<\/a>&nbsp;da Casa, com a indica\u00e7\u00e3o dos integrantes pelos Blocos Partid\u00e1rios, os deputados escolhidos definir\u00e3o, entre si, a presid\u00eancia e relatoria da Comiss\u00e3o Especial para a sua instala\u00e7\u00e3o oficial, com publica\u00e7\u00e3o em Di\u00e1rio Oficial. Ap\u00f3s, come\u00e7a a contar o prazo de tr\u00eas sess\u00f5es ordin\u00e1rias para a apresenta\u00e7\u00e3o de&nbsp;<a href=\"javascript:void(0)\">emendas<\/a>&nbsp;e, posteriormente, de at\u00e9 10 (dez) sess\u00f5es ordin\u00e1rias para que a Comiss\u00e3o apresente o seu parecer sobre o m\u00e9rito da mat\u00e9ria e das emendas apresentadas pelos deputados, para que possa ser votada em Plen\u00e1rio. Ser\u00e3o duas vota\u00e7\u00f5es, com intervalo de cinco sess\u00f5es entre a primeira e a segunda vota\u00e7\u00e3o.<\/p>\n\n\n\n<p>O presidente da Assembleia Legislativa, deputado Ademar Traiano (PSDB), acredita que a Comiss\u00e3o poder\u00e1 apresentar seu parecer antes do prazo. \u201cRegimentalmente, depois de formada e recebidas as emendas, a Comiss\u00e3o tem 10 sess\u00f5es para pronunciar sobre encaminhamento \u00e0 Mesa Executiva, mas eu estou fazendo um apelo a todos os deputados para que antecipem essa avalia\u00e7\u00e3o. Eu espero que eu possa em 20 dias submeter ao voto.\u201d<\/p>\n\n\n\n<p>ALEP<\/p>\n","protected":false},"excerpt":{"rendered":"<p>\u201cA medida deve gerar uma economia que vai acabar servindo de exemplo para o Brasil. Temos que acabar com mais essa injusti\u00e7a feita com o dinheiro p\u00fablico. \u00c9 uma mordomia que vem se arrastando h\u00e1 tempos uma vez que at\u00e9 aquele que assumiu o cargo de governador por pouco tempo tem direito de se aposentar [&hellip;]<\/p>\n","protected":false},"author":2,"featured_media":3918,"comment_status":"open","ping_status":"open","sticky":false,"template":"","format":"standard","meta":{"advanced_seo_description":"","jetpack_seo_html_title":"","jetpack_seo_noindex":false,"_jetpack_memberships_contains_paid_content":false,"footnotes":""},"categories":[32],"tags":[],"class_list":{"0":"post-3917","1":"post","2":"type-post","3":"status-publish","4":"format-standard","5":"has-post-thumbnail","7":"category-politica"},"jetpack_featured_media_url":"https:\/\/www.paranapraia.com.br\/wp-content\/uploads\/2019\/04\/dps.jpg","jetpack_sharing_enabled":true,"_links":{"self":[{"href":"https:\/\/www.paranapraia.com.br\/index.php\/wp-json\/wp\/v2\/posts\/3917"}],"collection":[{"href":"https:\/\/www.paranapraia.com.br\/index.php\/wp-json\/wp\/v2\/posts"}],"about":[{"href":"https:\/\/www.paranapraia.com.br\/index.php\/wp-json\/wp\/v2\/types\/post"}],"author":[{"embeddable":true,"href":"https:\/\/www.paranapraia.com.br\/index.php\/wp-json\/wp\/v2\/users\/2"}],"replies":[{"embeddable":true,"href":"https:\/\/www.paranapraia.com.br\/index.php\/wp-json\/wp\/v2\/comments?post=3917"}],"version-history":[{"count":1,"href":"https:\/\/www.paranapraia.com.br\/index.php\/wp-json\/wp\/v2\/posts\/3917\/revisions"}],"predecessor-version":[{"id":3919,"href":"https:\/\/www.paranapraia.com.br\/index.php\/wp-json\/wp\/v2\/posts\/3917\/revisions\/3919"}],"wp:featuredmedia":[{"embeddable":true,"href":"https:\/\/www.paranapraia.com.br\/index.php\/wp-json\/wp\/v2\/media\/3918"}],"wp:attachment":[{"href":"https:\/\/www.paranapraia.com.br\/index.php\/wp-json\/wp\/v2\/media?parent=3917"}],"wp:term":[{"taxonomy":"category","embeddable":true,"href":"https:\/\/www.paranapraia.com.br\/index.php\/wp-json\/wp\/v2\/categories?post=3917"},{"taxonomy":"post_tag","embeddable":true,"href":"https:\/\/www.paranapraia.com.br\/index.php\/wp-json\/wp\/v2\/tags?post=3917"}],"curies":[{"name":"wp","href":"https:\/\/api.w.org\/{rel}","templated":true}]}}