{"id":3910,"date":"2019-04-01T13:29:07","date_gmt":"2019-04-01T16:29:07","guid":{"rendered":"https:\/\/www.paranapraia.com.br\/?p=3910"},"modified":"2019-04-01T13:29:13","modified_gmt":"2019-04-01T16:29:13","slug":"governador-confirma-pacote-de-investimentos-em-projetos-de-infraestrutura","status":"publish","type":"post","link":"https:\/\/www.paranapraia.com.br\/index.php\/2019\/04\/01\/governador-confirma-pacote-de-investimentos-em-projetos-de-infraestrutura\/","title":{"rendered":"Governador confirma pacote de investimentos em projetos de infraestrutura"},"content":{"rendered":"\n<p>O governador Ratinho Junior confirmou que vai liberar neste m\u00eas de abril um pacote de investimentos para a elabora\u00e7\u00e3o de projetos executivos na \u00e1rea de infraestrutura. O an\u00fancio foi feito durante a cerim\u00f4nia de lan\u00e7amento da 47\u00aa Exposi\u00e7\u00e3o Feira Agropecu\u00e1ria, Industrial e Comercial de Maring\u00e1 (Expoinga 2019), em Maring\u00e1.<\/p>\n\n\n\n<p>Ratinho Junior refor\u00e7ou que esta \u00e9 uma etapa fundamental para que obras de moderniza\u00e7\u00e3o da infraestrutura de transporte e log\u00edstica do Estado possam sair do papel. &#8220;O objetivo \u00e9 resolver os gargalos log\u00edsticos, facilitar o escoamento da produ\u00e7\u00e3o e transformar o Paran\u00e1 em uma grande central log\u00edstica da Am\u00e9rica Latina&#8221;, afirmou o governador, ressaltando que a medida dar\u00e1 ainda mais competitividade ao agroneg\u00f3cio paranaense.&nbsp;<\/p>\n\n\n\n<p>Outa \u00e1rea que ter\u00e1 aten\u00e7\u00e3o do Governo do Estado, afirmou Ratinho Junior, \u00e9 a tecnologia voltada \u00e0 produ\u00e7\u00e3o do campo. Ele disse que o compromisso da gest\u00e3o \u00e9 fomentar o desenvolvimento de startups da \u00e1rea de agroneg\u00f3cio (agritechs) e estimular o uso de tecnologia no campo.&nbsp;<\/p>\n\n\n\n<p>Para Ratinho Junior, o Paran\u00e1 pode ser o Vale do Sil\u00edcio das agritechs. &#8220;Nosso compromisso \u00e9 fazer os agricultores entenderem sobre as novas tecnologias do campo, pois a agricultura cada vez mais deixa a enxada para ir para as telas de computadores e aplicativos&#8221;, disse. &#8220;Ao dar prioridade a essas a\u00e7\u00f5es, estaremos preparados para as mudan\u00e7as do agro e poderemos estar na vanguarda&#8221;, acrescentou.<\/p>\n\n\n\n<h2 class=\"wp-block-heading\">Feira<\/h2>\n\n\n\n<p>A Expoing\u00e1, que acontece entre os dias 9 e 19 de maio deste ano no Parque Internacional de Exposi\u00e7\u00f5es Francisco Feio Ribeiro, \u00e9 um dos principais eventos de agroneg\u00f3cios do Paran\u00e1. A organiza\u00e7\u00e3o espera um p\u00fablico de 500 mil visitantes. &#8220;A feira \u00e9 uma locomotiva de gera\u00e7\u00e3o de riquezas para a regi\u00e3o e o Estado&#8221;, disse o governador.<\/p>\n\n\n\n<p>O tema dessa edi\u00e7\u00e3o \u00e9 &#8220;Apresentando o Agro que Transforma o Brasil&#8221;. Al\u00e9m da feira de neg\u00f3cios, o evento conta com exposi\u00e7\u00e3o sobre evolu\u00e7\u00e3o e transforma\u00e7\u00e3o do setor do agroneg\u00f3cio, apresenta\u00e7\u00e3o de pesquisas e alternativas tecnol\u00f3gicas e difus\u00e3o de conhecimento. &#8220;\u00c9 uma feira que re\u00fane uma boa grade de eventos t\u00e9cnicos, que dar\u00e3o ao agricultor a oportunidade de buscar novos conhecimento em \u00e1reas diversas&#8221;, disse o secret\u00e1rio da Agricultura e do Abastecimento, Norberto Ortigara.<\/p>\n\n\n\n<p>A presidente da Sociedade Rural de Maring\u00e1, Maria Iracl\u00e9zia de Ara\u00fajo, relatou que o evento movimenta milh\u00f5es em neg\u00f3cios e coloca Maring\u00e1 e o Paran\u00e1 na vanguarda das discuss\u00f5es sobre as novas formas de produ\u00e7\u00e3o sustent\u00e1vel. &#8220;\u00c9 um evento consolidado e aqui a gente apresenta o que h\u00e1 de melhor do segmento do agroneg\u00f3cio&#8221;, afirmou.<\/p>\n\n\n\n<p>Colabora\u00e7\u00e3o AEN<a href=\"https:\/\/api.whatsapp.com\/send?text=Governador%20confirma%20pacote%20para%20em%20projetos%20de%20infraestrutura%20https%3a%2f%2fmassanews.com%2fnoticias%2feconomia%2fgovernador-confirma-pacote-de-investimentos-em-projetos-de-infraestrutura-q79N5.html%3futm_source%3dwhatsapp%26utm_medium%3dshare%26utm_content%3dnoticias__economia%26utm_campaign%3dgovernador-confirma-pacote-de-investimentos-em-projetos-de-infraestrutura-q79N5\" target=\"_blank\" rel=\"noreferrer noopener\"><\/a><a href=\"https:\/\/www.facebook.com\/dialog\/share?app_id=154958548449276&amp;display=popup&amp;picture=https:\/\/cdn.massanews.com\/uploads\/noticias\/lg-eb723009-7b01-44ec-9808-7d6e8befeb0c.jpg&amp;href=https:\/\/massanews.com\/noticias\/economia\/governador-confirma-pacote-de-investimentos-em-projetos-de-infraestrutura-q79N5.html&amp;redirect_uri=https:\/\/massanews.com\/noticias\/economia\/governador-confirma-pacote-de-investimentos-em-projetos-de-infraestrutura-q79N5.html&amp;caption=massanews.com\" target=\"_blank\" rel=\"noreferrer noopener\"><\/a><a href=\"https:\/\/twitter.com\/intent\/tweet?text=Governador+confirma+pacote+para+em+projetos+de+infraestrutura%20https:\/\/massanews.com\/noticias\/economia\/governador-confirma-pacote-de-investimentos-em-projetos-de-infraestrutura-q79N5.html\" target=\"_blank\" rel=\"noreferrer noopener\"><\/a><a href=\"https:\/\/plus.google.com\/share?url=https:\/\/massanews.com\/noticias\/economia\/governador-confirma-pacote-de-investimentos-em-projetos-de-infraestrutura-q79N5.html\" target=\"_blank\" rel=\"noreferrer noopener\"><\/a>&nbsp;Reportar erros\n\n<\/p>\n","protected":false},"excerpt":{"rendered":"<p>O governador Ratinho Junior confirmou que vai liberar neste m\u00eas de abril um pacote de investimentos para a elabora\u00e7\u00e3o de projetos executivos na \u00e1rea de infraestrutura. O an\u00fancio foi feito durante a cerim\u00f4nia de lan\u00e7amento da 47\u00aa Exposi\u00e7\u00e3o Feira Agropecu\u00e1ria, Industrial e Comercial de Maring\u00e1 (Expoinga 2019), em Maring\u00e1. Ratinho Junior refor\u00e7ou que esta \u00e9 [&hellip;]<\/p>\n","protected":false},"author":2,"featured_media":3911,"comment_status":"open","ping_status":"open","sticky":false,"template":"","format":"standard","meta":{"advanced_seo_description":"","jetpack_seo_html_title":"","jetpack_seo_noindex":false,"_jetpack_memberships_contains_paid_content":false,"footnotes":""},"categories":[40],"tags":[],"class_list":{"0":"post-3910","1":"post","2":"type-post","3":"status-publish","4":"format-standard","5":"has-post-thumbnail","7":"category-destaques"},"jetpack_featured_media_url":"https:\/\/www.paranapraia.com.br\/wp-content\/uploads\/2019\/04\/expo.jpg","jetpack_sharing_enabled":true,"_links":{"self":[{"href":"https:\/\/www.paranapraia.com.br\/index.php\/wp-json\/wp\/v2\/posts\/3910"}],"collection":[{"href":"https:\/\/www.paranapraia.com.br\/index.php\/wp-json\/wp\/v2\/posts"}],"about":[{"href":"https:\/\/www.paranapraia.com.br\/index.php\/wp-json\/wp\/v2\/types\/post"}],"author":[{"embeddable":true,"href":"https:\/\/www.paranapraia.com.br\/index.php\/wp-json\/wp\/v2\/users\/2"}],"replies":[{"embeddable":true,"href":"https:\/\/www.paranapraia.com.br\/index.php\/wp-json\/wp\/v2\/comments?post=3910"}],"version-history":[{"count":1,"href":"https:\/\/www.paranapraia.com.br\/index.php\/wp-json\/wp\/v2\/posts\/3910\/revisions"}],"predecessor-version":[{"id":3912,"href":"https:\/\/www.paranapraia.com.br\/index.php\/wp-json\/wp\/v2\/posts\/3910\/revisions\/3912"}],"wp:featuredmedia":[{"embeddable":true,"href":"https:\/\/www.paranapraia.com.br\/index.php\/wp-json\/wp\/v2\/media\/3911"}],"wp:attachment":[{"href":"https:\/\/www.paranapraia.com.br\/index.php\/wp-json\/wp\/v2\/media?parent=3910"}],"wp:term":[{"taxonomy":"category","embeddable":true,"href":"https:\/\/www.paranapraia.com.br\/index.php\/wp-json\/wp\/v2\/categories?post=3910"},{"taxonomy":"post_tag","embeddable":true,"href":"https:\/\/www.paranapraia.com.br\/index.php\/wp-json\/wp\/v2\/tags?post=3910"}],"curies":[{"name":"wp","href":"https:\/\/api.w.org\/{rel}","templated":true}]}}