{"id":3906,"date":"2019-04-01T13:17:09","date_gmt":"2019-04-01T16:17:09","guid":{"rendered":"https:\/\/www.paranapraia.com.br\/?p=3906"},"modified":"2019-04-01T13:17:10","modified_gmt":"2019-04-01T16:17:10","slug":"forcas-de-seguranca-vao-atuar-em-conjunto-no-porto-de-paranagua","status":"publish","type":"post","link":"https:\/\/www.paranapraia.com.br\/index.php\/2019\/04\/01\/forcas-de-seguranca-vao-atuar-em-conjunto-no-porto-de-paranagua\/","title":{"rendered":"For\u00e7as de seguran\u00e7a v\u00e3o atuar em conjunto no Porto de Paranagu\u00e1"},"content":{"rendered":"\n<p>\u00d3rg\u00e3os de seguran\u00e7a que atuam em Paranagu\u00e1 v\u00e3o trabalhar em conjunto para dar mais agilidade no atendimento aos caminhoneiros que chegam para descarregar no Porto. O grupo, convidado pela Administra\u00e7\u00e3o dos Portos do Paran\u00e1, discute formas efetivas de combater assaltos, vazadas e crimes ambientais.<\/p>\n\n\n\n<p>\u201cExiste um conflito de compet\u00eancias, j\u00e1 que s\u00e3o diferentes jurisdi\u00e7\u00f5es envolvidas. Na entrada da cidade, no trecho da BR 277, temos a Pol\u00edcia Rodovi\u00e1ria Federal. Dentro da cidade, temos a Guarda Municipal e a Pol\u00edcia Militar. Os crimes ambientais s\u00e3o fiscalizados pela Pol\u00edcia Ambiental e, na \u00e1rea portu\u00e1ria, temos os agentes de seguran\u00e7a e a Guarda Portu\u00e1ria\u201d, explica o diretor-presidente dos Portos do Paran\u00e1, Luiz Fernando Garcia.<\/p>\n\n\n\n<p>A primeira reuni\u00e3o aconteceu ainda em fevereiro e, desde ent\u00e3o, os agentes debatem metas e formas de a\u00e7\u00e3o conjuntas ou complementares. \u201cO Governo do Estado est\u00e1 preocupado com a seguran\u00e7a destes motoristas, al\u00e9m de ordenar as opera\u00e7\u00f5es portu\u00e1rias para que elas fluam em plenitude. Para isso, \u00e9 preciso reunir parceiros e somar esfor\u00e7os. At\u00e9 ent\u00e3o, cada um tinha a\u00e7\u00f5es isoladas\u201d, diz o chefe da Unidade de Seguran\u00e7a Portu\u00e1ria, major C\u00e9sar Kamakawa.<\/p>\n\n\n\n<p>\u201cO objetivo desta grande for\u00e7a de seguran\u00e7a n\u00e3o \u00e9 discutir quem s\u00e3o respons\u00e1veis em cada caso, mas partilhar as responsabilidades. Os Portos querem otimizar o atendimento para que os usu\u00e1rios sejam beneficiados com a sincronia entre os \u00f3rg\u00e3os\u201d, acrescenta Kamakawa.<\/p>\n\n\n\n<p>PARCEIROS &#8211; A Pol\u00edcia Militar j\u00e1 adiantou que ter\u00e1 a\u00e7\u00f5es intensificadas em Paranagu\u00e1. \u201cCom o fim da Opera\u00e7\u00e3o Ver\u00e3o, nosso efetivo estar\u00e1 focado na cidade, em especial na seguran\u00e7a da comunidade\u201d, afirma o tenente-coronel Marcos Rodrigues, comandante do 9\u00ba BPM.<\/p>\n\n\n\n<p>Marcia Garcia, comandante da Guarda Civil Municipal, ressaltou a import\u00e2ncia do trabalho em conjunto ao afirmar que o trabalho em prol da comunidade depende desta uni\u00e3o de for\u00e7as. \u201cNosso pr\u00f3ximo passo \u00e9 reunir as empresas e discutir com elas a\u00e7\u00f5es poss\u00edveis\u201d, disse.<\/p>\n\n\n\n<p>CEN\u00c1RIO &#8211; Segundo a Associa\u00e7\u00e3o Nacional de Transportes Rodovi\u00e1rios de Cargas e Log\u00edsticas (NTC), o Paran\u00e1 responde por 3,8% dos roubos de cargas registrados em todo o pa\u00eds. O n\u00famero \u00e9 muito inferior aos de S\u00e3o Paulo e Rio de Janeiro que, juntos, respondem por 81% dos casos.<\/p>\n\n\n\n<p>UASP &#8211; A Unidade de Seguran\u00e7a Portu\u00e1ria do Porto de Paranagu\u00e1 atua na \u00e1rea do Porto Organizado, que compreende a Faixa Prim\u00e1ria e \u00c1reas Alfandegadas. S\u00e3o tr\u00eas inspetores, 80 guardas portu\u00e1rios e 21 agentes.<\/p>\n\n\n\n<p>AEN<\/p>\n","protected":false},"excerpt":{"rendered":"<p>\u00d3rg\u00e3os de seguran\u00e7a que atuam em Paranagu\u00e1 v\u00e3o trabalhar em conjunto para dar mais agilidade no atendimento aos caminhoneiros que chegam para descarregar no Porto. O grupo, convidado pela Administra\u00e7\u00e3o dos Portos do Paran\u00e1, discute formas efetivas de combater assaltos, vazadas e crimes ambientais. \u201cExiste um conflito de compet\u00eancias, j\u00e1 que s\u00e3o diferentes jurisdi\u00e7\u00f5es envolvidas. [&hellip;]<\/p>\n","protected":false},"author":2,"featured_media":3907,"comment_status":"open","ping_status":"open","sticky":false,"template":"","format":"standard","meta":{"advanced_seo_description":"","jetpack_seo_html_title":"","jetpack_seo_noindex":false,"_jetpack_memberships_contains_paid_content":false,"footnotes":""},"categories":[43],"tags":[],"class_list":{"0":"post-3906","1":"post","2":"type-post","3":"status-publish","4":"format-standard","5":"has-post-thumbnail","7":"category-cotidiano"},"jetpack_featured_media_url":"https:\/\/www.paranapraia.com.br\/wp-content\/uploads\/2019\/04\/portoss.jpg","jetpack_sharing_enabled":true,"_links":{"self":[{"href":"https:\/\/www.paranapraia.com.br\/index.php\/wp-json\/wp\/v2\/posts\/3906"}],"collection":[{"href":"https:\/\/www.paranapraia.com.br\/index.php\/wp-json\/wp\/v2\/posts"}],"about":[{"href":"https:\/\/www.paranapraia.com.br\/index.php\/wp-json\/wp\/v2\/types\/post"}],"author":[{"embeddable":true,"href":"https:\/\/www.paranapraia.com.br\/index.php\/wp-json\/wp\/v2\/users\/2"}],"replies":[{"embeddable":true,"href":"https:\/\/www.paranapraia.com.br\/index.php\/wp-json\/wp\/v2\/comments?post=3906"}],"version-history":[{"count":1,"href":"https:\/\/www.paranapraia.com.br\/index.php\/wp-json\/wp\/v2\/posts\/3906\/revisions"}],"predecessor-version":[{"id":3908,"href":"https:\/\/www.paranapraia.com.br\/index.php\/wp-json\/wp\/v2\/posts\/3906\/revisions\/3908"}],"wp:featuredmedia":[{"embeddable":true,"href":"https:\/\/www.paranapraia.com.br\/index.php\/wp-json\/wp\/v2\/media\/3907"}],"wp:attachment":[{"href":"https:\/\/www.paranapraia.com.br\/index.php\/wp-json\/wp\/v2\/media?parent=3906"}],"wp:term":[{"taxonomy":"category","embeddable":true,"href":"https:\/\/www.paranapraia.com.br\/index.php\/wp-json\/wp\/v2\/categories?post=3906"},{"taxonomy":"post_tag","embeddable":true,"href":"https:\/\/www.paranapraia.com.br\/index.php\/wp-json\/wp\/v2\/tags?post=3906"}],"curies":[{"name":"wp","href":"https:\/\/api.w.org\/{rel}","templated":true}]}}