{"id":3895,"date":"2019-04-01T09:42:36","date_gmt":"2019-04-01T12:42:36","guid":{"rendered":"https:\/\/www.paranapraia.com.br\/?p=3895"},"modified":"2019-04-01T09:42:38","modified_gmt":"2019-04-01T12:42:38","slug":"malafaia-garante-que-bolsonaro-mudara-embaixada-em-israel-vai-ter-que-ser-macho-e-acho-que-ele-e","status":"publish","type":"post","link":"https:\/\/www.paranapraia.com.br\/index.php\/2019\/04\/01\/malafaia-garante-que-bolsonaro-mudara-embaixada-em-israel-vai-ter-que-ser-macho-e-acho-que-ele-e\/","title":{"rendered":"Malafaia garante que Bolsonaro mudar\u00e1 embaixada em Israel: &#8216;Vai ter que ser macho, e acho que ele \u00e9&#8217;"},"content":{"rendered":"\n<p>O an\u00fancio do governo brasileiro de que vai abrir um&nbsp;<a href=\"https:\/\/www.bbc.com\/portuguese\/brasil-47766575\">escrit\u00f3rio comercial em Jerusal\u00e9m<\/a>&nbsp;n\u00e3o deve ser visto como um recuo da promessa de mudar embaixada para a cidade sagrada, considera o pastor Silas Malafaia, e sim como parte de uma estrat\u00e9gia de promover a a\u00e7\u00e3o &#8220;paulatinamente&#8221;.<\/p>\n\n\n\n<p>&#8220;N\u00e3o foi o Jo\u00e3o ou o Manoel que me disse isso, foi o presidente. Ele falou, &#8216;olha, Silas, eu vou fazer essa mudan\u00e7a paulatinamente. N\u00e3o vou fazer de uma vez porque n\u00e3o tem necessidade e nem tem pressa. O Donald Trump levou nove meses para transferir a embaixada, n\u00e3o vou ser eu que vou fazer em cem dias'&#8221;, relata o pastor, lideran\u00e7a evang\u00e9lica e amigo pessoal do presidente\u00a0<a href=\"https:\/\/www.bbc.com\/portuguese\/topics\/f21d4493-e3bd-47df-b23c-1d57f0e3e818\">Jair Bolsonaro<\/a>.<\/p>\n\n\n\n<p>No primeiro dia de sua visita oficial a Israel, Bolsonaro anunciou a abertura de um escrit\u00f3rio para promo\u00e7\u00e3o do com\u00e9rcio, investimento, tecnologia e inova\u00e7\u00e3o em Jerusal\u00e9m. A medida \u00e9 vista como um recuo em rela\u00e7\u00e3o \u00e0 promessa de campanha de transferir a embaixada do pa\u00eds de Tel Aviv para Jerusal\u00e9m, a exemplo do que fizeram Estados Unidos e Guatemala.<\/p>\n\n\n\n<p>A mudan\u00e7a teria efeito equivalente ao reconhecimento de Jerusal\u00e9m como capital de Israel, posi\u00e7\u00e3o defendida pelo governo israelense mas recha\u00e7ada pela comunidade internacional enquanto n\u00e3o houver acordo com os palestinos.<\/p>\n\n\n\n<p>A cidade \u00e9 considerada sagrada por crist\u00e3os, judeus e mu\u00e7ulmanos, e sua parcela oriental, ocupada por Israel desde a Guerra dos Seis Dias, em 1967, \u00e9 reivindicada tamb\u00e9m como capital de um futuro Estado Palestino. A ONU reconhece a dualidade de Jerusal\u00e9m e considera a presen\u00e7a de Israel na parte oriental da cidade &#8211; parte de expressiva maioria \u00e1rabe da popula\u00e7\u00e3o, como territ\u00f3rio ocupado.<\/p>\n\n\n\n<p>A comunidade evang\u00e9lica brasileira deseja a mudan\u00e7a da embaixada por motivos religiosos, e n\u00e3o geopol\u00edticos &#8211; mas a promessa gerou um embara\u00e7o diplom\u00e1tico entre o Brasil e pa\u00edses \u00e1rabes, e o temor de que poderia gerar embargos e sobretaxas a exporta\u00e7\u00f5es brasileiras.<\/p>\n\n\n\n<p>Pa\u00edses \u00e1rabes e mu\u00e7ulmanos s\u00e3o grandes compradores de produtos agropecu\u00e1rios, sobretudo a carne halal, de frango e bovina, produzida conforme os preceitos isl\u00e2micos, tamb\u00e9m s\u00e3o vendidos a pa\u00edses \u00e1rabes a\u00e7\u00facar e milho.<\/p>\n\n\n\n<p>Malafaia, entretanto, defende a mudan\u00e7a, e argumenta que o Brasil \u00e9 &#8220;independente e soberano&#8221; para apoiar a escolha de Israel e fixar sua embaixada em Jerusal\u00e9m.<\/p>\n\n\n\n<p>&#8220;Acho que o Brasil n\u00e3o tem nada a perder, e n\u00e3o vai perder (com a mudan\u00e7a)&#8221;, opina o pastor, minimizando o atrito que a mudan\u00e7a poderia gerar com os pa\u00edses \u00e1rabes, e a preocupa\u00e7\u00e3o de impacto negativo sobre exporta\u00e7\u00f5es brasileiras para a regi\u00e3o.<\/p>\n\n\n\n<p>&#8220;A\u00ed v\u00e3o comprar de quem? V\u00e3o comprar onde? V\u00e3o retaliar o qu\u00ea?&#8221;, ironiza o pastor, aludindo \u00e0 dificuldade que os pa\u00edses \u00e1rabes teriam para substituir as importa\u00e7\u00f5es brasileiras. O Brasil \u00e9 atualmente o maior exportador mundial de carne halal.<\/p>\n\n\n\n<p>&#8220;N\u00e3o vamos ser subservientes. N\u00e3o \u00e9 o Brasil nem ningu\u00e9m de fora que define a capital de um Estado soberano&#8221;, diz Malafaia em entrevista \u00e0 BBC News Brasil, dando pouca import\u00e2ncia a uma eventual ruptura com a postura defendida pela ONU. &#8220;Quem diz am\u00e9m para tudo que a ONU fala? Eu n\u00e3o conhe\u00e7o&#8221;, diz o pastor.<\/p>\n\n\n\n<p>Em maio do ano passado, quando a embaixada americana foi realocada para Jerusal\u00e9m, protestos na Faixa de Gaza se estenderam por semanas e deixaram dezenas de mortos, a maioria palestinos. At\u00e9 ent\u00e3o, Tel Aviv era sede de todas as representa\u00e7\u00f5es diplom\u00e1ticas mundiais. A mudan\u00e7a adotada pelos EUA foi seguida apenas pela Guatemala por enquanto. Depois das promessas feitas por Bolsonaro, a medida &#8220;permanece em estudo&#8221;, de acordo com o Itamaraty.<\/p>\n\n\n\n<p>BBC<\/p>\n","protected":false},"excerpt":{"rendered":"<p>O an\u00fancio do governo brasileiro de que vai abrir um&nbsp;escrit\u00f3rio comercial em Jerusal\u00e9m&nbsp;n\u00e3o deve ser visto como um recuo da promessa de mudar embaixada para a cidade sagrada, considera o pastor Silas Malafaia, e sim como parte de uma estrat\u00e9gia de promover a a\u00e7\u00e3o &#8220;paulatinamente&#8221;. &#8220;N\u00e3o foi o Jo\u00e3o ou o Manoel que me disse [&hellip;]<\/p>\n","protected":false},"author":2,"featured_media":3896,"comment_status":"open","ping_status":"open","sticky":false,"template":"","format":"standard","meta":{"advanced_seo_description":"","jetpack_seo_html_title":"","jetpack_seo_noindex":false,"_jetpack_memberships_contains_paid_content":false,"footnotes":""},"categories":[32],"tags":[],"class_list":{"0":"post-3895","1":"post","2":"type-post","3":"status-publish","4":"format-standard","5":"has-post-thumbnail","7":"category-politica"},"jetpack_featured_media_url":"https:\/\/www.paranapraia.com.br\/wp-content\/uploads\/2019\/04\/mala.jpg","jetpack_sharing_enabled":true,"_links":{"self":[{"href":"https:\/\/www.paranapraia.com.br\/index.php\/wp-json\/wp\/v2\/posts\/3895"}],"collection":[{"href":"https:\/\/www.paranapraia.com.br\/index.php\/wp-json\/wp\/v2\/posts"}],"about":[{"href":"https:\/\/www.paranapraia.com.br\/index.php\/wp-json\/wp\/v2\/types\/post"}],"author":[{"embeddable":true,"href":"https:\/\/www.paranapraia.com.br\/index.php\/wp-json\/wp\/v2\/users\/2"}],"replies":[{"embeddable":true,"href":"https:\/\/www.paranapraia.com.br\/index.php\/wp-json\/wp\/v2\/comments?post=3895"}],"version-history":[{"count":1,"href":"https:\/\/www.paranapraia.com.br\/index.php\/wp-json\/wp\/v2\/posts\/3895\/revisions"}],"predecessor-version":[{"id":3897,"href":"https:\/\/www.paranapraia.com.br\/index.php\/wp-json\/wp\/v2\/posts\/3895\/revisions\/3897"}],"wp:featuredmedia":[{"embeddable":true,"href":"https:\/\/www.paranapraia.com.br\/index.php\/wp-json\/wp\/v2\/media\/3896"}],"wp:attachment":[{"href":"https:\/\/www.paranapraia.com.br\/index.php\/wp-json\/wp\/v2\/media?parent=3895"}],"wp:term":[{"taxonomy":"category","embeddable":true,"href":"https:\/\/www.paranapraia.com.br\/index.php\/wp-json\/wp\/v2\/categories?post=3895"},{"taxonomy":"post_tag","embeddable":true,"href":"https:\/\/www.paranapraia.com.br\/index.php\/wp-json\/wp\/v2\/tags?post=3895"}],"curies":[{"name":"wp","href":"https:\/\/api.w.org\/{rel}","templated":true}]}}