{"id":38915,"date":"2022-07-18T15:44:37","date_gmt":"2022-07-18T18:44:37","guid":{"rendered":"https:\/\/www.paranapraia.com.br\/?p=38915"},"modified":"2022-07-18T15:44:38","modified_gmt":"2022-07-18T18:44:38","slug":"boletim-da-saude-divulga-mais-1-093-casos-e-um-obito-pela-doenca-no-parana","status":"publish","type":"post","link":"https:\/\/www.paranapraia.com.br\/index.php\/2022\/07\/18\/boletim-da-saude-divulga-mais-1-093-casos-e-um-obito-pela-doenca-no-parana\/","title":{"rendered":"Boletim da Sa\u00fade divulga mais 1.093 casos e um \u00f3bito pela doen\u00e7a no Paran\u00e1"},"content":{"rendered":"\n<p>A Secretaria estadual da Sa\u00fade divulgou nesta segunda-feira (18) mais 1.093 casos confirmados e uma morte em decorr\u00eancia da Covid-19 no Paran\u00e1.<\/p>\n\n\n\n<p>Os dados acumulados do monitoramento mostram que o Estado soma agora 2.656.289 diagn\u00f3sticos positivos e 43.979 mortos pela doen\u00e7a.<\/p>\n\n\n\n<p>Os casos s\u00e3o de julho (412), junho (671), maio (3), mar\u00e7o (1), fevereiro (1) e janeiro (2) de 2022; agosto (1) e julho (1) de 2021; e maio (1) de 2020. A morte relatada neste informe \u00e9 o de uma mulher de 83 anos, residente em Jaguapit\u00e3. O \u00f3bito ocorreu no dia 25 de agosto de 2021.&nbsp;<\/p>\n\n\n\n<p><strong>INTERNADOS&nbsp;<\/strong>\u2013 Os dados de internamentos incluem todos os pacientes com casos de S\u00edndrome Respirat\u00f3ria Aguda Grave (SRAG) e suspeitos ou confirmados da Covid-19.<\/p>\n\n\n\n<p>Nesta segunda-feira, 548 pessoas est\u00e3o internadas em leitos SUS (151 em UTI e 397 em enfermaria), somando casos de Covid-19 e de outras SRAGs. Estes dados podem ser consultados diariamente clicando&nbsp;<strong><a href=\"https:\/\/www.coronavirus.pr.gov.br\/Campanha\/Pagina\/Transparencia-Leitos-e-Internados-por-Unidade-Hospitalar\" target=\"_blank\" rel=\"noreferrer noopener\">AQUI<\/a><\/strong>.<\/p>\n\n\n\n<p><strong>FORA DO PARAN\u00c1&nbsp;<\/strong>\u2013O monitoramento registra 11.559 casos de residentes de fora do Estado; 241 pessoas foram a \u00f3bito.<\/p>\n\n\n\n<p><strong><a rel=\"noreferrer noopener\" href=\"https:\/\/www.aen.pr.gov.br\/Noticia\/INFORME_EPIDEMIOLOGICO_18_07_2022%20(saude.pr.gov.br)\" target=\"_blank\">Confira o informe completo<\/a><\/strong>.<\/p>\n\n\n\n<p>AEN<\/p>\n","protected":false},"excerpt":{"rendered":"<p>A Secretaria estadual da Sa\u00fade divulgou nesta segunda-feira (18) mais 1.093 casos confirmados e uma morte em decorr\u00eancia da Covid-19 no Paran\u00e1. Os dados acumulados do monitoramento mostram que o Estado soma agora 2.656.289 diagn\u00f3sticos positivos e 43.979 mortos pela doen\u00e7a. Os casos s\u00e3o de julho (412), junho (671), maio (3), mar\u00e7o (1), fevereiro (1) [&hellip;]<\/p>\n","protected":false},"author":2,"featured_media":38534,"comment_status":"open","ping_status":"open","sticky":false,"template":"","format":"standard","meta":{"advanced_seo_description":"","jetpack_seo_html_title":"","jetpack_seo_noindex":false,"_jetpack_memberships_contains_paid_content":false,"footnotes":""},"categories":[50],"tags":[],"class_list":{"0":"post-38915","1":"post","2":"type-post","3":"status-publish","4":"format-standard","5":"has-post-thumbnail","7":"category-saude"},"jetpack_featured_media_url":"https:\/\/www.paranapraia.com.br\/wp-content\/uploads\/2022\/07\/boletim_covid.jpg","jetpack_sharing_enabled":true,"_links":{"self":[{"href":"https:\/\/www.paranapraia.com.br\/index.php\/wp-json\/wp\/v2\/posts\/38915"}],"collection":[{"href":"https:\/\/www.paranapraia.com.br\/index.php\/wp-json\/wp\/v2\/posts"}],"about":[{"href":"https:\/\/www.paranapraia.com.br\/index.php\/wp-json\/wp\/v2\/types\/post"}],"author":[{"embeddable":true,"href":"https:\/\/www.paranapraia.com.br\/index.php\/wp-json\/wp\/v2\/users\/2"}],"replies":[{"embeddable":true,"href":"https:\/\/www.paranapraia.com.br\/index.php\/wp-json\/wp\/v2\/comments?post=38915"}],"version-history":[{"count":1,"href":"https:\/\/www.paranapraia.com.br\/index.php\/wp-json\/wp\/v2\/posts\/38915\/revisions"}],"predecessor-version":[{"id":38916,"href":"https:\/\/www.paranapraia.com.br\/index.php\/wp-json\/wp\/v2\/posts\/38915\/revisions\/38916"}],"wp:featuredmedia":[{"embeddable":true,"href":"https:\/\/www.paranapraia.com.br\/index.php\/wp-json\/wp\/v2\/media\/38534"}],"wp:attachment":[{"href":"https:\/\/www.paranapraia.com.br\/index.php\/wp-json\/wp\/v2\/media?parent=38915"}],"wp:term":[{"taxonomy":"category","embeddable":true,"href":"https:\/\/www.paranapraia.com.br\/index.php\/wp-json\/wp\/v2\/categories?post=38915"},{"taxonomy":"post_tag","embeddable":true,"href":"https:\/\/www.paranapraia.com.br\/index.php\/wp-json\/wp\/v2\/tags?post=38915"}],"curies":[{"name":"wp","href":"https:\/\/api.w.org\/{rel}","templated":true}]}}