{"id":38904,"date":"2022-07-16T11:20:00","date_gmt":"2022-07-16T14:20:00","guid":{"rendered":"https:\/\/www.paranapraia.com.br\/?p=38904"},"modified":"2022-07-18T11:21:46","modified_gmt":"2022-07-18T14:21:46","slug":"secretaria-de-saude-registra-mais-3-180-casos-e-40-obitos-de-covid-19","status":"publish","type":"post","link":"https:\/\/www.paranapraia.com.br\/index.php\/2022\/07\/16\/secretaria-de-saude-registra-mais-3-180-casos-e-40-obitos-de-covid-19\/","title":{"rendered":"Secretaria de Sa\u00fade registra mais 3.180 casos e 40 \u00f3bitos de Covid-19"},"content":{"rendered":"\n<p>A Secretaria de Estado da Sa\u00fade divulgou neste s\u00e1bado (16) 3.180 casos confirmados e 40 mortes em decorr\u00eancia da infec\u00e7\u00e3o causada pelo novo coronav\u00edrus.<\/p>\n\n\n\n<p>Os dados acumulados do monitoramento da Covid-19 mostram que o Paran\u00e1 soma 2.654.353 casos confirmados e 43.975 mortos pela doen\u00e7a.<\/p>\n\n\n\n<p>Os casos s\u00e3o de julho (2.197), junho (756), maio (70), abril (6), mar\u00e7o (6), fevereiro (19) e janeiro (35) de 2022; setembro (1), agosto (2), julho (2), junho (2), maio (3), abril (1), mar\u00e7o (39), fevereiro (16) e janeiro (1) de 2021; e dezembro (8), novembro (1), outubro (4), agosto (5), julho (3), junho (1), maio (1) e abril (1) de 2020.<\/p>\n\n\n\n<p>Os \u00f3bitos s\u00e3o de julho (6), junho (2), maio (1), abril (1), mar\u00e7o (1), fevereiro (4) e janeiro (2) de 2022; outubro (1), julho (1), junho (1), maio (1), mar\u00e7o (2) e janeiro (1) de 2021; e dezembro (4), novembro (1), outubro (1), setembro (2), agosto (3), julho (2), junho (1), maio (1) e abril (1) de 2020.<\/p>\n\n\n\n<p><strong>INTERNADOS<\/strong>&nbsp;\u2013&nbsp;Os dados de internamentos incluem todos os pacientes com casos de S\u00edndrome Respirat\u00f3ria Aguda Grave (SRAG) e suspeitos ou confirmados da Covid-19.<\/p>\n\n\n\n<p>Nesta data, 568 pessoas est\u00e3o internadas nos leitos SUS (159 em UTIs e 409 em leitos cl\u00ednicos\/enfermaria), seja por suspeita ou diagn\u00f3stico de Covid-19 ou de outras SRAGs.&nbsp;Estes dados podem ser consultados diariamente clicando&nbsp;<a href=\"https:\/\/www.coronavirus.pr.gov.br\/Campanha\/Pagina\/Transparencia-Leitos-e-Internados-por-Unidade-Hospitalar\" target=\"_blank\" rel=\"noreferrer noopener\">AQUI<\/a>.<\/p>\n\n\n\n<p><strong>\u00d3BITOS<\/strong>&nbsp;\u2013&nbsp;A Sesa informa a morte de mais 40 pacientes. S\u00e3o 12 mulheres e 28 homens, com idades entre 42 e 92 anos. Os \u00f3bitos ocorreram entre 8 de abril de 2020 e 15 de julho de 2022.<\/p>\n\n\n\n<p>Os pacientes que foram a \u00f3bito residiam em Londrina (10), Maring\u00e1 (6), Curitiba (4), Apucarana (3), Paranagu\u00e1 (2), Goioer\u00ea (2), Florest\u00f3polis (2), Cianorte (2), Camb\u00e9 (2), Ortigueira, Medianeira, Lupion\u00f3polis, Jacarezinho, Campo Mour\u00e3o, Bandeirantes e Araruna.<\/p>\n\n\n\n<p><strong>FORA DO PARAN\u00c1<\/strong>&nbsp;\u2013&nbsp;O monitoramento da Sesa registra 11.554 casos de residentes de fora do Estado&nbsp;\u2013 241 pessoas morreram.<\/p>\n\n\n\n<p><strong>Confira o informe completo clicando\u00a0<a rel=\"noreferrer noopener\" href=\"https:\/\/www.saude.pr.gov.br\/sites\/default\/arquivos_restritos\/files\/documento\/2022-07\/informe_epidemiologico_16_07_2022.pdf\" target=\"_blank\">AQUI<\/a>.<\/strong><\/p>\n\n\n\n<p>AEN<\/p>\n","protected":false},"excerpt":{"rendered":"<p>A Secretaria de Estado da Sa\u00fade divulgou neste s\u00e1bado (16) 3.180 casos confirmados e 40 mortes em decorr\u00eancia da infec\u00e7\u00e3o causada pelo novo coronav\u00edrus. Os dados acumulados do monitoramento da Covid-19 mostram que o Paran\u00e1 soma 2.654.353 casos confirmados e 43.975 mortos pela doen\u00e7a. Os casos s\u00e3o de julho (2.197), junho (756), maio (70), abril [&hellip;]<\/p>\n","protected":false},"author":2,"featured_media":38534,"comment_status":"open","ping_status":"open","sticky":false,"template":"","format":"standard","meta":{"advanced_seo_description":"","jetpack_seo_html_title":"","jetpack_seo_noindex":false,"_jetpack_memberships_contains_paid_content":false,"footnotes":""},"categories":[50],"tags":[],"class_list":{"0":"post-38904","1":"post","2":"type-post","3":"status-publish","4":"format-standard","5":"has-post-thumbnail","7":"category-saude"},"jetpack_featured_media_url":"https:\/\/www.paranapraia.com.br\/wp-content\/uploads\/2022\/07\/boletim_covid.jpg","jetpack_sharing_enabled":true,"_links":{"self":[{"href":"https:\/\/www.paranapraia.com.br\/index.php\/wp-json\/wp\/v2\/posts\/38904"}],"collection":[{"href":"https:\/\/www.paranapraia.com.br\/index.php\/wp-json\/wp\/v2\/posts"}],"about":[{"href":"https:\/\/www.paranapraia.com.br\/index.php\/wp-json\/wp\/v2\/types\/post"}],"author":[{"embeddable":true,"href":"https:\/\/www.paranapraia.com.br\/index.php\/wp-json\/wp\/v2\/users\/2"}],"replies":[{"embeddable":true,"href":"https:\/\/www.paranapraia.com.br\/index.php\/wp-json\/wp\/v2\/comments?post=38904"}],"version-history":[{"count":1,"href":"https:\/\/www.paranapraia.com.br\/index.php\/wp-json\/wp\/v2\/posts\/38904\/revisions"}],"predecessor-version":[{"id":38905,"href":"https:\/\/www.paranapraia.com.br\/index.php\/wp-json\/wp\/v2\/posts\/38904\/revisions\/38905"}],"wp:featuredmedia":[{"embeddable":true,"href":"https:\/\/www.paranapraia.com.br\/index.php\/wp-json\/wp\/v2\/media\/38534"}],"wp:attachment":[{"href":"https:\/\/www.paranapraia.com.br\/index.php\/wp-json\/wp\/v2\/media?parent=38904"}],"wp:term":[{"taxonomy":"category","embeddable":true,"href":"https:\/\/www.paranapraia.com.br\/index.php\/wp-json\/wp\/v2\/categories?post=38904"},{"taxonomy":"post_tag","embeddable":true,"href":"https:\/\/www.paranapraia.com.br\/index.php\/wp-json\/wp\/v2\/tags?post=38904"}],"curies":[{"name":"wp","href":"https:\/\/api.w.org\/{rel}","templated":true}]}}