{"id":3890,"date":"2019-04-01T09:34:25","date_gmt":"2019-04-01T12:34:25","guid":{"rendered":"https:\/\/www.paranapraia.com.br\/?p=3890"},"modified":"2019-04-01T09:34:26","modified_gmt":"2019-04-01T12:34:26","slug":"resgate-tenta-chegar-a-regioes-remotas-atingidas-por-temporal-no-sul-do-nepal","status":"publish","type":"post","link":"https:\/\/www.paranapraia.com.br\/index.php\/2019\/04\/01\/resgate-tenta-chegar-a-regioes-remotas-atingidas-por-temporal-no-sul-do-nepal\/","title":{"rendered":"Resgate tenta chegar a regi\u00f5es remotas atingidas por temporal no sul do Nepal"},"content":{"rendered":"\n<h4 class=\"wp-block-heading\">Autoridades informaram que 28 pessoas morreram nos distritos de Bara e Parsa, no sul da capital Katmandu.<\/h4>\n\n\n\n<p>As equipes de resgate tentam chegar nesta segunda-feira (1\u00ba) a regi\u00f5es remotas no sul do Nepal que foram atingidas pelo forte temporal de domingo (31). Autoridades informaram que 28 pessoas morreram.<\/p>\n\n\n\n<p>A Reuters informou no domingo que&nbsp;<a href=\"https:\/\/g1.globo.com\/mundo\/noticia\/2019\/03\/31\/forte-tempestade-no-sul-do-nepal-deixa-mortos-e-feridos.ghtml\">400 pessoas ficaram feridas<\/a>. O temporal destruiu casas, derrubou \u00e1rvores e postes de energia el\u00e9trica em Bara, distrito mais atingido pela tormenta no sul da capital Katmandu.<\/p>\n\n\n\n<p>&#8220;Ao menos 27 pessoas morreram e contamos muitos feridos. Mobilizamos equipes de busca e resgate&#8221;, afirmou o comandante da pol\u00edcia de Bara, Sanu Ram Bhattarai. Ele ressaltou que o n\u00famero de v\u00edtimas pode aumentar.<\/p>\n\n\n\n<figure class=\"wp-block-image\"><img decoding=\"async\" src=\"https:\/\/s2.glbimg.com\/FRMa79oNPFVD2ItNh4eHgmww_xY=\/0x0:5120x3413\/1008x0\/smart\/filters:strip_icc()\/i.s3.glbimg.com\/v1\/AUTH_59edd422c0c84a879bd37670ae4f538a\/internal_photos\/bs\/2019\/c\/q\/q04Li3TuChG99UJgDnFQ\/ap19091357302400.jpg\" alt=\"Mulheres lamentam perda de parentes ap\u00f3s tempestade no distrito de Bara, no Nepal \u2014 Foto: Niranjan Shrestha\/AP\"\/><\/figure>\n\n\n\n<p>Mulheres lamentam perda de parentes ap\u00f3s tempestade no distrito de Bara, no Nepal \u2014 Foto: Niranjan Shrestha\/AP<\/p>\n\n\n\n<p>Em Parsa, distrito vizinho, uma pessoa morreu, de acordo o administrador Narayam Bhattarai, segundo a ag\u00eancia Associated Press.<\/p>\n\n\n\n<p>O primeiro-ministro nepal\u00eas, K.P. Sharma Oli, prestou condol\u00eancias \u00e0s fam\u00edlias e disse que os helic\u00f3pteros est\u00e3o preparados para as opera\u00e7\u00f5es de resgate.<\/p>\n\n\n\n<p>Bara fica a cerca de 62 km ao sul da capital Kathmandu, perto da fronteira leste com a \u00cdndia. Nessa regi\u00e3o, tempestades antes da \u00e9poca das mon\u00e7\u00f5es s\u00e3o comuns durante a primavera. No entanto, dificilmente temporais do tipo causam tantos estragos.<\/p>\n\n\n\n<p>G1<\/p>\n","protected":false},"excerpt":{"rendered":"<p>Autoridades informaram que 28 pessoas morreram nos distritos de Bara e Parsa, no sul da capital Katmandu. As equipes de resgate tentam chegar nesta segunda-feira (1\u00ba) a regi\u00f5es remotas no sul do Nepal que foram atingidas pelo forte temporal de domingo (31). Autoridades informaram que 28 pessoas morreram. A Reuters informou no domingo que&nbsp;400 pessoas [&hellip;]<\/p>\n","protected":false},"author":2,"featured_media":3893,"comment_status":"open","ping_status":"open","sticky":false,"template":"","format":"standard","meta":{"advanced_seo_description":"","jetpack_seo_html_title":"","jetpack_seo_noindex":false,"_jetpack_memberships_contains_paid_content":false,"footnotes":""},"categories":[52],"tags":[],"class_list":{"0":"post-3890","1":"post","2":"type-post","3":"status-publish","4":"format-standard","5":"has-post-thumbnail","7":"category-acidentes"},"jetpack_featured_media_url":"https:\/\/www.paranapraia.com.br\/wp-content\/uploads\/2019\/04\/nep.jpg","jetpack_sharing_enabled":true,"_links":{"self":[{"href":"https:\/\/www.paranapraia.com.br\/index.php\/wp-json\/wp\/v2\/posts\/3890"}],"collection":[{"href":"https:\/\/www.paranapraia.com.br\/index.php\/wp-json\/wp\/v2\/posts"}],"about":[{"href":"https:\/\/www.paranapraia.com.br\/index.php\/wp-json\/wp\/v2\/types\/post"}],"author":[{"embeddable":true,"href":"https:\/\/www.paranapraia.com.br\/index.php\/wp-json\/wp\/v2\/users\/2"}],"replies":[{"embeddable":true,"href":"https:\/\/www.paranapraia.com.br\/index.php\/wp-json\/wp\/v2\/comments?post=3890"}],"version-history":[{"count":1,"href":"https:\/\/www.paranapraia.com.br\/index.php\/wp-json\/wp\/v2\/posts\/3890\/revisions"}],"predecessor-version":[{"id":3892,"href":"https:\/\/www.paranapraia.com.br\/index.php\/wp-json\/wp\/v2\/posts\/3890\/revisions\/3892"}],"wp:featuredmedia":[{"embeddable":true,"href":"https:\/\/www.paranapraia.com.br\/index.php\/wp-json\/wp\/v2\/media\/3893"}],"wp:attachment":[{"href":"https:\/\/www.paranapraia.com.br\/index.php\/wp-json\/wp\/v2\/media?parent=3890"}],"wp:term":[{"taxonomy":"category","embeddable":true,"href":"https:\/\/www.paranapraia.com.br\/index.php\/wp-json\/wp\/v2\/categories?post=3890"},{"taxonomy":"post_tag","embeddable":true,"href":"https:\/\/www.paranapraia.com.br\/index.php\/wp-json\/wp\/v2\/tags?post=3890"}],"curies":[{"name":"wp","href":"https:\/\/api.w.org\/{rel}","templated":true}]}}