{"id":3878,"date":"2019-04-01T09:18:18","date_gmt":"2019-04-01T12:18:18","guid":{"rendered":"https:\/\/www.paranapraia.com.br\/?p=3878"},"modified":"2019-04-01T09:18:21","modified_gmt":"2019-04-01T12:18:21","slug":"prefeitura-de-guaratuba-incentiva-venda-institucional-dos-agricultores","status":"publish","type":"post","link":"https:\/\/www.paranapraia.com.br\/index.php\/2019\/04\/01\/prefeitura-de-guaratuba-incentiva-venda-institucional-dos-agricultores\/","title":{"rendered":"Prefeitura de Guaratuba incentiva venda institucional dos agricultores"},"content":{"rendered":"\n<p>A Prefeitura de Guaratuba est\u00e1 incentivando a participa\u00e7\u00e3o de agricultores familiares na venda institucional de seus produtos.<\/p>\n\n\n\n<p>Em meados deste m\u00eas, a Secretaria das Demandas da \u00c1rea Rural organizou uma caravana com a Associa\u00e7\u00e3o dos Pequenos Produtores Rurais do Cubat\u00e3o e a Associa\u00e7\u00e3o Pr\u00f3 Agricultura Sustent\u00e1vel de Guaratuba para uma rodada de neg\u00f3cios com o Ex\u00e9rcito Brasileiro, em Ponta Grossa. Participaram do evento, realizado com apoio do Emater, 21 organiza\u00e7\u00f5es da agricultura familiar do Litoral e Centro-Sul do Estado. De Guaratuba, estiveram presentes o secret\u00e1rio Paulo Pinna, o ouvidor do Munic\u00edpio, Vandir Esmaniotto e o suplente de vereador Alaor do Cubat\u00e3o (na ocasi\u00e3o no exerc\u00edcio do mandato).<\/p>\n\n\n\n<p>Paulo Pinna explica que a participa\u00e7\u00e3o nas Compras Institucionais, do Programa de Aquisi\u00e7\u00e3o de Alimentos (PAA), \u00e9 uma forma de garantir pre\u00e7os melhores e menos sujeitos \u00e0s varia\u00e7\u00f5es do mercado. Tamb\u00e9m evita os atravessadores.<\/p>\n\n\n\n<p>As unidades do Ex\u00e9rcito no Paran\u00e1 e em Santa Catarina comp\u00f5em a 5\u00aa Regi\u00e3o Militar que tem um efetivo de 17.000 militares. A compra de alimentos na 5\u00aa RM gira em torno de R$ 48 milh\u00f5es por ano. Pouco mais da metade dos alimentos \u00e9 comprada por meio de Chamadas P\u00fablicas centralizadas no Comando. Alguns produtos mais perec\u00edveis, como a banana s\u00e3o comprados em cada unidade do Ex\u00e9rcito.<\/p>\n\n\n\n<p>Os produtores de Guaratuba pretendem vender nas duas modalidades e tamb\u00e9m participar de vendas maiores em associa\u00e7\u00e3o com agricultores de outras regi\u00f5es que produzem outras variedades de alimentos.<\/p>\n\n\n\n<figure class=\"wp-block-image\"><a href=\"https:\/\/www.correiodolitoral.com\/wp-content\/uploads\/2019\/03\/exercito2.jpeg\"><img decoding=\"async\" src=\"https:\/\/www.correiodolitoral.com\/wp-content\/uploads\/2019\/03\/exercito2-750x491.jpeg\" alt=\"\" class=\"wp-image-20222\"\/><\/a><\/figure>\n","protected":false},"excerpt":{"rendered":"<p>A Prefeitura de Guaratuba est\u00e1 incentivando a participa\u00e7\u00e3o de agricultores familiares na venda institucional de seus produtos. Em meados deste m\u00eas, a Secretaria das Demandas da \u00c1rea Rural organizou uma caravana com a Associa\u00e7\u00e3o dos Pequenos Produtores Rurais do Cubat\u00e3o e a Associa\u00e7\u00e3o Pr\u00f3 Agricultura Sustent\u00e1vel de Guaratuba para uma rodada de neg\u00f3cios com o [&hellip;]<\/p>\n","protected":false},"author":2,"featured_media":3879,"comment_status":"open","ping_status":"open","sticky":false,"template":"","format":"standard","meta":{"advanced_seo_description":"","jetpack_seo_html_title":"","jetpack_seo_noindex":false,"_jetpack_memberships_contains_paid_content":false,"footnotes":""},"categories":[42],"tags":[],"class_list":{"0":"post-3878","1":"post","2":"type-post","3":"status-publish","4":"format-standard","5":"has-post-thumbnail","7":"category-cidades"},"jetpack_featured_media_url":"https:\/\/www.paranapraia.com.br\/wp-content\/uploads\/2019\/04\/banana.jpeg","jetpack_sharing_enabled":true,"_links":{"self":[{"href":"https:\/\/www.paranapraia.com.br\/index.php\/wp-json\/wp\/v2\/posts\/3878"}],"collection":[{"href":"https:\/\/www.paranapraia.com.br\/index.php\/wp-json\/wp\/v2\/posts"}],"about":[{"href":"https:\/\/www.paranapraia.com.br\/index.php\/wp-json\/wp\/v2\/types\/post"}],"author":[{"embeddable":true,"href":"https:\/\/www.paranapraia.com.br\/index.php\/wp-json\/wp\/v2\/users\/2"}],"replies":[{"embeddable":true,"href":"https:\/\/www.paranapraia.com.br\/index.php\/wp-json\/wp\/v2\/comments?post=3878"}],"version-history":[{"count":1,"href":"https:\/\/www.paranapraia.com.br\/index.php\/wp-json\/wp\/v2\/posts\/3878\/revisions"}],"predecessor-version":[{"id":3880,"href":"https:\/\/www.paranapraia.com.br\/index.php\/wp-json\/wp\/v2\/posts\/3878\/revisions\/3880"}],"wp:featuredmedia":[{"embeddable":true,"href":"https:\/\/www.paranapraia.com.br\/index.php\/wp-json\/wp\/v2\/media\/3879"}],"wp:attachment":[{"href":"https:\/\/www.paranapraia.com.br\/index.php\/wp-json\/wp\/v2\/media?parent=3878"}],"wp:term":[{"taxonomy":"category","embeddable":true,"href":"https:\/\/www.paranapraia.com.br\/index.php\/wp-json\/wp\/v2\/categories?post=3878"},{"taxonomy":"post_tag","embeddable":true,"href":"https:\/\/www.paranapraia.com.br\/index.php\/wp-json\/wp\/v2\/tags?post=3878"}],"curies":[{"name":"wp","href":"https:\/\/api.w.org\/{rel}","templated":true}]}}