{"id":38726,"date":"2022-07-15T14:34:22","date_gmt":"2022-07-15T17:34:22","guid":{"rendered":"https:\/\/www.paranapraia.com.br\/?p=38726"},"modified":"2022-07-15T14:34:25","modified_gmt":"2022-07-15T17:34:25","slug":"policial-militar-mata-oito-pessoas-incluindo-seis-familiares-no-parana-diz-pm","status":"publish","type":"post","link":"https:\/\/www.paranapraia.com.br\/index.php\/2022\/07\/15\/policial-militar-mata-oito-pessoas-incluindo-seis-familiares-no-parana-diz-pm\/","title":{"rendered":"Policial militar mata oito pessoas, incluindo seis familiares, no Paran\u00e1, diz PM"},"content":{"rendered":"\n<p><em>Soldado trabalhava no 19\u00ba Batalh\u00e3o em Toledo; agente tirou a pr\u00f3pria vida ap\u00f3s a chacina<\/em><\/p>\n\n\n\n<p>Um\u00a0policial militar\u00a0matou oito pessoas entre a noite desta quinta-feira (14) e a madrugada desta sexta (15) na regi\u00e3o oeste do Paran\u00e1. Entre as v\u00edtimas est\u00e3o tr\u00eas filhos, a esposa, a m\u00e3e, o irm\u00e3o e outras duas pessoas, que n\u00e3o tinham parentesco.<\/p>\n\n\n\n<p>O agente policial, identificado como Fabiano Junior Garcia, era lotado no 19\u00b0 Batalh\u00e3o da Pol\u00edcia Militar (BPM), na cidade de\u00a0Toledo. O soldado teria trabalhado normalmente at\u00e9 \u00e0s 19h desta quinta-feira (14), quando iniciou a chacina.<\/p>\n\n\n\n<h2 class=\"wp-block-heading\">PM mata familiares no oeste do Paran\u00e1<\/h2>\n\n\n\n<p>Ap\u00f3s deixar o batalh\u00e3o, o soldado foi at\u00e9 a cidade de C\u00e9u Azul, que fica a aproximadamente 60 quil\u00f4metros de Toledo, onde os dois filhos estavam de f\u00e9rias em uma ch\u00e1cara. Com uma arma, o policial matou um menino de 4 anos e uma menina de 9. Na sequ\u00eancia, o soldado retornou para Toledo, onde matou uma outra filha \u2013 est\u00e1 do primeiro casamento \u2013 a m\u00e3e e o irm\u00e3o.<\/p>\n\n\n\n<p>Enquanto seguia para a casa onde morava, o policial matou duas pessoas em via p\u00fablica. J\u00e1 quando chegou na resid\u00eancia, o soldado atirou e matou a esposa, e depois tirou a pr\u00f3pria vida, dentro do carro.<\/p>\n\n\n\n<figure class=\"wp-block-image\"><img decoding=\"async\" src=\"https:\/\/static.ricmais.com.br\/uploads\/2022\/07\/policial-mata-familia-toledo-826x600.jpeg\" alt=\"policial-mata-familia-toledo\" class=\"wp-image-2003862\"\/><figcaption>(Foto: Reprodu\u00e7\u00e3o\/ Gazeta de Toledo)<\/figcaption><\/figure>\n\n\n\n<p>Em nota, a Pol\u00edcia Militar do Paran\u00e1 (PMPR) informou que o agente n\u00e3o tinha hist\u00f3rico de problemas psicol\u00f3gicos e trabalhava como motorista do Coordenador do Policiamento da Unidade.\u00a0<\/p>\n\n\n\n<h3 class=\"wp-block-heading\">Confira nota da Pol\u00edcia Militar sobre o caso<\/h3>\n\n\n\n<blockquote class=\"wp-block-quote is-layout-flow wp-block-quote-is-layout-flow\"><p><em>A Pol\u00edcia Militar est\u00e1 consternada e lamenta profundamente o ocorrido nas cidades de Toledo-PR e C\u00e9u Azul-PR.<br>O policial militar que prestava servi\u00e7os no 19\u00ba Batalh\u00e3o em Toledo n\u00e3o tinha hist\u00f3rico que pudesse indicar problemas psicol\u00f3gicos e atuava como motorista do Coordenador do Policiamento da Unidade.<br>Desde dezembro de 2020 a regi\u00e3o conta com o apoio do programa PRUMOS, que disponibiliza atendimento psicol\u00f3gico e social aos militares e dependentes, com profissionais contratados para atuar nas Organiza\u00e7\u00f5es Policiais Militares.<\/em><\/p><\/blockquote>\n\n\n\n<p>A Secretaria de Estado de Seguran\u00e7a P\u00fablica tamb\u00e9m emitiu uma nota sobre a ocorr\u00eancia:<\/p>\n\n\n\n<blockquote class=\"wp-block-quote is-layout-flow wp-block-quote-is-layout-flow\"><p><em>A Secretaria da Seguran\u00e7a P\u00fablica lamenta o caso ocorrido em Toledo e C\u00e9u Azul e informa que as Pol\u00edcias Civil, Militar e Cient\u00edfica n\u00e3o medir\u00e3o esfor\u00e7os para apurar a motiva\u00e7\u00e3o dos fatos.<br>Foi instaurado inqu\u00e9rito policial nas delegacias de ambas as cidades (Toledo e C\u00e9u Azul). Per\u00edcias foram realizadas nos locais e equipes de investiga\u00e7\u00e3o seguem na coleta de informa\u00e7\u00f5es e realizam dilig\u00eancias para concluir o caso.<br>Segundo a Pol\u00edcia Militar, o policial, que prestava servi\u00e7os no 19\u00ba Batalh\u00e3o, em Toledo, n\u00e3o tinha hist\u00f3rico que pudesse indicar problemas psicol\u00f3gicos.<br>A Secretaria ressalta ainda que conta com o Programa de Aten\u00e7\u00e3o Psicossocial (PRUMOS), implantado em todo o Estado, desde 2020, para oferecer atendimento psicossocial a servidores e familiares. Neste caso, as equipes do PRUMOS de Foz do Igua\u00e7u e Toledo j\u00e1 est\u00e3o atuando no suporte \u00e0 fam\u00edlia das v\u00edtimas. Al\u00e9m disso, uma equipe da capital tamb\u00e9m ir\u00e1 para a regi\u00e3o para fornecer todo o apoio necess\u00e1rio.<\/em><\/p><\/blockquote>\n\n\n\n<p><strong><em>RICMAIS<\/em><\/strong><\/p>\n","protected":false},"excerpt":{"rendered":"<p>Soldado trabalhava no 19\u00ba Batalh\u00e3o em Toledo; agente tirou a pr\u00f3pria vida ap\u00f3s a chacina Um\u00a0policial militar\u00a0matou oito pessoas entre a noite desta quinta-feira (14) e a madrugada desta sexta (15) na regi\u00e3o oeste do Paran\u00e1. Entre as v\u00edtimas est\u00e3o tr\u00eas filhos, a esposa, a m\u00e3e, o irm\u00e3o e outras duas pessoas, que n\u00e3o tinham [&hellip;]<\/p>\n","protected":false},"author":2,"featured_media":38727,"comment_status":"open","ping_status":"open","sticky":false,"template":"","format":"standard","meta":{"advanced_seo_description":"","jetpack_seo_html_title":"","jetpack_seo_noindex":false,"_jetpack_memberships_contains_paid_content":false,"footnotes":""},"categories":[40],"tags":[],"class_list":{"0":"post-38726","1":"post","2":"type-post","3":"status-publish","4":"format-standard","5":"has-post-thumbnail","7":"category-destaques"},"jetpack_featured_media_url":"https:\/\/www.paranapraia.com.br\/wp-content\/uploads\/2022\/07\/WhatsApp-Image-2022-07-15-at-14.13.08.jpeg","jetpack_sharing_enabled":true,"_links":{"self":[{"href":"https:\/\/www.paranapraia.com.br\/index.php\/wp-json\/wp\/v2\/posts\/38726"}],"collection":[{"href":"https:\/\/www.paranapraia.com.br\/index.php\/wp-json\/wp\/v2\/posts"}],"about":[{"href":"https:\/\/www.paranapraia.com.br\/index.php\/wp-json\/wp\/v2\/types\/post"}],"author":[{"embeddable":true,"href":"https:\/\/www.paranapraia.com.br\/index.php\/wp-json\/wp\/v2\/users\/2"}],"replies":[{"embeddable":true,"href":"https:\/\/www.paranapraia.com.br\/index.php\/wp-json\/wp\/v2\/comments?post=38726"}],"version-history":[{"count":1,"href":"https:\/\/www.paranapraia.com.br\/index.php\/wp-json\/wp\/v2\/posts\/38726\/revisions"}],"predecessor-version":[{"id":38728,"href":"https:\/\/www.paranapraia.com.br\/index.php\/wp-json\/wp\/v2\/posts\/38726\/revisions\/38728"}],"wp:featuredmedia":[{"embeddable":true,"href":"https:\/\/www.paranapraia.com.br\/index.php\/wp-json\/wp\/v2\/media\/38727"}],"wp:attachment":[{"href":"https:\/\/www.paranapraia.com.br\/index.php\/wp-json\/wp\/v2\/media?parent=38726"}],"wp:term":[{"taxonomy":"category","embeddable":true,"href":"https:\/\/www.paranapraia.com.br\/index.php\/wp-json\/wp\/v2\/categories?post=38726"},{"taxonomy":"post_tag","embeddable":true,"href":"https:\/\/www.paranapraia.com.br\/index.php\/wp-json\/wp\/v2\/tags?post=38726"}],"curies":[{"name":"wp","href":"https:\/\/api.w.org\/{rel}","templated":true}]}}