{"id":38722,"date":"2022-07-15T10:50:18","date_gmt":"2022-07-15T13:50:18","guid":{"rendered":"https:\/\/www.paranapraia.com.br\/?p=38722"},"modified":"2022-07-15T10:50:19","modified_gmt":"2022-07-15T13:50:19","slug":"atividades-para-criancas-e-novas-exposicoes-estao-na-programacao-cultural-do-parana","status":"publish","type":"post","link":"https:\/\/www.paranapraia.com.br\/index.php\/2022\/07\/15\/atividades-para-criancas-e-novas-exposicoes-estao-na-programacao-cultural-do-parana\/","title":{"rendered":"Atividades para crian\u00e7as e novas exposi\u00e7\u00f5es est\u00e3o na programa\u00e7\u00e3o cultural do Paran\u00e1"},"content":{"rendered":"\n<p>A programa\u00e7\u00e3o cultural do Estado re\u00fane o movimento de mulheres negras, uma colet\u00e2nea de artistas no Museu Oscar Niemeyer e uma ampla agenda na Biblioteca P\u00fablica. Entre estreias, novidades e programa\u00e7\u00f5es em cartaz, grande parte envolve op\u00e7\u00f5es gratuitas e livres para todos os p\u00fablicos.<\/p>\n\n\n\n<p><strong>NO OLHO DO MON<\/strong>&nbsp;\u2013 Uma exposi\u00e7\u00e3o coletiva com&nbsp;<a href=\"https:\/\/www.aen.pr.gov.br\/Noticia\/Com-participacao-de-23-artistas-MON-promove-exposicao-Opera-Citoplasmatica\" target=\"_blank\" rel=\"noreferrer noopener\">23 artistas e cerca de 70 obras<\/a>, \u201c\u00d3pera Citoplasm\u00e1tica\u201d ocupar\u00e1 o espa\u00e7o do Olho, no Museu Oscar Niemeyer (MON), a partir desta sexta-feira (15). A mostra prop\u00f5e um di\u00e1logo com o pr\u00f3prio espa\u00e7o expositivo do Olho, fazendo com que a sua especificidade arquitet\u00f4nica participe do projeto. A luminosidade controlada do local possibilita um desenho expogr\u00e1fico e uma ambienta\u00e7\u00e3o experimental, incorporando a curvatura do teto e o vidro escuro das janelas imensas como elementos importantes.<\/p>\n\n\n\n<p><strong>JULHO DAS PRETAS NO MUPA<\/strong>&nbsp;\u2013 O dia 25 de julho marca o Dia Internacional da Mulher Negra Latino-Americana e Caribenha. Para enfatizar a data, o Museu Paranaense (MUPA) ir\u00e1 promover uma&nbsp;<a href=\"https:\/\/www.aen.pr.gov.br\/Noticia\/MUPA-tera-programacao-aberta-para-o-movimento-de-mulheres-negras\" target=\"_blank\" rel=\"noreferrer noopener\">agenda conjunta com organiza\u00e7\u00f5es do movimento de mulheres negras do Brasil<\/a>, recebendo o evento Julho das Pretas na sede do museu.<\/p>\n\n\n\n<p>A programa\u00e7\u00e3o ser\u00e1 composta por diversas atividades, oficinas e espet\u00e1culos que transitam por diferentes linguagens. M\u00fasica, teatro, poesia, cultura tradicional e cultura de rua ir\u00e3o compor dois domingos (17 de julho e 24 de julho) de programa\u00e7\u00e3o gratuita e aberta a todos os p\u00fablicos. Mais informa\u00e7\u00f5es sobre hor\u00e1rios, consulte o site do Museu Paranaense.<\/p>\n\n\n\n<p><strong>HIST\u00d3RIA DO TEATRO S\u00c3O JO\u00c3O DA LAPA NO MIS<\/strong>&nbsp;\u2013 Est\u00e1 em cartaz no Museu da Imagem e do Som do Paran\u00e1 (MIS-PR) a exposi\u00e7\u00e3o&nbsp;<a href=\"https:\/\/www.aen.pr.gov.br\/Noticia\/MIS-PR-inaugura-exposicao-sobre-o-teatro-da-Lapa-em-parceria-com-o-Iphan\" target=\"_blank\" rel=\"noreferrer noopener\">\u201cQuo Vadis? \u2013 Theatro S\u00e3o Jo\u00e3o\u201d<\/a>. A mostra re\u00fane diversos materiais documentais e fotogr\u00e1ficos que tra\u00e7am a hist\u00f3ria do Teatro S\u00e3o Jo\u00e3o, localizado no munic\u00edpio da Lapa, na Regi\u00e3o Metropolitana de Curitiba. Composta por diversas narrativas, essa mostra foi concebida com o objetivo de promover uma aproxima\u00e7\u00e3o da sociedade paranaense com o teatro e sensibilizar cidad\u00e3os e autoridades para a import\u00e2ncia da preserva\u00e7\u00e3o e valoriza\u00e7\u00e3o do Patrim\u00f4nio Cultural brasileiro.<\/p>\n\n\n\n<p><strong>DOMINGO COM A OSP&nbsp;<\/strong>\u2013 A Orquestra Sinf\u00f4nica do Paran\u00e1 apresenta um concerto com&nbsp;<a href=\"https:\/\/www.aen.pr.gov.br\/Noticia\/Orquestra-Sinfonica-do-Parana-se-apresenta-no-proximo-domingo-no-Guairao\" target=\"_blank\" rel=\"noreferrer noopener\">reg\u00eancia do maestro convidado Raphael Haeger<\/a>&nbsp;neste domingo (17). O espet\u00e1culo ser\u00e1 no Audit\u00f3rio Bento Munhoz da Rocha Neto (Guair\u00e3o), \u00e0s 10h30. Os ingressos custam R$ 20 (inteira) e R$ 10 (meia-entrada) e est\u00e3o dispon\u00edveis na bilheteria do teatro ou pelo site Ticket F\u00e1cil.<\/p>\n\n\n\n<p><strong>F\u00c9RIAS NA BPP&nbsp;<\/strong>\u2013 A programa\u00e7\u00e3o do fim de semana na Biblioteca P\u00fablica do Paran\u00e1 tem como destaque mais uma edi\u00e7\u00e3o do projeto Cine Pipoca, que desta vez exibe o filme \u201cUma Noite no Museu\u201d. A agenda cultural ainda inclui sess\u00f5es de conta\u00e7\u00e3o de hist\u00f3rias, exposi\u00e7\u00e3o fotogr\u00e1fica e um torneio de domin\u00f3 para pessoas com defici\u00eancia visual. Todas as atra\u00e7\u00f5es s\u00e3o gratuitas.<\/p>\n\n\n\n<p><strong>Cine Pipoca: Exibi\u00e7\u00e3o de filmes com classifica\u00e7\u00e3o indicativa livre<\/strong><\/p>\n\n\n\n<p>Sexta (15), \u00e0s 14h30 \u2014 Uma Noite no Museu (2006)<\/p>\n\n\n\n<p>Local: Audit\u00f3rio.<\/p>\n\n\n\n<p><strong>Hora do Conto<\/strong><\/p>\n\n\n\n<p>Sess\u00e3o di\u00e1ria de conta\u00e7\u00e3o de hist\u00f3rias, seguida de atividade art\u00edstica sobre o conte\u00fado apresentado<\/p>\n\n\n\n<p>Sexta (15) e s\u00e1bado (16), \u00e0s 11h<\/p>\n\n\n\n<p>Local: Se\u00e7\u00e3o Infantil<\/p>\n\n\n\n<p><strong>Torneio de domin\u00f3 para pessoas com defici\u00eancia visual<\/strong><\/p>\n\n\n\n<p>Campeonato de duplas promovido pela Se\u00e7\u00e3o Braille, para participantes de todas as idades<\/p>\n\n\n\n<p>S\u00e1bado (16), a partir das 9h<\/p>\n\n\n\n<p>Inscri\u00e7\u00f5es e informa\u00e7\u00f5es: (41) 999648-9129 (Everson)<\/p>\n\n\n\n<p>Local: Hall do segundo andar<\/p>\n\n\n\n<p><strong>Exposi\u00e7\u00e3o 39 Anos em 39 Imagens de Curitiba<\/strong><\/p>\n\n\n\n<p>Mostra com trabalhos de dez fot\u00f3grafos convidados pela equipe do jornal Bem Paran\u00e1<\/p>\n\n\n\n<p>Sexta (15), das 8h30 \u00e0s 20h, e s\u00e1bado (16), das 8h30 \u00e0s 13h<\/p>\n\n\n\n<p>Local: Hall t\u00e9rreo<\/p>\n\n\n\n<p><strong>Servi\u00e7os:<\/strong><\/p>\n\n\n\n<p><strong>Museu Oscar Niemeyer (MON)<\/strong><\/p>\n\n\n\n<p>R. Mal. Hermes, 999 \u2013 Centro C\u00edvico, Curitiba \u2013 PR<\/p>\n\n\n\n<p>(41) 3350-4468 \/ 3350-4448<\/p>\n\n\n\n<p><strong>Museu Paranaense (MUPA)<\/strong><\/p>\n\n\n\n<p>R. Kellers, 289 \u2013 S\u00e3o Francisco, Curitiba \u2013 PR<\/p>\n\n\n\n<p>(41) 3304-3300<\/p>\n\n\n\n<p><strong>Museu da Imagem e do Som (MIS-PR)<\/strong><\/p>\n\n\n\n<p>Rua Bar\u00e3o do Rio Branco, 395 \u2013 Centro, Curitiba \u2013 PR<\/p>\n\n\n\n<p>(41) 3232-9113<\/p>\n\n\n\n<p><strong>Biblioteca P\u00fablica do Paran\u00e1 (BPP)<\/strong><\/p>\n\n\n\n<p>R. C\u00e2ndido Lopes, 133 \u2013 Centro, Curitiba \u2013 PR<\/p>\n\n\n\n<p>(41) 3221-4951<\/p>\n\n\n\n<p><strong>Museu Casa Alfredo Andersen (MCAA)<\/strong><\/p>\n\n\n\n<p>R. Mateus Leme, 336 \u2013 S\u00e3o Francisco, Curitiba \u2013 PR<\/p>\n\n\n\n<p>(41) 3222-8262<\/p>\n\n\n\n<p><strong>Museu de Arte Contempor\u00e2nea do Paran\u00e1 (MAC-PR)<\/strong><\/p>\n\n\n\n<p>Funcionando temporariamente no Museu Oscar Niemeyer, Salas 8 e 9<\/p>\n\n\n\n<p>R. Mal. Hermes, 999 \u2013 Centro C\u00edvico, Curitiba \u2013 PR<\/p>\n\n\n\n<p>(41) 3323-5328 \/ 3222-5172<\/p>\n\n\n\n<p>AEN<\/p>\n","protected":false},"excerpt":{"rendered":"<p>A programa\u00e7\u00e3o cultural do Estado re\u00fane o movimento de mulheres negras, uma colet\u00e2nea de artistas no Museu Oscar Niemeyer e uma ampla agenda na Biblioteca P\u00fablica. Entre estreias, novidades e programa\u00e7\u00f5es em cartaz, grande parte envolve op\u00e7\u00f5es gratuitas e livres para todos os p\u00fablicos. NO OLHO DO MON&nbsp;\u2013 Uma exposi\u00e7\u00e3o coletiva com&nbsp;23 artistas e cerca [&hellip;]<\/p>\n","protected":false},"author":2,"featured_media":38723,"comment_status":"open","ping_status":"open","sticky":false,"template":"","format":"standard","meta":{"advanced_seo_description":"","jetpack_seo_html_title":"","jetpack_seo_noindex":false,"_jetpack_memberships_contains_paid_content":false,"footnotes":""},"categories":[40],"tags":[],"class_list":{"0":"post-38722","1":"post","2":"type-post","3":"status-publish","4":"format-standard","5":"has-post-thumbnail","7":"category-destaques"},"jetpack_featured_media_url":"https:\/\/www.paranapraia.com.br\/wp-content\/uploads\/2022\/07\/meio_de_cultura_de_joao_gg._foto_joao_gg_0-scaled.jpg","jetpack_sharing_enabled":true,"_links":{"self":[{"href":"https:\/\/www.paranapraia.com.br\/index.php\/wp-json\/wp\/v2\/posts\/38722"}],"collection":[{"href":"https:\/\/www.paranapraia.com.br\/index.php\/wp-json\/wp\/v2\/posts"}],"about":[{"href":"https:\/\/www.paranapraia.com.br\/index.php\/wp-json\/wp\/v2\/types\/post"}],"author":[{"embeddable":true,"href":"https:\/\/www.paranapraia.com.br\/index.php\/wp-json\/wp\/v2\/users\/2"}],"replies":[{"embeddable":true,"href":"https:\/\/www.paranapraia.com.br\/index.php\/wp-json\/wp\/v2\/comments?post=38722"}],"version-history":[{"count":1,"href":"https:\/\/www.paranapraia.com.br\/index.php\/wp-json\/wp\/v2\/posts\/38722\/revisions"}],"predecessor-version":[{"id":38724,"href":"https:\/\/www.paranapraia.com.br\/index.php\/wp-json\/wp\/v2\/posts\/38722\/revisions\/38724"}],"wp:featuredmedia":[{"embeddable":true,"href":"https:\/\/www.paranapraia.com.br\/index.php\/wp-json\/wp\/v2\/media\/38723"}],"wp:attachment":[{"href":"https:\/\/www.paranapraia.com.br\/index.php\/wp-json\/wp\/v2\/media?parent=38722"}],"wp:term":[{"taxonomy":"category","embeddable":true,"href":"https:\/\/www.paranapraia.com.br\/index.php\/wp-json\/wp\/v2\/categories?post=38722"},{"taxonomy":"post_tag","embeddable":true,"href":"https:\/\/www.paranapraia.com.br\/index.php\/wp-json\/wp\/v2\/tags?post=38722"}],"curies":[{"name":"wp","href":"https:\/\/api.w.org\/{rel}","templated":true}]}}