{"id":38715,"date":"2022-07-14T15:52:00","date_gmt":"2022-07-14T18:52:00","guid":{"rendered":"https:\/\/www.paranapraia.com.br\/?p=38715"},"modified":"2022-07-14T15:52:02","modified_gmt":"2022-07-14T18:52:02","slug":"mon-divulga-atividades-de-julho-do-programa-arte-para-maiores","status":"publish","type":"post","link":"https:\/\/www.paranapraia.com.br\/index.php\/2022\/07\/14\/mon-divulga-atividades-de-julho-do-programa-arte-para-maiores\/","title":{"rendered":"MON divulga atividades de julho do programa Arte para Maiores"},"content":{"rendered":"\n<p>A edi\u00e7\u00e3o de julho do programa Arte para Maiores do&nbsp;<strong><a href=\"https:\/\/www.museuoscarniemeyer.org.br\/home\" target=\"_blank\" rel=\"noreferrer noopener\">Museu Oscar Niemeyer (MON)<\/a><\/strong>, destinado especialmente ao p\u00fablico com mais de 60 anos, ter\u00e1 visita mediada, oficina art\u00edstica e videoconfer\u00eancia sobre a exposi\u00e7\u00e3o \u201cPintura e Mat\u00e9ria\u201d, do artista Rodrigo Andrade. Para se inscrever \u00e9 necess\u00e1rio preencher o formul\u00e1rio online:&nbsp;<strong><a href=\"https:\/\/docs.google.com\/forms\/d\/e\/1FAIpQLSff4eEqI0phmv1vsKLyJTyk-JZG3_AnQgoLKJQk05E35VfCXw\/viewform\" target=\"_blank\" rel=\"noreferrer noopener\">bit.ly\/APMjulho2022<\/a><\/strong><\/p>\n\n\n\n<p>A visita mediada e a oficina ser\u00e3o ter\u00e7a-feira, dia 19 de julho, das 14h \u00e0s 17h, com a equipe do Educativo do Museu. As vagas s\u00e3o limitadas e n\u00e3o \u00e9 necess\u00e1rio possuir conhecimento pr\u00e9vio em artes visuais. No dia 26 de julho, das 14h \u00e0s 15h30, haver\u00e1 uma videoconfer\u00eancia com o artista Rodrigo Andrade e com a curadora da exposi\u00e7\u00e3o, Taisa Palhares. Eles abordar\u00e3o aspectos art\u00edsticos da vida e obra do artista.<\/p>\n\n\n\n<p>Rodrigo Andrade (1962) nasceu, vive e trabalha na capital de S\u00e3o Paulo. Atua como artista desde o final da d\u00e9cada de 70 e se tornou um dos principais nomes da pintura e do campo art\u00edstico nacional. Al\u00e9m de participar do importante movimento art\u00edstico Casa7, o artista realizou mostras em renomadas institui\u00e7\u00f5es nacionais e internacionais.&nbsp;<\/p>\n\n\n\n<p>Entre os trabalhos individuais recentes, destacam-se: Pinturas da era do absurdo, Galeria Millan, S\u00e3o Paulo (2020); Di\u00e1logo crom\u00e1tico, Galeria Sim\u00f5es de Assis, Curitiba, PR (2019); Pintura e Mat\u00e9ria (1983-2014), Esta\u00e7\u00e3o Pinacoteca, S\u00e3o Paulo, SP (2017); Pinturas de Estrada, Centro Universit\u00e1rio Maria Antonia, S\u00e3o Paulo, SP (2013); Pinturas: Sele\u00e7\u00e3o 99-06, Museu de Arte da Pampulha, Belo Horizonte, MG (2006); e Paredes da Caixa, Museu da Caixa Cultural, S\u00e3o Paulo, SP (2006).<\/p>\n\n\n\n<p>Sua obra integra importantes cole\u00e7\u00f5es p\u00fablicas, como do Museu de Arte de Bras\u00edlia, Instituto Cultural Ita\u00fa, S\u00e3o Paulo; Museu de Arte da Pampulha, Belo Horizonte; Museu de Arte Moderna de S\u00e3o Paulo; Pinacoteca do Estado de S\u00e3o Paulo; Museu de Arte Contempor\u00e2nea de Niter\u00f3i, al\u00e9m de outras cole\u00e7\u00f5es particulares.<\/p>\n\n\n\n<p><strong>CURADORA&nbsp;<\/strong>\u2013 Professora de Est\u00e9tica no Departamento de Filosofia da Universidade Estadual de Campinas. Possui gradua\u00e7\u00e3o (1997), mestrado (2001) e doutorado em Filosofia (2011) pela Universidade de S\u00e3o Paulo (USP). Realiza estudos nas \u00e1reas de est\u00e9tica e artes visuais, com \u00eanfase na pesquisa sobre a fundamenta\u00e7\u00e3o da obra de arte desde a Modernidade.<\/p>\n\n\n\n<p><strong>EM CARTAZ&nbsp;<\/strong>\u2013Apresentada na Sala 2, a mostra re\u00fane 46 obras num significativo recorte da trajet\u00f3ria singular do artista. Um n\u00facleo importante da exposi\u00e7\u00e3o re\u00fane as telas abstratas dos anos 2000, nas quais Rodrigo busca a redu\u00e7\u00e3o da pintura a certo grau zero: formas geom\u00e9tricas feitas de massas de tinta que s\u00e3o diretamente aplicadas sobre a tela. Ao final da mostra, est\u00e3o as produ\u00e7\u00f5es mais recentes do artista, nas quais se percebe que as rela\u00e7\u00f5es entre cor, mat\u00e9ria e imagem s\u00e3o intensificadas.<\/p>\n\n\n\n<p><strong>Servi\u00e7o:<\/strong><\/p>\n\n\n\n<p><strong>Visita mediada e oficina<\/strong><br>19 de julho<br>Hor\u00e1rio: das 14h \u00e0s 17h<\/p>\n\n\n\n<p><strong>Videoconfer\u00eancia<\/strong><br>26 de julho<br>Hor\u00e1rio: das 14h \u00e0s 15h30<br>Inscri\u00e7\u00f5es:&nbsp;<strong><a href=\"https:\/\/docs.google.com\/forms\/d\/e\/1FAIpQLSff4eEqI0phmv1vsKLyJTyk-JZG3_AnQgoLKJQk05E35VfCXw\/viewform\" target=\"_blank\" rel=\"noreferrer noopener\">bit.ly\/APMjulho2022&nbsp;<\/a><\/strong><\/p>\n\n\n\n<p><strong><a rel=\"noreferrer noopener\" href=\"https:\/\/www.museuoscarniemeyer.org.br\/home\" target=\"_blank\">Museu Oscar Niemeyer<\/a><\/strong><br>Rua Marechal Hermes \u2013 999 \u2013 Centro C\u00edvico \u2013 Curitiba<\/p>\n\n\n\n<p>AEN<\/p>\n","protected":false},"excerpt":{"rendered":"<p>A edi\u00e7\u00e3o de julho do programa Arte para Maiores do&nbsp;Museu Oscar Niemeyer (MON), destinado especialmente ao p\u00fablico com mais de 60 anos, ter\u00e1 visita mediada, oficina art\u00edstica e videoconfer\u00eancia sobre a exposi\u00e7\u00e3o \u201cPintura e Mat\u00e9ria\u201d, do artista Rodrigo Andrade. Para se inscrever \u00e9 necess\u00e1rio preencher o formul\u00e1rio online:&nbsp;bit.ly\/APMjulho2022 A visita mediada e a oficina ser\u00e3o [&hellip;]<\/p>\n","protected":false},"author":2,"featured_media":38716,"comment_status":"open","ping_status":"open","sticky":false,"template":"","format":"standard","meta":{"advanced_seo_description":"","jetpack_seo_html_title":"","jetpack_seo_noindex":false,"_jetpack_memberships_contains_paid_content":false,"footnotes":""},"categories":[78],"tags":[],"class_list":{"0":"post-38715","1":"post","2":"type-post","3":"status-publish","4":"format-standard","5":"has-post-thumbnail","7":"category-cultura"},"jetpack_featured_media_url":"https:\/\/www.paranapraia.com.br\/wp-content\/uploads\/2022\/07\/sem_titulo_98_divulgacao-scaled.jpg","jetpack_sharing_enabled":true,"_links":{"self":[{"href":"https:\/\/www.paranapraia.com.br\/index.php\/wp-json\/wp\/v2\/posts\/38715"}],"collection":[{"href":"https:\/\/www.paranapraia.com.br\/index.php\/wp-json\/wp\/v2\/posts"}],"about":[{"href":"https:\/\/www.paranapraia.com.br\/index.php\/wp-json\/wp\/v2\/types\/post"}],"author":[{"embeddable":true,"href":"https:\/\/www.paranapraia.com.br\/index.php\/wp-json\/wp\/v2\/users\/2"}],"replies":[{"embeddable":true,"href":"https:\/\/www.paranapraia.com.br\/index.php\/wp-json\/wp\/v2\/comments?post=38715"}],"version-history":[{"count":1,"href":"https:\/\/www.paranapraia.com.br\/index.php\/wp-json\/wp\/v2\/posts\/38715\/revisions"}],"predecessor-version":[{"id":38717,"href":"https:\/\/www.paranapraia.com.br\/index.php\/wp-json\/wp\/v2\/posts\/38715\/revisions\/38717"}],"wp:featuredmedia":[{"embeddable":true,"href":"https:\/\/www.paranapraia.com.br\/index.php\/wp-json\/wp\/v2\/media\/38716"}],"wp:attachment":[{"href":"https:\/\/www.paranapraia.com.br\/index.php\/wp-json\/wp\/v2\/media?parent=38715"}],"wp:term":[{"taxonomy":"category","embeddable":true,"href":"https:\/\/www.paranapraia.com.br\/index.php\/wp-json\/wp\/v2\/categories?post=38715"},{"taxonomy":"post_tag","embeddable":true,"href":"https:\/\/www.paranapraia.com.br\/index.php\/wp-json\/wp\/v2\/tags?post=38715"}],"curies":[{"name":"wp","href":"https:\/\/api.w.org\/{rel}","templated":true}]}}