{"id":38712,"date":"2022-07-14T14:41:53","date_gmt":"2022-07-14T17:41:53","guid":{"rendered":"https:\/\/www.paranapraia.com.br\/?p=38712"},"modified":"2022-07-14T14:41:55","modified_gmt":"2022-07-14T17:41:55","slug":"bale-teatro-guaira-apresenta-o-lago-dos-cisnes-nos-dias-24-e-25-de-julho","status":"publish","type":"post","link":"https:\/\/www.paranapraia.com.br\/index.php\/2022\/07\/14\/bale-teatro-guaira-apresenta-o-lago-dos-cisnes-nos-dias-24-e-25-de-julho\/","title":{"rendered":"Bal\u00e9 Teatro Gua\u00edra apresenta \u201cO Lago dos Cisnes\u201d nos dias 24 e 25 de julho"},"content":{"rendered":"\n<p>O Bal\u00e9 Teatro Gua\u00edra (BTG) apresenta o espet\u00e1culo \u201cO Lago dos Cisnes&#8221; nos dias 24 e 25 de julho. Inspirada no folclore europeu, a montagem conta, em linguagem contempor\u00e2nea, a hist\u00f3ria de amor entre o pr\u00edncipe Siegfried e Odette, transformada em cisne por um bruxo. A cria\u00e7\u00e3o tem dire\u00e7\u00e3o e coreografia de Luiz Fernando Bongiovanni.<\/p>\n\n\n\n<p>Para construir a vers\u00e3o contempor\u00e2nea, o core\u00f3grafo revisitou o folclore e fez uma pesquisa iconogr\u00e1fica. Bongiovanni acredita que \u201cO Lago dos Cisnes\u201d segue relevante no s\u00e9culo XXI por refletir conflitos universais da passagem para o mundo adulto.&nbsp;<\/p>\n\n\n\n<p>Obra musical composta por Tchaikovsky em 1876, ela foi encenado pela primeira vez no ano seguinte. Em seu anivers\u00e1rio de 21 anos, Siegfried precisa escolher uma esposa por ordem de sua m\u00e3e. Ele conhece Odette, uma princesa transformada em cisne pelo feiticeiro Von Rothbart, antagonista da hist\u00f3ria. O mago e sua filha, Odile, tentam separar o casal.<\/p>\n\n\n\n<p>Bongiovanni j\u00e1 desenvolveu outros trabalhos de sucesso com o BTG. A parceria come\u00e7ou com a obra \u201cCaixa de Cores\u201d e seguiu com uma trilogia de cl\u00e1ssicos com roupagem contempor\u00e2nea: \u201cRomeu e Julieta\u201d, \u201cCarmen\u201d e \u201cO Lago dos Cisnes\u201d.&nbsp;<\/p>\n\n\n\n<p><strong>Servi\u00e7o:<\/strong><\/p>\n\n\n\n<p>Bal\u00e9 Teatro Gua\u00edra | \u201cO Lago dos Cisnes\u201d<\/p>\n\n\n\n<p>Dias 24 e 25 de julho<\/p>\n\n\n\n<p>Domingo, \u00e0s 18h, e segunda, \u00e0s 20h30<\/p>\n\n\n\n<p>Classifica\u00e7\u00e3o indicativa: livre&nbsp;<\/p>\n\n\n\n<p>Ingressos:\u00a0<a rel=\"noreferrer noopener\" href=\"https:\/\/www.ticketfacil.com.br\/eventos\/cctg-o-lago-dos-cisnes.aspx\" target=\"_blank\">https:\/\/www.ticketfacil.com.br\/eventos\/cctg-o-lago-dos-cisnes.aspx<\/a><\/p>\n\n\n\n<p>AEN<\/p>\n","protected":false},"excerpt":{"rendered":"<p>O Bal\u00e9 Teatro Gua\u00edra (BTG) apresenta o espet\u00e1culo \u201cO Lago dos Cisnes&#8221; nos dias 24 e 25 de julho. Inspirada no folclore europeu, a montagem conta, em linguagem contempor\u00e2nea, a hist\u00f3ria de amor entre o pr\u00edncipe Siegfried e Odette, transformada em cisne por um bruxo. A cria\u00e7\u00e3o tem dire\u00e7\u00e3o e coreografia de Luiz Fernando Bongiovanni. [&hellip;]<\/p>\n","protected":false},"author":2,"featured_media":38713,"comment_status":"open","ping_status":"open","sticky":false,"template":"","format":"standard","meta":{"advanced_seo_description":"","jetpack_seo_html_title":"","jetpack_seo_noindex":false,"_jetpack_memberships_contains_paid_content":false,"footnotes":""},"categories":[40],"tags":[],"class_list":{"0":"post-38712","1":"post","2":"type-post","3":"status-publish","4":"format-standard","5":"has-post-thumbnail","7":"category-destaques"},"jetpack_featured_media_url":"https:\/\/www.paranapraia.com.br\/wp-content\/uploads\/2022\/07\/52215900538_f5698e1980_k.jpg","jetpack_sharing_enabled":true,"_links":{"self":[{"href":"https:\/\/www.paranapraia.com.br\/index.php\/wp-json\/wp\/v2\/posts\/38712"}],"collection":[{"href":"https:\/\/www.paranapraia.com.br\/index.php\/wp-json\/wp\/v2\/posts"}],"about":[{"href":"https:\/\/www.paranapraia.com.br\/index.php\/wp-json\/wp\/v2\/types\/post"}],"author":[{"embeddable":true,"href":"https:\/\/www.paranapraia.com.br\/index.php\/wp-json\/wp\/v2\/users\/2"}],"replies":[{"embeddable":true,"href":"https:\/\/www.paranapraia.com.br\/index.php\/wp-json\/wp\/v2\/comments?post=38712"}],"version-history":[{"count":1,"href":"https:\/\/www.paranapraia.com.br\/index.php\/wp-json\/wp\/v2\/posts\/38712\/revisions"}],"predecessor-version":[{"id":38714,"href":"https:\/\/www.paranapraia.com.br\/index.php\/wp-json\/wp\/v2\/posts\/38712\/revisions\/38714"}],"wp:featuredmedia":[{"embeddable":true,"href":"https:\/\/www.paranapraia.com.br\/index.php\/wp-json\/wp\/v2\/media\/38713"}],"wp:attachment":[{"href":"https:\/\/www.paranapraia.com.br\/index.php\/wp-json\/wp\/v2\/media?parent=38712"}],"wp:term":[{"taxonomy":"category","embeddable":true,"href":"https:\/\/www.paranapraia.com.br\/index.php\/wp-json\/wp\/v2\/categories?post=38712"},{"taxonomy":"post_tag","embeddable":true,"href":"https:\/\/www.paranapraia.com.br\/index.php\/wp-json\/wp\/v2\/tags?post=38712"}],"curies":[{"name":"wp","href":"https:\/\/api.w.org\/{rel}","templated":true}]}}