{"id":3870,"date":"2019-04-01T09:12:17","date_gmt":"2019-04-01T12:12:17","guid":{"rendered":"https:\/\/www.paranapraia.com.br\/?p=3870"},"modified":"2019-04-01T09:12:17","modified_gmt":"2019-04-01T12:12:17","slug":"integrante-de-motoclube-morre-em-acidente-de-moto-em-rodovia-no-litoral","status":"publish","type":"post","link":"https:\/\/www.paranapraia.com.br\/index.php\/2019\/04\/01\/integrante-de-motoclube-morre-em-acidente-de-moto-em-rodovia-no-litoral\/","title":{"rendered":"Integrante de motoclube morre em acidente de moto em rodovia no litoral"},"content":{"rendered":"\n<p>Um rapaz de 21 anos identificado com Rodrigo Mendes do Ros\u00e1rio, morreu num acidente na madrugada deste domingo (31), enquanto viajava de motocicleta pela Alexandra-Matinhos (PR-508), no munic\u00edpio de Matinhos, no litoral do Paran\u00e1. A situa\u00e7\u00e3o ocorreu por volta das 1h30, na altura do quil\u00f4metro 16 da rodovia e envolveu outros quatro motociclistas que seguiam pelo mesmo trajeto e ficaram gravemente feridos mas sobreviveram.<\/p>\n\n\n\n<p>Rodrigo, que era morador do munic\u00edpio de Paranagu\u00e1 \u2013 tamb\u00e9m no litoral \u2013 chegou a ser atendido pelo Servi\u00e7o Integrado de Atendimento ao Trauma em Emerg\u00eancia (Siate), sendo inclusive encaminhado ao Hospital Regional do Litoral, mas n\u00e3o resistiu aos ferimentos provocados pelo acidente e morreu algumas horas ap\u00f3s ter dado entrada na unidade.<\/p>\n\n\n\n<p><br>Rodrigo era estudante de administra\u00e7\u00e3o e membro do Motoclube \u201cEquipe Matilha 277\u201d, que publicou, nas redes sociais, uma mensagem de pesar sobre o falecimento do jovem. Segundo o portal\u00a0<em>Agora Litoral<\/em>, do Facebook, as causas do acidente \u2013 que interrompeu o fluxo de ve\u00edculos na rodovia por uma hora \u2013 ainda n\u00e3o foram apuradas.<\/p>\n\n\n\n<p>Bem Paran\u00e1<br><br><\/p>\n","protected":false},"excerpt":{"rendered":"<p>Um rapaz de 21 anos identificado com Rodrigo Mendes do Ros\u00e1rio, morreu num acidente na madrugada deste domingo (31), enquanto viajava de motocicleta pela Alexandra-Matinhos (PR-508), no munic\u00edpio de Matinhos, no litoral do Paran\u00e1. A situa\u00e7\u00e3o ocorreu por volta das 1h30, na altura do quil\u00f4metro 16 da rodovia e envolveu outros quatro motociclistas que seguiam [&hellip;]<\/p>\n","protected":false},"author":2,"featured_media":3871,"comment_status":"open","ping_status":"open","sticky":false,"template":"","format":"standard","meta":{"advanced_seo_description":"","jetpack_seo_html_title":"","jetpack_seo_noindex":false,"_jetpack_memberships_contains_paid_content":false,"footnotes":""},"categories":[40],"tags":[],"class_list":{"0":"post-3870","1":"post","2":"type-post","3":"status-publish","4":"format-standard","5":"has-post-thumbnail","7":"category-destaques"},"jetpack_featured_media_url":"https:\/\/www.paranapraia.com.br\/wp-content\/uploads\/2019\/04\/ocu.jpg","jetpack_sharing_enabled":true,"_links":{"self":[{"href":"https:\/\/www.paranapraia.com.br\/index.php\/wp-json\/wp\/v2\/posts\/3870"}],"collection":[{"href":"https:\/\/www.paranapraia.com.br\/index.php\/wp-json\/wp\/v2\/posts"}],"about":[{"href":"https:\/\/www.paranapraia.com.br\/index.php\/wp-json\/wp\/v2\/types\/post"}],"author":[{"embeddable":true,"href":"https:\/\/www.paranapraia.com.br\/index.php\/wp-json\/wp\/v2\/users\/2"}],"replies":[{"embeddable":true,"href":"https:\/\/www.paranapraia.com.br\/index.php\/wp-json\/wp\/v2\/comments?post=3870"}],"version-history":[{"count":1,"href":"https:\/\/www.paranapraia.com.br\/index.php\/wp-json\/wp\/v2\/posts\/3870\/revisions"}],"predecessor-version":[{"id":3872,"href":"https:\/\/www.paranapraia.com.br\/index.php\/wp-json\/wp\/v2\/posts\/3870\/revisions\/3872"}],"wp:featuredmedia":[{"embeddable":true,"href":"https:\/\/www.paranapraia.com.br\/index.php\/wp-json\/wp\/v2\/media\/3871"}],"wp:attachment":[{"href":"https:\/\/www.paranapraia.com.br\/index.php\/wp-json\/wp\/v2\/media?parent=3870"}],"wp:term":[{"taxonomy":"category","embeddable":true,"href":"https:\/\/www.paranapraia.com.br\/index.php\/wp-json\/wp\/v2\/categories?post=3870"},{"taxonomy":"post_tag","embeddable":true,"href":"https:\/\/www.paranapraia.com.br\/index.php\/wp-json\/wp\/v2\/tags?post=3870"}],"curies":[{"name":"wp","href":"https:\/\/api.w.org\/{rel}","templated":true}]}}