{"id":38533,"date":"2022-07-06T15:22:16","date_gmt":"2022-07-06T18:22:16","guid":{"rendered":"https:\/\/www.paranapraia.com.br\/?p=38533"},"modified":"2022-07-06T15:22:17","modified_gmt":"2022-07-06T18:22:17","slug":"parana-registra-mais-2-666-casos-e-35-obitos-de-covid-19","status":"publish","type":"post","link":"https:\/\/www.paranapraia.com.br\/index.php\/2022\/07\/06\/parana-registra-mais-2-666-casos-e-35-obitos-de-covid-19\/","title":{"rendered":"Paran\u00e1 registra mais 2.666 casos e 35 \u00f3bitos de Covid-19"},"content":{"rendered":"\n<p>O Estado do Paran\u00e1 divulgou nesta quarta-feira (6) 2.666 casos confirmados e 35 mortes em decorr\u00eancia da infec\u00e7\u00e3o causada pelo novo coronav\u00edrus. Os dados acumulados do monitoramento da Covid-19 mostram 2.628.295 casos confirmados e 43.657 mortos pela doen\u00e7a.<\/p>\n\n\n\n<p>Os casos confirmados divulgados nesta data s\u00e3o de julho (2.183), junho (259), maio (68), abril (3), mar\u00e7o (10), fevereiro (21) e janeiro (103) de 2022; dezembro (1), novembro (1), setembro (1), julho (3), maio (1), mar\u00e7o (5), fevereiro (1) e janeiro (1) de 2021; e dezembro (3), julho (1) e junho (1) de 2020.<\/p>\n\n\n\n<p>Os \u00f3bitos divulgados nesta data s\u00e3o de julho (12), junho (2), mar\u00e7o (3), fevereiro (11) e janeiro (5) de 2022; e outubro (1) e julho (1) de 2021.<\/p>\n\n\n\n<p><strong>INTERNADOS<\/strong>&nbsp;\u2013&nbsp;Os dados de internamentos incluem todos os pacientes com casos de S\u00edndrome Respirat\u00f3ria Aguda Grave (SRAG) e suspeitos ou confirmados da Covid-19.<\/p>\n\n\n\n<p>Nesta data, 638 pessoas est\u00e3o internadas nos leitos SUS (146&nbsp;em UTIs e&nbsp;492&nbsp;em leitos cl\u00ednicos\/enfermaria), seja por suspeita ou diagn\u00f3stico de Covid-19 ou de outras SRAGs. Estes dados podem ser consultados diariamente clicando&nbsp;<strong><a href=\"https:\/\/www.coronavirus.pr.gov.br\/Campanha\/Pagina\/Transparencia-Leitos-e-Internados-por-Unidade-Hospitalar\" target=\"_blank\" rel=\"noreferrer noopener\">AQUI<\/a><\/strong>.<\/p>\n\n\n\n<p><strong>\u00d3BITOS&nbsp;<\/strong>\u2013&nbsp;A Sesa informa a morte de mais 35 pacientes. S\u00e3o 17 mulheres e 18 homens, com idades entre 35 e 92 anos. Os \u00f3bitos ocorreram entre 7 de julho de 2021 e 5 de julho de 2022.<\/p>\n\n\n\n<p>Os pacientes que morreram residiam em Curitiba (6), Londrina (4), Uni\u00e3o da Vit\u00f3ria (2), Ipiranga (2), Curi\u00fava (2), Tel\u00eamaco Borba, Rol\u00e2ndia, Reserva, Ponta Grossa, Pitanga, Paula Freitas, Ortigueira, Lupion\u00f3polis, Jussara, Jacarezinho, Imba\u00fa, General Carneiro, Corn\u00e9lio Proc\u00f3pio, Colombo, Cianorte, Castro, Cascavel, Camb\u00e9 e Cafel\u00e2ndia.<\/p>\n\n\n\n<p><strong>FORA DO PARAN\u00c1&nbsp;<\/strong>\u2013&nbsp;O monitoramento registra 11.470 casos de residentes de fora do Estado, 241 pessoas morreram.<\/p>\n\n\n\n<p><strong>Confira\u00a0<a rel=\"noreferrer noopener\" href=\"https:\/\/www.saude.pr.gov.br\/sites\/default\/arquivos_restritos\/files\/documento\/2022-07\/informe_epidemiologico_06_07_2022.pdf\" target=\"_blank\">AQUI<\/a>\u00a0o informe completo.<\/strong><\/p>\n\n\n\n<p>AEN<\/p>\n","protected":false},"excerpt":{"rendered":"<p>O Estado do Paran\u00e1 divulgou nesta quarta-feira (6) 2.666 casos confirmados e 35 mortes em decorr\u00eancia da infec\u00e7\u00e3o causada pelo novo coronav\u00edrus. Os dados acumulados do monitoramento da Covid-19 mostram 2.628.295 casos confirmados e 43.657 mortos pela doen\u00e7a. Os casos confirmados divulgados nesta data s\u00e3o de julho (2.183), junho (259), maio (68), abril (3), mar\u00e7o [&hellip;]<\/p>\n","protected":false},"author":2,"featured_media":38534,"comment_status":"open","ping_status":"open","sticky":false,"template":"","format":"standard","meta":{"advanced_seo_description":"","jetpack_seo_html_title":"","jetpack_seo_noindex":false,"_jetpack_memberships_contains_paid_content":false,"footnotes":""},"categories":[40],"tags":[],"class_list":{"0":"post-38533","1":"post","2":"type-post","3":"status-publish","4":"format-standard","5":"has-post-thumbnail","7":"category-destaques"},"jetpack_featured_media_url":"https:\/\/www.paranapraia.com.br\/wp-content\/uploads\/2022\/07\/boletim_covid.jpg","jetpack_sharing_enabled":true,"_links":{"self":[{"href":"https:\/\/www.paranapraia.com.br\/index.php\/wp-json\/wp\/v2\/posts\/38533"}],"collection":[{"href":"https:\/\/www.paranapraia.com.br\/index.php\/wp-json\/wp\/v2\/posts"}],"about":[{"href":"https:\/\/www.paranapraia.com.br\/index.php\/wp-json\/wp\/v2\/types\/post"}],"author":[{"embeddable":true,"href":"https:\/\/www.paranapraia.com.br\/index.php\/wp-json\/wp\/v2\/users\/2"}],"replies":[{"embeddable":true,"href":"https:\/\/www.paranapraia.com.br\/index.php\/wp-json\/wp\/v2\/comments?post=38533"}],"version-history":[{"count":1,"href":"https:\/\/www.paranapraia.com.br\/index.php\/wp-json\/wp\/v2\/posts\/38533\/revisions"}],"predecessor-version":[{"id":38535,"href":"https:\/\/www.paranapraia.com.br\/index.php\/wp-json\/wp\/v2\/posts\/38533\/revisions\/38535"}],"wp:featuredmedia":[{"embeddable":true,"href":"https:\/\/www.paranapraia.com.br\/index.php\/wp-json\/wp\/v2\/media\/38534"}],"wp:attachment":[{"href":"https:\/\/www.paranapraia.com.br\/index.php\/wp-json\/wp\/v2\/media?parent=38533"}],"wp:term":[{"taxonomy":"category","embeddable":true,"href":"https:\/\/www.paranapraia.com.br\/index.php\/wp-json\/wp\/v2\/categories?post=38533"},{"taxonomy":"post_tag","embeddable":true,"href":"https:\/\/www.paranapraia.com.br\/index.php\/wp-json\/wp\/v2\/tags?post=38533"}],"curies":[{"name":"wp","href":"https:\/\/api.w.org\/{rel}","templated":true}]}}