{"id":38530,"date":"2022-07-06T15:03:28","date_gmt":"2022-07-06T18:03:28","guid":{"rendered":"https:\/\/www.paranapraia.com.br\/?p=38530"},"modified":"2022-07-06T15:03:30","modified_gmt":"2022-07-06T18:03:30","slug":"covid-o-que-acontece-com-o-corpo-em-cada-dia-da-infeccao-pelo-coronavirus","status":"publish","type":"post","link":"https:\/\/www.paranapraia.com.br\/index.php\/2022\/07\/06\/covid-o-que-acontece-com-o-corpo-em-cada-dia-da-infeccao-pelo-coronavirus\/","title":{"rendered":"Covid: o que acontece com o corpo em cada dia da infec\u00e7\u00e3o pelo coronav\u00edrus"},"content":{"rendered":"\n<p>Nas \u00faltimas semanas, os casos de covid-19 n\u00e3o param de crescer no Brasil.\u00a0De acordo com o painel\u00a0do Conselho Nacional de Secret\u00e1rios da Sa\u00fade (Conass), a m\u00e9dia m\u00f3vel di\u00e1ria de novas infec\u00e7\u00f5es est\u00e1 atualmente em 56 mil. H\u00e1 pouco mais de um m\u00eas, esse n\u00famero estava em 13 mil, uma taxa quatro vezes menor.<\/p>\n\n\n\n<p>Esse aumento, relacionado \u00e0 circula\u00e7\u00e3o de variantes mais infecciosas e ao relaxamento das medidas de prote\u00e7\u00e3o, nos leva a pensar na a\u00e7\u00e3o do Sars-CoV-2, o coronav\u00edrus respons\u00e1vel pela pandemia atual, e como ele consegue se espalhar com tanta facilidade.<\/p>\n\n\n\n<p>Nesta reportagem da BBC News Brasil, voc\u00ea vai conhecer em detalhes o &#8220;caminho&#8221; que ele faz pelo nosso organismo e o que acontece em cada dia desde o momento em que temos o primeiro contato com o pat\u00f3geno.<\/p>\n\n\n\n<p>Mas, antes de entrar nos detalhes, um alerta importante: as datas apresentadas s\u00e3o apenas estimativas m\u00e9dias, baseadas em informa\u00e7\u00f5es publicadas em estudos cient\u00edficos e revisados por ag\u00eancias de sa\u00fade nacionais e internacionais. Pode ser que esses prazos variem, para mais ou para menos, em casos espec\u00edficos.<\/p>\n\n\n\n<h2 class=\"wp-block-heading\" id=\"Dia-0-a-infec\u00e7\u00e3o\">Dia 0: a infec\u00e7\u00e3o<\/h2>\n\n\n\n<p>Tudo come\u00e7a quando temos contato pr\u00f3ximo com algu\u00e9m que j\u00e1 est\u00e1 infectado com o coronav\u00edrus.<\/p>\n\n\n\n<p>Quando essa pessoa fala, canta, tosse ou espirra, ela libera pequenas got\u00edculas ou aeross\u00f3is de saliva que carregam part\u00edculas do Sars-CoV-2.<\/p>\n\n\n\n<p>A quantidade de v\u00edrus varia consideravelmente de indiv\u00edduo para indiv\u00edduo. &#8220;Alguns t\u00eam uma carga baixa, de 10 mil c\u00f3pias virais a cada mililitro de saliva&#8221;, calcula o virologista Jos\u00e9 Eduardo Levi, coordenador de pesquisa e desenvolvimento da Dasa.<\/p>\n\n\n\n<p>&#8220;A carga m\u00e9dia vai de 10 mil at\u00e9 1 milh\u00e3o de part\u00edculas, mas vemos alguns que carregam at\u00e9 1 bilh\u00e3o de c\u00f3pias virais por ml&#8221;, compara o especialista, que tamb\u00e9m \u00e9 pesquisador do Instituto de Medicina Tropical da Universidade de S\u00e3o Paulo.<\/p>\n\n\n\n<p>Essas got\u00edculas min\u00fasculas infectadas podem ser lan\u00e7adas diretamente no nosso rosto \u2014 ou ficam em suspens\u00e3o, &#8220;vagando&#8221; pelo ambiente durante minutos ou at\u00e9 horas (numa din\u00e2mica muito parecida com a fuma\u00e7a do cigarro), a depender da circula\u00e7\u00e3o de ar do ambiente de cada local. Nesse segundo caso, n\u00f3s mesmos aspiramos esses aeross\u00f3is durante a respira\u00e7\u00e3o.<\/p>\n\n\n\n<p>E \u00e9 a\u00ed que come\u00e7a de verdade o processo de infec\u00e7\u00e3o. O Sars-CoV-2 utiliza a esp\u00edcula (tamb\u00e9m conhecida como&nbsp;<em>spike&nbsp;<\/em>ou prote\u00edna S), que est\u00e1 localizada na superf\u00edcie de sua estrutura, para se conectar aos receptores das c\u00e9lulas da mucosa do nariz, da boca e at\u00e9 dos olhos.<\/p>\n\n\n\n<figure class=\"wp-block-image\"><img decoding=\"async\" src=\"https:\/\/ichef.bbci.co.uk\/news\/640\/cpsprodpb\/1444D\/production\/_125712038_gettyimages-1307405789.jpg\" alt=\"Na ilustra\u00e7\u00e3o, coronav\u00edrus (em vermelho) se conecta com o receptor de c\u00e9lula (em verde)\"\/><figcaption>Legenda da foto,Na ilustra\u00e7\u00e3o, coronav\u00edrus (em vermelho) se conecta com o receptor de c\u00e9lula (em verde)<\/figcaption><\/figure>\n\n\n\n<p>A partir da\u00ed, ele vai iniciar a rotina comum a qualquer v\u00edrus: invadir a c\u00e9lula e usar todo o maquin\u00e1rio biol\u00f3gico para criar, de forma incessante, novas c\u00f3pias de si mesmo.<\/p>\n\n\n\n<p>&#8220;Nessa replica\u00e7\u00e3o, ele produz de 100 a mil novos v\u00edrus numa \u00fanica c\u00e9lula&#8221;, estima Levi.<\/p>\n\n\n\n<p>&#8220;Trata-se de um n\u00famero t\u00e3o grande que a c\u00e9lula n\u00e3o aguenta, estoura e morre. Esses v\u00edrus s\u00e3o, ent\u00e3o, liberados e v\u00e3o repetir esse processo nas c\u00e9lulas vizinhas.&#8221;<\/p>\n\n\n\n<p>Essa replica\u00e7\u00e3o massiva, ali\u00e1s, tem a ver com o surgimento das variantes do coronav\u00edrus. Nem todas as c\u00f3pias saem iguais e algumas apresentam muta\u00e7\u00f5es gen\u00e9ticas importantes.<\/p>\n\n\n\n<p>Se essa altera\u00e7\u00e3o no genoma representar alguma vantagem para o v\u00edrus, isso abre alas para o surgimento e o espalhamento das novas linhagens de preocupa\u00e7\u00e3o \u2014 como as j\u00e1 conhecidas alfa, beta, gama, delta e \u00f4micron.<\/p>\n\n\n\n<h2 class=\"wp-block-heading\" id=\"Dias-1-2-e-3-a-incuba\u00e7\u00e3o\">Dias 1, 2 e 3: a incuba\u00e7\u00e3o<\/h2>\n\n\n\n<p>Depois que o Sars-CoV-2 consegue invadir as primeiras c\u00e9lulas do nosso corpo, a pr\u00f3xima etapa envolve &#8220;ganhar terreno&#8221; e expandir o espectro de atua\u00e7\u00e3o.<\/p>\n\n\n\n<p>As milhares de c\u00f3pias que s\u00e3o liberadas de cada c\u00e9lula invadida avan\u00e7am cada vez mais no organismo \u2014 se elas iniciam os trabalhos na superf\u00edcie do rosto, logo est\u00e3o dentro do nariz, descem para a garganta e eventualmente podem chegar at\u00e9 os pulm\u00f5es.<\/p>\n\n\n\n<p>Esse per\u00edodo de evolu\u00e7\u00e3o silenciosa, em que a presen\u00e7a do v\u00edrus n\u00e3o gera nenhuma pista, \u00e9 conhecida entre os especialistas como incuba\u00e7\u00e3o.<\/p>\n\n\n\n<p>&#8220;E percebemos nos \u00faltimos meses que o tempo de incuba\u00e7\u00e3o das novas variantes diminuiu&#8221;, observa o virologista Anderson F. Brito, pesquisador cient\u00edfico do Instituto Todos pela Sa\u00fade.<\/p>\n\n\n\n<p>De acordo com um relat\u00f3rio\u00a0da Ag\u00eancia de Seguran\u00e7a em Sa\u00fade do Reino Unido, a incuba\u00e7\u00e3o da variante alfa durava, em m\u00e9dia, de cinco a seis dias.<\/p>\n\n\n\n<p>Durante a onda da linhagem delta, essa janela caiu para quatro dias.<\/p>\n\n\n\n<p>J\u00e1 na \u00f4micron, o per\u00edodo entre a invas\u00e3o viral e o in\u00edcio dos sintomas sofreu uma nova redu\u00e7\u00e3o e fica em apenas tr\u00eas dias.<\/p>\n\n\n\n<p>Ou seja: se antes a pessoa tinha contato com algu\u00e9m infectado e levava quase uma semana para manifestar os sinais t\u00edpicos da covid, atualmente esse processo \u00e9 bem mais r\u00e1pido e pode acontecer quase de um dia para o outro.<\/p>\n\n\n\n<p>Vale mencionar aqui que o tempo de incuba\u00e7\u00e3o pode variar: em alguns casos, os sintomas aparecem at\u00e9 14 dias depois do contato inicial com o v\u00edrus.<\/p>\n\n\n\n<h2 class=\"wp-block-heading\" id=\"Dias-4-a-14-o-aparecimento-e-a-evolu\u00e7\u00e3o-dos-sintomas\">Dias 4 a 14: o aparecimento e a evolu\u00e7\u00e3o dos sintomas<\/h2>\n\n\n\n<p>Conforme o v\u00edrus avan\u00e7a pelas vias a\u00e9reas superiores (nariz, boca e garganta), ele eventualmente chama a aten\u00e7\u00e3o do nosso sistema imunol\u00f3gico, que inicia um contra-ataque.<\/p>\n\n\n\n<p>A primeira linha de defesa envolve c\u00e9lulas como os neutr\u00f3filos, os mon\u00f3citos e as\u00a0<em>natural killers\u00a0<\/em>(exterminadoras naturais, em tradu\u00e7\u00e3o literal),\u00a0como detalha um artigo\u00a0publicado em 2021 por dois pesquisadores do Hospital Universit\u00e1rio de Zhejiang, na China.<\/p>\n\n\n\n<p>Com o passar do tempo, entram em cena outras unidades imunes, como os linf\u00f3citos T, que coordenam uma resposta mais organizada \u00e0 invas\u00e3o viral, e os linf\u00f3citos B, que liberam os anticorpos.<\/p>\n\n\n\n<p>Mas o importante disso tudo \u00e9 que os sintomas acontecem em algumas pessoas justamente a partir dessa rea\u00e7\u00e3o imunol\u00f3gica: coriza, tosse, febre e dor de garganta s\u00e3o, ao mesmo tempo, tentativas de eliminar o v\u00edrus do organismo e um efeito de tantas c\u00e9lulas trabalhando de forma incessante.https:\/\/www.bbc.com\/ws\/av-embeds\/cps\/portuguese\/geral-62002188\/p0chpg58\/pt-BRLegenda do v\u00eddeo,<\/p>\n\n\n\n<p>Covid: principais sintomas mudam para quem se vacinou<\/p>\n\n\n\n<p>Voc\u00ea pode conferir a lista de sintomas de covid mais frequentes nesta reportagem, publicada recentemente pela BBC News Brasil:<\/p>\n\n\n\n<p>Mas quanto tempo os inc\u00f4modos persistem? Esse prazo pode flutuar consideravelmente.<\/p>\n\n\n\n<p>&#8220;Depende muito de cada indiv\u00edduo. Tem gente com poucos sintomas que, depois de quatro ou cinco dias, j\u00e1 est\u00e1 recuperado. Em outros, o mesmo quadro demora mais a passar&#8221;, responde a infectologista e virologista Nancy Bellei, professora da Universidade Federal de S\u00e3o Paulo.<\/p>\n\n\n\n<p>&#8220;No geral, a tend\u00eancia \u00e9 que os sintomas piores, como dor de garganta e febre, durem cerca de tr\u00eas dias&#8221;, estima a especialista, que tamb\u00e9m integra a Sociedade Brasileira de Infectologia (SBI).<\/p>\n\n\n\n<p>&#8220;Ap\u00f3s esse per\u00edodo, \u00e9 normal que manifesta\u00e7\u00f5es mais leves, como coriza e tosse, ainda persistam por sete a dez dias&#8221;, conclui.<\/p>\n\n\n\n<p>Neste est\u00e1gio, \u00e9 importante ficar em isolamento e restringir o contato com outros o m\u00e1ximo poss\u00edvel.<\/p>\n\n\n\n<figure class=\"wp-block-image\"><img decoding=\"async\" src=\"https:\/\/ichef.bbci.co.uk\/news\/640\/cpsprodpb\/0FB5\/production\/_125712040_gettyimages-94989536.jpg\" alt=\"Homem espirrando\"\/><figcaption>Legenda da foto,Coronav\u00edrus \u00e9 transmitido principalmente atrav\u00e9s de got\u00edculas e aerossois que saem da boca ou do nariz de algu\u00e9m infectado ao falar, cantar, tossir ou espirrar<\/figcaption><\/figure>\n\n\n\n<p>Do ponto de vista individual, repousar e manter-se bem hidratado \u00e9 essencial para garantir uma boa recupera\u00e7\u00e3o e dar &#8220;uma chance&#8221; para o organismo reagir bem. Tomar alguns rem\u00e9dios simples para os inc\u00f4modos da infec\u00e7\u00e3o, como febre e dor, tamb\u00e9m pode ajudar.<\/p>\n\n\n\n<p>&#8220;Se depois de 72 horas do in\u00edcio dos sintomas voc\u00ea estiver com falta de ar ou a febre persistir, \u00e9 preciso buscar um atendimento m\u00e9dico&#8221;, sugere Bellei.<\/p>\n\n\n\n<p>Esse recado \u00e9 ainda mais importante para quem pode sofrer com quadros mais graves de covid, como idosos, portadores de doen\u00e7as cr\u00f4nicas e pacientes com o sistema imunol\u00f3gico comprometido.<\/p>\n\n\n\n<p>J\u00e1 do ponto de vista coletivo, manter-se em isolamento \u00e9 essencial para cortar as cadeias de transmiss\u00e3o do v\u00edrus na comunidade e barrar a subida de casos.<\/p>\n\n\n\n<p>Ao ficar em casa e, se precisar sair, usar m\u00e1scara de boa qualidade, voc\u00ea diminui a probabilidade de transmitir o Sars-CoV-2 adiante, por meio daquelas got\u00edculas e aeross\u00f3is mencionados anteriormente.<\/p>\n\n\n\n<p>Voc\u00ea confere quantos dias de isolamento s\u00e3o necess\u00e1rios em cada situa\u00e7\u00e3o na mat\u00e9ria a seguir:<\/p>\n\n\n\n<h2 class=\"wp-block-heading\" id=\"Dia-15-em-diante-resolu\u00e7\u00e3o-do-quadro-ou-aparecimento-de-sintomas-duradouros\">Dia 15 em diante: resolu\u00e7\u00e3o do quadro (ou aparecimento de sintomas duradouros)<\/h2>\n\n\n\n<p>Passadas at\u00e9 duas semanas desde o contato com o coronav\u00edrus, o sistema imune costuma &#8220;vencer a batalha&#8221; e interrompe aquele processo de replica\u00e7\u00e3o e destrui\u00e7\u00e3o das c\u00e9lulas na maioria das vezes.<\/p>\n\n\n\n<p>Essa vit\u00f3ria, claro, \u00e9 facilitada pela vacina\u00e7\u00e3o \u2014 as doses permitem &#8220;treinar&#8221; as unidades de defesa de forma segura, de modo que elas saibam como combater o pat\u00f3geno antes mesmo de ter contato com ele.<\/p>\n\n\n\n<p>Em alguns casos, infelizmente, o quadro n\u00e3o evolui t\u00e3o bem assim: o v\u00edrus consegue ganhar muito terreno, chega at\u00e9 \u00f3rg\u00e3os vitais (como os pulm\u00f5es) e gera um quadro inflamat\u00f3rio bem grave.<\/p>\n\n\n\n<p>Geralmente, essas situa\u00e7\u00f5es exigem interna\u00e7\u00e3o em UTI (Unidade de Terapia Intensiva) e intuba\u00e7\u00e3o, al\u00e9m de aumentar o risco de morte.<\/p>\n\n\n\n<figure class=\"wp-block-image\"><img decoding=\"async\" src=\"https:\/\/ichef.bbci.co.uk\/news\/640\/cpsprodpb\/5DD5\/production\/_125712042_gettyimages-1319143482.jpg\" alt=\"Profissional da sa\u00fade atende paciente em UTI\"\/><figcaption>Legenda da foto,Algumas pessoas com covid desenvolvem formas mais graves e precisam de interna\u00e7\u00e3o em UTI<\/figcaption><\/figure>\n\n\n\n<p>E, mesmo nos pacientes que se recuperaram bem, h\u00e1 o risco nada desprez\u00edvel da covid longa, marcada por inc\u00f4modos que duram meses (ou at\u00e9 anos).<\/p>\n\n\n\n<p>Embora essa \u00e1rea ainda esteja rodeada de muitas incertezas,&nbsp;<a href=\"https:\/\/www.cdc.gov\/coronavirus\/2019-ncov\/long-term-effects\/index.html\">o Centro de Controle e Preven\u00e7\u00e3o de Doen\u00e7as (CDC) dos Estados Unidos estima<\/a>&nbsp;que at\u00e9 13,3% das pessoas com covid apresentam sintomas de longa dura\u00e7\u00e3o por um m\u00eas ou mais. Cerca de 2,5% relatam problemas ao menos por tr\u00eas meses.<\/p>\n\n\n\n<p>Ainda segundo a institui\u00e7\u00e3o, mais de 30% dos pacientes com covid que foram hospitalizados ainda sentem algum mal-estar depois de seis meses, que varia de cansa\u00e7o e dificuldade para respirar at\u00e9 ansiedade e dor nas articula\u00e7\u00f5es.<\/p>\n\n\n\n<p>O CDC aponta que &#8220;est\u00e1 trabalhando para entender mais sobre essas experi\u00eancias p\u00f3s-covid e por que elas acontecem, incluindo o motivo pelo qual alguns grupos s\u00e3o afetados de forma desproporcional&#8221;.<\/p>\n\n\n\n<p>BBC<\/p>\n","protected":false},"excerpt":{"rendered":"<p>Nas \u00faltimas semanas, os casos de covid-19 n\u00e3o param de crescer no Brasil.\u00a0De acordo com o painel\u00a0do Conselho Nacional de Secret\u00e1rios da Sa\u00fade (Conass), a m\u00e9dia m\u00f3vel di\u00e1ria de novas infec\u00e7\u00f5es est\u00e1 atualmente em 56 mil. H\u00e1 pouco mais de um m\u00eas, esse n\u00famero estava em 13 mil, uma taxa quatro vezes menor. Esse aumento, [&hellip;]<\/p>\n","protected":false},"author":2,"featured_media":38531,"comment_status":"open","ping_status":"open","sticky":false,"template":"","format":"standard","meta":{"advanced_seo_description":"","jetpack_seo_html_title":"","jetpack_seo_noindex":false,"_jetpack_memberships_contains_paid_content":false,"footnotes":""},"categories":[50],"tags":[],"class_list":{"0":"post-38530","1":"post","2":"type-post","3":"status-publish","4":"format-standard","5":"has-post-thumbnail","7":"category-saude"},"jetpack_featured_media_url":"https:\/\/www.paranapraia.com.br\/wp-content\/uploads\/2022\/07\/covid-19-4982910_1280.jpg","jetpack_sharing_enabled":true,"_links":{"self":[{"href":"https:\/\/www.paranapraia.com.br\/index.php\/wp-json\/wp\/v2\/posts\/38530"}],"collection":[{"href":"https:\/\/www.paranapraia.com.br\/index.php\/wp-json\/wp\/v2\/posts"}],"about":[{"href":"https:\/\/www.paranapraia.com.br\/index.php\/wp-json\/wp\/v2\/types\/post"}],"author":[{"embeddable":true,"href":"https:\/\/www.paranapraia.com.br\/index.php\/wp-json\/wp\/v2\/users\/2"}],"replies":[{"embeddable":true,"href":"https:\/\/www.paranapraia.com.br\/index.php\/wp-json\/wp\/v2\/comments?post=38530"}],"version-history":[{"count":1,"href":"https:\/\/www.paranapraia.com.br\/index.php\/wp-json\/wp\/v2\/posts\/38530\/revisions"}],"predecessor-version":[{"id":38532,"href":"https:\/\/www.paranapraia.com.br\/index.php\/wp-json\/wp\/v2\/posts\/38530\/revisions\/38532"}],"wp:featuredmedia":[{"embeddable":true,"href":"https:\/\/www.paranapraia.com.br\/index.php\/wp-json\/wp\/v2\/media\/38531"}],"wp:attachment":[{"href":"https:\/\/www.paranapraia.com.br\/index.php\/wp-json\/wp\/v2\/media?parent=38530"}],"wp:term":[{"taxonomy":"category","embeddable":true,"href":"https:\/\/www.paranapraia.com.br\/index.php\/wp-json\/wp\/v2\/categories?post=38530"},{"taxonomy":"post_tag","embeddable":true,"href":"https:\/\/www.paranapraia.com.br\/index.php\/wp-json\/wp\/v2\/tags?post=38530"}],"curies":[{"name":"wp","href":"https:\/\/api.w.org\/{rel}","templated":true}]}}