{"id":38521,"date":"2022-07-06T13:16:31","date_gmt":"2022-07-06T16:16:31","guid":{"rendered":"https:\/\/www.paranapraia.com.br\/?p=38521"},"modified":"2022-07-06T13:16:34","modified_gmt":"2022-07-06T16:16:34","slug":"secretaria-de-saude-confirma-segundo-caso-de-monkeypox","status":"publish","type":"post","link":"https:\/\/www.paranapraia.com.br\/index.php\/2022\/07\/06\/secretaria-de-saude-confirma-segundo-caso-de-monkeypox\/","title":{"rendered":"Secretaria de Sa\u00fade confirma segundo caso de Monkeypox"},"content":{"rendered":"\n<p>A Secretaria estadual da Sa\u00fade confirmou nesta quarta-feira (6) o segundo caso de Monkeypox (conhecida popularmente como var\u00edola dos macacos) no Paran\u00e1. Trata-se de um homem de 27 anos, residente em Curitiba, com viagem recente para a Europa.&nbsp;<\/p>\n\n\n\n<p>J\u00e1 havia sido&nbsp;<a href=\"https:\/\/www.aen.pr.gov.br\/Noticia\/Parana-registra-primeiro-caso-da-variola-do-macaco\" target=\"_blank\" rel=\"noreferrer noopener\">confirmado no domingo (3) outro caso<\/a>&nbsp;de um homem de 31 anos, com hist\u00f3rico de viagem para S\u00e3o Paulo, tamb\u00e9m morador de Curitiba. At\u00e9 o momento as confirma\u00e7\u00f5es s\u00e3o consideradas importadas \u2013 quando n\u00e3o h\u00e1 transmiss\u00e3o local.<\/p>\n\n\n\n<p>H\u00e1 ainda, outros oito casos em investiga\u00e7\u00e3o nos munic\u00edpios de Curitiba (4), Cascavel (1), Londrina (1), Campina Grande do Sul (1) e Pinhais (1). Os pacientes possuem hist\u00f3rico de viagem ou contato com caso confirmado.<\/p>\n\n\n\n<p>As amostras de todos os pacientes foram coletadas e encaminhadas para o Laborat\u00f3rio Central do Estado (Lacen\/PR), respons\u00e1vel pela articula\u00e7\u00e3o com o Minist\u00e9rio da Sa\u00fade para envio ao laborat\u00f3rio de refer\u00eancia para casos desta doen\u00e7a, em S\u00e3o Paulo.<\/p>\n\n\n\n<p>A var\u00edola do macaco \u00e9 uma doen\u00e7a viral e a transmiss\u00e3o entre humanos ocorre, principalmente, por meio de contato com les\u00f5es de pele de pessoas infectadas. A infec\u00e7\u00e3o causa erup\u00e7\u00f5es que geralmente se desenvolvem pelo rosto e depois se espalham para outras partes do corpo. Os principais sintomas envolvem febre, dor de cabe\u00e7a, dores musculares, dores nas costas, linfadenopatia, calafrios e fadiga.<\/p>\n\n\n\n<p>AEN<\/p>\n","protected":false},"excerpt":{"rendered":"<p>A Secretaria estadual da Sa\u00fade confirmou nesta quarta-feira (6) o segundo caso de Monkeypox (conhecida popularmente como var\u00edola dos macacos) no Paran\u00e1. Trata-se de um homem de 27 anos, residente em Curitiba, com viagem recente para a Europa.&nbsp; J\u00e1 havia sido&nbsp;confirmado no domingo (3) outro caso&nbsp;de um homem de 31 anos, com hist\u00f3rico de viagem [&hellip;]<\/p>\n","protected":false},"author":2,"featured_media":38522,"comment_status":"open","ping_status":"open","sticky":false,"template":"","format":"standard","meta":{"advanced_seo_description":"","jetpack_seo_html_title":"","jetpack_seo_noindex":false,"_jetpack_memberships_contains_paid_content":false,"footnotes":""},"categories":[50],"tags":[],"class_list":{"0":"post-38521","1":"post","2":"type-post","3":"status-publish","4":"format-standard","5":"has-post-thumbnail","7":"category-saude"},"jetpack_featured_media_url":"https:\/\/www.paranapraia.com.br\/wp-content\/uploads\/2022\/07\/20210420_agb_sesa-10_0-scaled.jpg","jetpack_sharing_enabled":true,"_links":{"self":[{"href":"https:\/\/www.paranapraia.com.br\/index.php\/wp-json\/wp\/v2\/posts\/38521"}],"collection":[{"href":"https:\/\/www.paranapraia.com.br\/index.php\/wp-json\/wp\/v2\/posts"}],"about":[{"href":"https:\/\/www.paranapraia.com.br\/index.php\/wp-json\/wp\/v2\/types\/post"}],"author":[{"embeddable":true,"href":"https:\/\/www.paranapraia.com.br\/index.php\/wp-json\/wp\/v2\/users\/2"}],"replies":[{"embeddable":true,"href":"https:\/\/www.paranapraia.com.br\/index.php\/wp-json\/wp\/v2\/comments?post=38521"}],"version-history":[{"count":1,"href":"https:\/\/www.paranapraia.com.br\/index.php\/wp-json\/wp\/v2\/posts\/38521\/revisions"}],"predecessor-version":[{"id":38523,"href":"https:\/\/www.paranapraia.com.br\/index.php\/wp-json\/wp\/v2\/posts\/38521\/revisions\/38523"}],"wp:featuredmedia":[{"embeddable":true,"href":"https:\/\/www.paranapraia.com.br\/index.php\/wp-json\/wp\/v2\/media\/38522"}],"wp:attachment":[{"href":"https:\/\/www.paranapraia.com.br\/index.php\/wp-json\/wp\/v2\/media?parent=38521"}],"wp:term":[{"taxonomy":"category","embeddable":true,"href":"https:\/\/www.paranapraia.com.br\/index.php\/wp-json\/wp\/v2\/categories?post=38521"},{"taxonomy":"post_tag","embeddable":true,"href":"https:\/\/www.paranapraia.com.br\/index.php\/wp-json\/wp\/v2\/tags?post=38521"}],"curies":[{"name":"wp","href":"https:\/\/api.w.org\/{rel}","templated":true}]}}