{"id":38517,"date":"2022-07-06T11:54:41","date_gmt":"2022-07-06T14:54:41","guid":{"rendered":"https:\/\/www.paranapraia.com.br\/?p=38517"},"modified":"2022-07-06T11:54:45","modified_gmt":"2022-07-06T14:54:45","slug":"prorrogado-o-prazo-para-consulta-publica-de-dois-arrendamentos-no-porto-de-paranagua","status":"publish","type":"post","link":"https:\/\/www.paranapraia.com.br\/index.php\/2022\/07\/06\/prorrogado-o-prazo-para-consulta-publica-de-dois-arrendamentos-no-porto-de-paranagua\/","title":{"rendered":"Prorrogado o prazo para consulta p\u00fablica de dois arrendamentos no Porto de Paranagu\u00e1"},"content":{"rendered":"\n<p>O prazo de consulta p\u00fablica para o processo de licita\u00e7\u00e3o de dois novos arrendamentos de \u00e1reas no Porto de Paranagu\u00e1 foi ampliado. Os interessados em conhecer os estudos referentes \u00e0s \u00e1reas PAR14 e PAR15 e fazer sugest\u00f5es t\u00eam at\u00e9 as 23h59 do dia 28 de setembro.<\/p>\n\n\n\n<p>J\u00e1 com novas datas definidas, as audi\u00eancias p\u00fablicas respectivas \u00e0s duas \u00e1reas portu\u00e1rias ser\u00e3o nos dias 14 (PAR15) e 21 (PAR14) de setembro. Localizadas a leste, os lotes de arrendamentos s\u00e3o destinados \u00e0 movimenta\u00e7\u00e3o e armazenagem de gran\u00e9is s\u00f3lidos vegetais.<\/p>\n\n\n\n<p>A extens\u00e3o do prazo tem objetivo de ampliar ainda mais o debate p\u00fablico e o esclarecimento de eventuais d\u00favidas, al\u00e9m de contribuir para o aprimoramento dos projetos em tempo para irem a leil\u00e3o.<\/p>\n\n\n\n<p><strong>\u00c1REAS&nbsp;<\/strong>\u2013 A PAR14 tem 49.841 metros quadrados e a PAR15, 38.859 metros quadrados. Ambas s\u00e3o \u00e1reas consideradas &#8220;brownfield&#8221;, ou seja, j\u00e1 ocupadas.<\/p>\n\n\n\n<p>As novas convoca\u00e7\u00f5es \u2013 da PAR14 e PAR15 \u2013 est\u00e3o publicadas nos di\u00e1rios oficiais do Estado e da Uni\u00e3o, e&nbsp;no&nbsp;<strong><a href=\"https:\/\/www.portosdoparana.pr.gov.br\/Pagina\/AVISO-DE-CONSULTAS-E-AUDIENCIAS-PUBLICAS-No-0022022-PAR14-E-No0032022-PAR15\" target=\"_blank\" rel=\"noreferrer noopener\">site da Portos do Paran\u00e1<\/a><\/strong>. Os detalhes sobre as \u00e1reas est\u00e3o dispon\u00edveis tamb\u00e9m nos links da Ag\u00eancia Nacional de Transporte Aquavi\u00e1rio (Antaq), respectivamente&nbsp;<strong><a href=\"http:\/\/web.antaq.gov.br\/sistemas\/leilaointernetv2\/PaginaPrincipal.aspx\" target=\"_blank\" rel=\"noreferrer noopener\">PAR 14<\/a><\/strong>&nbsp;e&nbsp;<strong><a href=\"http:\/\/web.antaq.gov.br\/sistemas\/leilaointernetv2\/PaginaPrincipal.aspx\" target=\"_blank\" rel=\"noreferrer noopener\">PAR 15<\/a><\/strong>.<\/p>\n\n\n\n<p>Ser\u00e3o consideradas pela Comiss\u00e3o de Licita\u00e7\u00e3o de \u00c1reas Portu\u00e1rias (Clap) apenas as contribui\u00e7\u00f5es, subs\u00eddios e sugest\u00f5es enviadas at\u00e9 o prazo definido e feitas, exclusivamente, pelo formul\u00e1rio eletr\u00f4nico dispon\u00edvel nos links da Antaq.<\/p>\n\n\n\n<p>AEN<\/p>\n","protected":false},"excerpt":{"rendered":"<p>O prazo de consulta p\u00fablica para o processo de licita\u00e7\u00e3o de dois novos arrendamentos de \u00e1reas no Porto de Paranagu\u00e1 foi ampliado. Os interessados em conhecer os estudos referentes \u00e0s \u00e1reas PAR14 e PAR15 e fazer sugest\u00f5es t\u00eam at\u00e9 as 23h59 do dia 28 de setembro. J\u00e1 com novas datas definidas, as audi\u00eancias p\u00fablicas respectivas [&hellip;]<\/p>\n","protected":false},"author":2,"featured_media":38518,"comment_status":"open","ping_status":"open","sticky":false,"template":"","format":"standard","meta":{"advanced_seo_description":"","jetpack_seo_html_title":"","jetpack_seo_noindex":false,"_jetpack_memberships_contains_paid_content":false,"footnotes":""},"categories":[40],"tags":[],"class_list":{"0":"post-38517","1":"post","2":"type-post","3":"status-publish","4":"format-standard","5":"has-post-thumbnail","7":"category-destaques"},"jetpack_featured_media_url":"https:\/\/www.paranapraia.com.br\/wp-content\/uploads\/2022\/07\/corredor_de_exporta-scaled.jpg","jetpack_sharing_enabled":true,"_links":{"self":[{"href":"https:\/\/www.paranapraia.com.br\/index.php\/wp-json\/wp\/v2\/posts\/38517"}],"collection":[{"href":"https:\/\/www.paranapraia.com.br\/index.php\/wp-json\/wp\/v2\/posts"}],"about":[{"href":"https:\/\/www.paranapraia.com.br\/index.php\/wp-json\/wp\/v2\/types\/post"}],"author":[{"embeddable":true,"href":"https:\/\/www.paranapraia.com.br\/index.php\/wp-json\/wp\/v2\/users\/2"}],"replies":[{"embeddable":true,"href":"https:\/\/www.paranapraia.com.br\/index.php\/wp-json\/wp\/v2\/comments?post=38517"}],"version-history":[{"count":1,"href":"https:\/\/www.paranapraia.com.br\/index.php\/wp-json\/wp\/v2\/posts\/38517\/revisions"}],"predecessor-version":[{"id":38520,"href":"https:\/\/www.paranapraia.com.br\/index.php\/wp-json\/wp\/v2\/posts\/38517\/revisions\/38520"}],"wp:featuredmedia":[{"embeddable":true,"href":"https:\/\/www.paranapraia.com.br\/index.php\/wp-json\/wp\/v2\/media\/38518"}],"wp:attachment":[{"href":"https:\/\/www.paranapraia.com.br\/index.php\/wp-json\/wp\/v2\/media?parent=38517"}],"wp:term":[{"taxonomy":"category","embeddable":true,"href":"https:\/\/www.paranapraia.com.br\/index.php\/wp-json\/wp\/v2\/categories?post=38517"},{"taxonomy":"post_tag","embeddable":true,"href":"https:\/\/www.paranapraia.com.br\/index.php\/wp-json\/wp\/v2\/tags?post=38517"}],"curies":[{"name":"wp","href":"https:\/\/api.w.org\/{rel}","templated":true}]}}