{"id":38511,"date":"2022-07-06T11:16:59","date_gmt":"2022-07-06T14:16:59","guid":{"rendered":"https:\/\/www.paranapraia.com.br\/?p=38511"},"modified":"2022-07-06T11:17:01","modified_gmt":"2022-07-06T14:17:01","slug":"residencia-em-inovacao-tem-vagas-remanescentes-para-varias-categorias-profissionais","status":"publish","type":"post","link":"https:\/\/www.paranapraia.com.br\/index.php\/2022\/07\/06\/residencia-em-inovacao-tem-vagas-remanescentes-para-varias-categorias-profissionais\/","title":{"rendered":"Resid\u00eancia em Inova\u00e7\u00e3o tem vagas remanescentes para v\u00e1rias categorias profissionais"},"content":{"rendered":"\n<p>O programa de Resid\u00eancia T\u00e9cnica (Restec) em Gest\u00e3o de Ambientes Promotores de Inova\u00e7\u00e3o (Gapi) publicou edital para o preenchimento de 26 vagas remanescentes. S\u00e3o 14 vagas para Curitiba, e as demais para Apucarana, Campo Mour\u00e3o, Cascavel, Foz do Igua\u00e7u, Paranagu\u00e1, Paranava\u00ed, Toledo e Uni\u00e3o da Vit\u00f3ria. As&nbsp;<strong><a href=\"https:\/\/ead.unicentro.br\/editais\/edital-no-108-2022-propesp-nupg-nead-unicentro\/\" target=\"_blank\" rel=\"noreferrer noopener\">inscri\u00e7\u00f5es<\/a><\/strong>&nbsp;s\u00e3o gratuitas e seguem at\u00e9 este domingo (10), exclusivamente pela internet.<\/p>\n\n\n\n<p>Os residentes receber\u00e3o bolsas mensais de R$ 1.900,00 e aux\u00edlio-transporte, com dedica\u00e7\u00e3o de 30 horas semanais de atividades pr\u00e1ticas nas secretarias de Estado da Fazenda (Sefa) e da Agricultura e do Abastecimento (Seab), na Superintend\u00eancia Geral de Ci\u00eancia, Tecnologia e Ensino Superior (Seti), na Ag\u00eancia de Defesa Agropecu\u00e1ria do Paran\u00e1 (Adapar) e nas universidades estaduais do Oeste do Paran\u00e1 (Unioeste) e do Paran\u00e1 (Unespar).<\/p>\n\n\n\n<p>O programa contempla, ainda, um Curso de Especializa\u00e7\u00e3o, ofertado na modalidade Educa\u00e7\u00e3o a Dist\u00e2ncia (EAD), pela Universidade Estadual do Centro-Oeste (Unicentro), com carga hor\u00e1ria de 360 horas. O objetivo \u00e9 desenvolver compet\u00eancias e habilidades estrat\u00e9gicas e formar gestores para atuar nos ecossistemas de inova\u00e7\u00e3o.<\/p>\n\n\n\n<p>Podem participar profissionais rec\u00e9m-formados em Administra\u00e7\u00e3o, Ci\u00eancia da Computa\u00e7\u00e3o, Ci\u00eancias Cont\u00e1beis, Ci\u00eancias Econ\u00f4micas, Comunica\u00e7\u00e3o, Direito, Engenharia Agr\u00edcola, Engenharia da Computa\u00e7\u00e3o, Gest\u00e3o P\u00fablica, Jornalismo, Publicidade e Propaganda, Sistemas de Informa\u00e7\u00e3o e Tecnologia da Informa\u00e7\u00e3o.<\/p>\n\n\n\n<p><strong>SELE\u00c7\u00c3O<\/strong>&nbsp;\u2013 O processo seletivo ter\u00e1 duas etapas: prova online (peso 90) e an\u00e1lise de curr\u00edculo (peso 10). De car\u00e1ter eliminat\u00f3rio e classificat\u00f3rio, a prova ter\u00e1 dez quest\u00f5es objetivas, conforme conte\u00fado program\u00e1tico e refer\u00eancias constantes do&nbsp;<strong><a href=\"https:\/\/ead.unicentro.br\/editais\/wp-content\/uploads\/sites\/27\/2022\/06\/Edital-108-2022-Abertura-de-Processo-Seletivo-GAPI-1.pdf\" target=\"_blank\" rel=\"noreferrer noopener\">edital<\/a><\/strong>, valendo 10 pontos cada. Na segunda fase, de car\u00e1cter classificat\u00f3rio, a avalia\u00e7\u00e3o de t\u00edtulos dos candidatos aprovados na prova ser\u00e1 conduzida por uma comiss\u00e3o.<\/p>\n\n\n\n<p><strong>Servi\u00e7o<\/strong>:<\/p>\n\n\n\n<p>Inscri\u00e7\u00f5es: at\u00e9 10 de julho<\/p>\n\n\n\n<p>Aplica\u00e7\u00e3o da prova: 15 de julho<\/p>\n\n\n\n<p>Resultado preliminar: 18 de julho<\/p>\n\n\n\n<p>Resultado final: at\u00e9 21 de julho<\/p>\n\n\n\n<p>Matr\u00edculas: 22 a 28 de julho<\/p>\n\n\n\n<p>AEN<\/p>\n","protected":false},"excerpt":{"rendered":"<p>O programa de Resid\u00eancia T\u00e9cnica (Restec) em Gest\u00e3o de Ambientes Promotores de Inova\u00e7\u00e3o (Gapi) publicou edital para o preenchimento de 26 vagas remanescentes. S\u00e3o 14 vagas para Curitiba, e as demais para Apucarana, Campo Mour\u00e3o, Cascavel, Foz do Igua\u00e7u, Paranagu\u00e1, Paranava\u00ed, Toledo e Uni\u00e3o da Vit\u00f3ria. As&nbsp;inscri\u00e7\u00f5es&nbsp;s\u00e3o gratuitas e seguem at\u00e9 este domingo (10), exclusivamente [&hellip;]<\/p>\n","protected":false},"author":2,"featured_media":38512,"comment_status":"open","ping_status":"open","sticky":false,"template":"","format":"standard","meta":{"advanced_seo_description":"","jetpack_seo_html_title":"","jetpack_seo_noindex":false,"_jetpack_memberships_contains_paid_content":false,"footnotes":""},"categories":[40],"tags":[],"class_list":{"0":"post-38511","1":"post","2":"type-post","3":"status-publish","4":"format-standard","5":"has-post-thumbnail","7":"category-destaques"},"jetpack_featured_media_url":"https:\/\/www.paranapraia.com.br\/wp-content\/uploads\/2022\/07\/ivova-dsc_0003.jpg","jetpack_sharing_enabled":true,"_links":{"self":[{"href":"https:\/\/www.paranapraia.com.br\/index.php\/wp-json\/wp\/v2\/posts\/38511"}],"collection":[{"href":"https:\/\/www.paranapraia.com.br\/index.php\/wp-json\/wp\/v2\/posts"}],"about":[{"href":"https:\/\/www.paranapraia.com.br\/index.php\/wp-json\/wp\/v2\/types\/post"}],"author":[{"embeddable":true,"href":"https:\/\/www.paranapraia.com.br\/index.php\/wp-json\/wp\/v2\/users\/2"}],"replies":[{"embeddable":true,"href":"https:\/\/www.paranapraia.com.br\/index.php\/wp-json\/wp\/v2\/comments?post=38511"}],"version-history":[{"count":1,"href":"https:\/\/www.paranapraia.com.br\/index.php\/wp-json\/wp\/v2\/posts\/38511\/revisions"}],"predecessor-version":[{"id":38513,"href":"https:\/\/www.paranapraia.com.br\/index.php\/wp-json\/wp\/v2\/posts\/38511\/revisions\/38513"}],"wp:featuredmedia":[{"embeddable":true,"href":"https:\/\/www.paranapraia.com.br\/index.php\/wp-json\/wp\/v2\/media\/38512"}],"wp:attachment":[{"href":"https:\/\/www.paranapraia.com.br\/index.php\/wp-json\/wp\/v2\/media?parent=38511"}],"wp:term":[{"taxonomy":"category","embeddable":true,"href":"https:\/\/www.paranapraia.com.br\/index.php\/wp-json\/wp\/v2\/categories?post=38511"},{"taxonomy":"post_tag","embeddable":true,"href":"https:\/\/www.paranapraia.com.br\/index.php\/wp-json\/wp\/v2\/tags?post=38511"}],"curies":[{"name":"wp","href":"https:\/\/api.w.org\/{rel}","templated":true}]}}