{"id":38507,"date":"2022-07-06T09:30:46","date_gmt":"2022-07-06T12:30:46","guid":{"rendered":"https:\/\/www.paranapraia.com.br\/?p=38507"},"modified":"2022-07-06T09:34:11","modified_gmt":"2022-07-06T12:34:11","slug":"acusado-de-matar-youtuber-de-14-anos-vai-a-juri-em-outubro-em-pontal-do-parana","status":"publish","type":"post","link":"https:\/\/www.paranapraia.com.br\/index.php\/2022\/07\/06\/acusado-de-matar-youtuber-de-14-anos-vai-a-juri-em-outubro-em-pontal-do-parana\/","title":{"rendered":"Acusado de matar youtuber de 14 anos vai a j\u00fari em outubro em Pontal do Paran\u00e1"},"content":{"rendered":"\n<p><em>Isabelly Cristine Domingos dos Santos morreu ap\u00f3s ser atingida por um tiro na cabe\u00e7a na PR-412<\/em><\/p>\n\n\n\n<p>O homem acusado de matar a jovem Isabelly Cristine Domingos dos Santos, de 14 anos, ser\u00e1 julgado pelo Tribunal do J\u00fari de Pontal do Paran\u00e1, com data prevista no dia 24 de outubro. A data foi marcada pela ju\u00edza Cristiane Dias Bonfim Godinho, nesta quarta-feira (6). O r\u00e9u, Everton Vargas, responde ao processo em liberdade h\u00e1 um ano e meio.<\/p>\n\n\n\n<p>Isabelly Cristine morreu ap\u00f3s ser atingida por um tiro na cabe\u00e7a na PR-412. O crime, de acordo com a Pol\u00edcia Civil, foi motivado por suposta briga de tr\u00e2nsito, em fevereiro de 2018. A adolescente estava no banco de tr\u00e1s e tr\u00eas outras pessoas estavam dentro do ve\u00edculo, ela chegou a ser socorrida, mas teve morte cerebral.<\/p>\n\n\n\n<p>De acordo com a advogada da fam\u00edlia da youtuber e assistente de acusa\u00e7\u00e3o no caso, Thaise Mattar Assad, \u201ca perspectiva \u00e9 pela condena\u00e7\u00e3o m\u00e1xima do acusado pelos crimes de homic\u00eddio qualificado por motivo torpe e porte ilegal de arma de fogo.\u201d<\/p>\n\n\n\n<p>O julgamento deveria ter acontecido no in\u00edcio de mar\u00e7o, mas uma falha processual acabou adiando o ato.<\/p>\n\n\n\n<p>Claudio Dalledone, advogado de Everton Vargas, disse esperar que tudo agora esteja resolvido. \u201cN\u00f3s iremos verificar se os advogados de acusa\u00e7\u00e3o realmente fizeram por onde ter nos autos toda a documenta\u00e7\u00e3o, tudo que se fez de prova por parte do Estado. Se tudo estiver correto, o julgamento ir\u00e1 sair. Do contr\u00e1rio, iremos continuar insistindo para que nada fique para debaixo do tapete. Everton ter\u00e1 o apenamento adequado a sua conduta, nada mais, nada menos. Eu advirto aos advogados da acusa\u00e7\u00e3o, teremos um j\u00fari muito duro, muito dif\u00edcil\u201d, alertou.<\/p>\n\n\n\n<p>O j\u00fari ser\u00e1 realizado no Audit\u00f3rio Primavera, em Pontal do Paran\u00e1.<\/p>\n\n\n\n<p><em>Informa\u00e7\u00f5es de <strong>Nosso Dia<\/strong><\/em><\/p>\n","protected":false},"excerpt":{"rendered":"<p>Isabelly Cristine Domingos dos Santos morreu ap\u00f3s ser atingida por um tiro na cabe\u00e7a na PR-412 O homem acusado de matar a jovem Isabelly Cristine Domingos dos Santos, de 14 anos, ser\u00e1 julgado pelo Tribunal do J\u00fari de Pontal do Paran\u00e1, com data prevista no dia 24 de outubro. A data foi marcada pela ju\u00edza [&hellip;]<\/p>\n","protected":false},"author":2,"featured_media":38508,"comment_status":"open","ping_status":"open","sticky":false,"template":"","format":"standard","meta":{"advanced_seo_description":"","jetpack_seo_html_title":"","jetpack_seo_noindex":false,"_jetpack_memberships_contains_paid_content":false,"footnotes":""},"categories":[40],"tags":[],"class_list":{"0":"post-38507","1":"post","2":"type-post","3":"status-publish","4":"format-standard","5":"has-post-thumbnail","7":"category-destaques"},"jetpack_featured_media_url":"https:\/\/www.paranapraia.com.br\/wp-content\/uploads\/2022\/07\/isabelly.jpg","jetpack_sharing_enabled":true,"_links":{"self":[{"href":"https:\/\/www.paranapraia.com.br\/index.php\/wp-json\/wp\/v2\/posts\/38507"}],"collection":[{"href":"https:\/\/www.paranapraia.com.br\/index.php\/wp-json\/wp\/v2\/posts"}],"about":[{"href":"https:\/\/www.paranapraia.com.br\/index.php\/wp-json\/wp\/v2\/types\/post"}],"author":[{"embeddable":true,"href":"https:\/\/www.paranapraia.com.br\/index.php\/wp-json\/wp\/v2\/users\/2"}],"replies":[{"embeddable":true,"href":"https:\/\/www.paranapraia.com.br\/index.php\/wp-json\/wp\/v2\/comments?post=38507"}],"version-history":[{"count":2,"href":"https:\/\/www.paranapraia.com.br\/index.php\/wp-json\/wp\/v2\/posts\/38507\/revisions"}],"predecessor-version":[{"id":38510,"href":"https:\/\/www.paranapraia.com.br\/index.php\/wp-json\/wp\/v2\/posts\/38507\/revisions\/38510"}],"wp:featuredmedia":[{"embeddable":true,"href":"https:\/\/www.paranapraia.com.br\/index.php\/wp-json\/wp\/v2\/media\/38508"}],"wp:attachment":[{"href":"https:\/\/www.paranapraia.com.br\/index.php\/wp-json\/wp\/v2\/media?parent=38507"}],"wp:term":[{"taxonomy":"category","embeddable":true,"href":"https:\/\/www.paranapraia.com.br\/index.php\/wp-json\/wp\/v2\/categories?post=38507"},{"taxonomy":"post_tag","embeddable":true,"href":"https:\/\/www.paranapraia.com.br\/index.php\/wp-json\/wp\/v2\/tags?post=38507"}],"curies":[{"name":"wp","href":"https:\/\/api.w.org\/{rel}","templated":true}]}}