{"id":38502,"date":"2022-07-06T09:18:06","date_gmt":"2022-07-06T12:18:06","guid":{"rendered":"https:\/\/www.paranapraia.com.br\/?p=38502"},"modified":"2022-07-06T09:18:08","modified_gmt":"2022-07-06T12:18:08","slug":"pontal-do-parana-recebe-duas-ambulancias-novas","status":"publish","type":"post","link":"https:\/\/www.paranapraia.com.br\/index.php\/2022\/07\/06\/pontal-do-parana-recebe-duas-ambulancias-novas\/","title":{"rendered":"Pontal do Paran\u00e1 recebe duas ambul\u00e2ncias novas"},"content":{"rendered":"\n<p>O Prefeito Municipal de Pontal do Paran\u00e1, Rud\u00e3o Gimenes, entregou oficialmente hoje (05\/07\/22) as duas novas ambul\u00e2ncias para a Secretaria de Sa\u00fade do munic\u00edpio.Na ocasi\u00e3o a Secretaria de Sa\u00fade, Carmen Moura, recebeu das m\u00e3os do prefeito as chaves, a documenta\u00e7\u00e3o e as notas fiscais das ambul\u00e2ncias.Cada ve\u00edculo custou R$ 298 mil, perfazendo um total de R$ 596 mil e foram adquiridos com recursos pr\u00f3prios do munic\u00edpio.<\/p>\n\n\n\n<p>Al\u00e9m do prefeito e da secretaria de Sa\u00fade, estiverem presentes \u00e0 entrega oficial a vereadora Nega e o vereador Jos\u00e9 Juvanete Pereira, que agradeceram o empenho do prefeito e da equipe de Sa\u00fade e parabenizaram nosso munic\u00edpio pela aquisi\u00e7\u00e3o, dizendo estarem muito felizes.<\/p>\n\n\n\n<figure class=\"wp-block-image size-large\"><img loading=\"lazy\" decoding=\"async\" width=\"1024\" height=\"517\" src=\"https:\/\/www.paranapraia.com.br\/wp-content\/uploads\/2022\/07\/292383248_1906067642924047_7045988703208525588_n-1024x517.jpg\" alt=\"\" class=\"wp-image-38504\" srcset=\"https:\/\/www.paranapraia.com.br\/wp-content\/uploads\/2022\/07\/292383248_1906067642924047_7045988703208525588_n-1024x517.jpg 1024w, https:\/\/www.paranapraia.com.br\/wp-content\/uploads\/2022\/07\/292383248_1906067642924047_7045988703208525588_n-300x151.jpg 300w, https:\/\/www.paranapraia.com.br\/wp-content\/uploads\/2022\/07\/292383248_1906067642924047_7045988703208525588_n-768x388.jpg 768w, https:\/\/www.paranapraia.com.br\/wp-content\/uploads\/2022\/07\/292383248_1906067642924047_7045988703208525588_n-696x351.jpg 696w, https:\/\/www.paranapraia.com.br\/wp-content\/uploads\/2022\/07\/292383248_1906067642924047_7045988703208525588_n-1068x539.jpg 1068w, https:\/\/www.paranapraia.com.br\/wp-content\/uploads\/2022\/07\/292383248_1906067642924047_7045988703208525588_n-832x420.jpg 832w, https:\/\/www.paranapraia.com.br\/wp-content\/uploads\/2022\/07\/292383248_1906067642924047_7045988703208525588_n.jpg 1201w\" sizes=\"(max-width: 1024px) 100vw, 1024px\" \/><\/figure>\n\n\n\n<p>O Prefeito de Pontal do Paran\u00e1, Rud\u00e3o Gimenes, destacou a import\u00e2ncia da chegada destas duas novas aquisi\u00e7\u00f5es: \u201cPassamos momentos dif\u00edceis no ano passado em rela\u00e7\u00e3o as ambul\u00e2ncias, tivemos at\u00e9 que fazer loca\u00e7\u00e3o de algumas delas para poder atender melhor a popula\u00e7\u00e3o. Recebemos no ano passado uma para atender no SAMU e essas duas ambul\u00e2ncias v\u00e3o estar atendendo a nossa popula\u00e7\u00e3o, v\u00e3o estar atendendo no transporte dos PAs (Pronto Atendimentos) e tamb\u00e9m dentro de nossas Unidades de Sa\u00fade quando for necess\u00e1rio. Quero agradecer a C\u00e2mara de Vereadores pelo apoio e ao Conselho Municipal de Sa\u00fade que autorizou a compra dessas duas ambul\u00e2ncias. Aqui \u00e9 a Pontal que cuida e o trabalho n\u00e3o para\u201d.<\/p>\n\n\n\n<figure class=\"wp-block-image size-large\"><img loading=\"lazy\" decoding=\"async\" width=\"1024\" height=\"462\" src=\"https:\/\/www.paranapraia.com.br\/wp-content\/uploads\/2022\/07\/291446505_1906015959595882_6216018738598873304_n-1024x462.jpg\" alt=\"\" class=\"wp-image-38505\" srcset=\"https:\/\/www.paranapraia.com.br\/wp-content\/uploads\/2022\/07\/291446505_1906015959595882_6216018738598873304_n-1024x462.jpg 1024w, https:\/\/www.paranapraia.com.br\/wp-content\/uploads\/2022\/07\/291446505_1906015959595882_6216018738598873304_n-300x135.jpg 300w, https:\/\/www.paranapraia.com.br\/wp-content\/uploads\/2022\/07\/291446505_1906015959595882_6216018738598873304_n-768x346.jpg 768w, https:\/\/www.paranapraia.com.br\/wp-content\/uploads\/2022\/07\/291446505_1906015959595882_6216018738598873304_n-1536x692.jpg 1536w, https:\/\/www.paranapraia.com.br\/wp-content\/uploads\/2022\/07\/291446505_1906015959595882_6216018738598873304_n-696x314.jpg 696w, https:\/\/www.paranapraia.com.br\/wp-content\/uploads\/2022\/07\/291446505_1906015959595882_6216018738598873304_n-1068x481.jpg 1068w, https:\/\/www.paranapraia.com.br\/wp-content\/uploads\/2022\/07\/291446505_1906015959595882_6216018738598873304_n-932x420.jpg 932w, https:\/\/www.paranapraia.com.br\/wp-content\/uploads\/2022\/07\/291446505_1906015959595882_6216018738598873304_n.jpg 2048w\" sizes=\"(max-width: 1024px) 100vw, 1024px\" \/><\/figure>\n\n\n\n<p>A Secretaria Municipal de Sa\u00fade, Carmen Moura, comentou sobre o sentimento da equipe em receber as ambul\u00e2ncias: \u201cUma alegria muito grande para n\u00f3s recebermos essas duas ambul\u00e2ncias, elas vieram somar para o atendimento adequado e oportuno \u00e0 popula\u00e7\u00e3o de Pontal do Paran\u00e1, est\u00e1vamos desde o ano passado ansiosos pelo recebimento delas e neste momento elas v\u00eam para agregar e poder atender da melhor forma poss\u00edvel quem precisar\u201d.<\/p>\n\n\n\n<p>Assessoria<\/p>\n","protected":false},"excerpt":{"rendered":"<p>O Prefeito Municipal de Pontal do Paran\u00e1, Rud\u00e3o Gimenes, entregou oficialmente hoje (05\/07\/22) as duas novas ambul\u00e2ncias para a Secretaria de Sa\u00fade do munic\u00edpio.Na ocasi\u00e3o a Secretaria de Sa\u00fade, Carmen Moura, recebeu das m\u00e3os do prefeito as chaves, a documenta\u00e7\u00e3o e as notas fiscais das ambul\u00e2ncias.Cada ve\u00edculo custou R$ 298 mil, perfazendo um total de [&hellip;]<\/p>\n","protected":false},"author":2,"featured_media":38503,"comment_status":"open","ping_status":"open","sticky":false,"template":"","format":"standard","meta":{"advanced_seo_description":"","jetpack_seo_html_title":"","jetpack_seo_noindex":false,"_jetpack_memberships_contains_paid_content":false,"footnotes":""},"categories":[40],"tags":[],"class_list":{"0":"post-38502","1":"post","2":"type-post","3":"status-publish","4":"format-standard","5":"has-post-thumbnail","7":"category-destaques"},"jetpack_featured_media_url":"https:\/\/www.paranapraia.com.br\/wp-content\/uploads\/2022\/07\/291736995_1906016749595803_1090935370435382650_n.jpg","jetpack_sharing_enabled":true,"_links":{"self":[{"href":"https:\/\/www.paranapraia.com.br\/index.php\/wp-json\/wp\/v2\/posts\/38502"}],"collection":[{"href":"https:\/\/www.paranapraia.com.br\/index.php\/wp-json\/wp\/v2\/posts"}],"about":[{"href":"https:\/\/www.paranapraia.com.br\/index.php\/wp-json\/wp\/v2\/types\/post"}],"author":[{"embeddable":true,"href":"https:\/\/www.paranapraia.com.br\/index.php\/wp-json\/wp\/v2\/users\/2"}],"replies":[{"embeddable":true,"href":"https:\/\/www.paranapraia.com.br\/index.php\/wp-json\/wp\/v2\/comments?post=38502"}],"version-history":[{"count":1,"href":"https:\/\/www.paranapraia.com.br\/index.php\/wp-json\/wp\/v2\/posts\/38502\/revisions"}],"predecessor-version":[{"id":38506,"href":"https:\/\/www.paranapraia.com.br\/index.php\/wp-json\/wp\/v2\/posts\/38502\/revisions\/38506"}],"wp:featuredmedia":[{"embeddable":true,"href":"https:\/\/www.paranapraia.com.br\/index.php\/wp-json\/wp\/v2\/media\/38503"}],"wp:attachment":[{"href":"https:\/\/www.paranapraia.com.br\/index.php\/wp-json\/wp\/v2\/media?parent=38502"}],"wp:term":[{"taxonomy":"category","embeddable":true,"href":"https:\/\/www.paranapraia.com.br\/index.php\/wp-json\/wp\/v2\/categories?post=38502"},{"taxonomy":"post_tag","embeddable":true,"href":"https:\/\/www.paranapraia.com.br\/index.php\/wp-json\/wp\/v2\/tags?post=38502"}],"curies":[{"name":"wp","href":"https:\/\/api.w.org\/{rel}","templated":true}]}}