{"id":38487,"date":"2022-07-05T10:56:57","date_gmt":"2022-07-05T13:56:57","guid":{"rendered":"https:\/\/www.paranapraia.com.br\/?p=38487"},"modified":"2022-07-05T10:56:59","modified_gmt":"2022-07-05T13:56:59","slug":"unati-litoral-promove-aula-magna-em-novo-espaco-fisico","status":"publish","type":"post","link":"https:\/\/www.paranapraia.com.br\/index.php\/2022\/07\/05\/unati-litoral-promove-aula-magna-em-novo-espaco-fisico\/","title":{"rendered":"Unati Litoral promove Aula Magna em novo espa\u00e7o f\u00edsico"},"content":{"rendered":"\n<p>Na pr\u00f3xima semana, dia 7 de julho \u00e0s 14h, acontecer\u00e1 a Aula Magna e apresenta\u00e7\u00e3o do novo espa\u00e7o f\u00edsico da Universidade Aberta para a Terceira Idade (Unati) Litoral. A partir desta data, os encontros se dar\u00e3o na Escola Municipal Josefa Maria Crisanto, no Balne\u00e1rio Barranco, em Pontal do Paran\u00e1.<\/p>\n\n\n\n<p>O evento contar\u00e1 com a presen\u00e7a da reitora da Unespar, Salete Machado Sirino, e com o Prefeito de Pontal do Paran\u00e1, Rud\u00e3o Gimenes. O ministrante da aula Magna ser\u00e1 o conselheiro da Superintend\u00eancia Geral de Ci\u00eancia, Tecnologia e Ensino Superior (Seti) do Paran\u00e1 no Conselho Estadual dos Direitos do Idoso, Jos\u00e9 Maia, sobre o tema \u201cA pessoa idosa do Paran\u00e1 e o seu protagonismo transformador: a chave da universidade aberta\u201d.<\/p>\n\n\n\n<p>A programa\u00e7\u00e3o contar\u00e1 com uma cerimonia em que o prefeito da cidade ceder\u00e1 o espa\u00e7o da escola municipal aos unatianos. Durante a tarde tamb\u00e9m haver\u00e1 apresenta\u00e7\u00e3o do Grupo de Vozes e Grupo de Dan\u00e7a da Unati Paranagu\u00e1.<\/p>\n\n\n\n<p>A Unati Litoral atende aproximadamente 30 idosos de Pontal do Paran\u00e1 e os encontros acontecem as quartas e quintas-feiras, das 14h \u00e0s 17h, com atividades pedag\u00f3gicas. Para participar, basta comparecer nos encontros.<\/p>\n\n\n\n<p>UNESPAR<\/p>\n","protected":false},"excerpt":{"rendered":"<p>Na pr\u00f3xima semana, dia 7 de julho \u00e0s 14h, acontecer\u00e1 a Aula Magna e apresenta\u00e7\u00e3o do novo espa\u00e7o f\u00edsico da Universidade Aberta para a Terceira Idade (Unati) Litoral. A partir desta data, os encontros se dar\u00e3o na Escola Municipal Josefa Maria Crisanto, no Balne\u00e1rio Barranco, em Pontal do Paran\u00e1. O evento contar\u00e1 com a presen\u00e7a [&hellip;]<\/p>\n","protected":false},"author":2,"featured_media":38488,"comment_status":"open","ping_status":"open","sticky":false,"template":"","format":"standard","meta":{"advanced_seo_description":"","jetpack_seo_html_title":"","jetpack_seo_noindex":false,"_jetpack_memberships_contains_paid_content":false,"footnotes":""},"categories":[40],"tags":[],"class_list":{"0":"post-38487","1":"post","2":"type-post","3":"status-publish","4":"format-standard","5":"has-post-thumbnail","7":"category-destaques"},"jetpack_featured_media_url":"https:\/\/www.paranapraia.com.br\/wp-content\/uploads\/2022\/07\/292282667_3253762208176282_6301830205738479224_n.jpg","jetpack_sharing_enabled":true,"_links":{"self":[{"href":"https:\/\/www.paranapraia.com.br\/index.php\/wp-json\/wp\/v2\/posts\/38487"}],"collection":[{"href":"https:\/\/www.paranapraia.com.br\/index.php\/wp-json\/wp\/v2\/posts"}],"about":[{"href":"https:\/\/www.paranapraia.com.br\/index.php\/wp-json\/wp\/v2\/types\/post"}],"author":[{"embeddable":true,"href":"https:\/\/www.paranapraia.com.br\/index.php\/wp-json\/wp\/v2\/users\/2"}],"replies":[{"embeddable":true,"href":"https:\/\/www.paranapraia.com.br\/index.php\/wp-json\/wp\/v2\/comments?post=38487"}],"version-history":[{"count":1,"href":"https:\/\/www.paranapraia.com.br\/index.php\/wp-json\/wp\/v2\/posts\/38487\/revisions"}],"predecessor-version":[{"id":38489,"href":"https:\/\/www.paranapraia.com.br\/index.php\/wp-json\/wp\/v2\/posts\/38487\/revisions\/38489"}],"wp:featuredmedia":[{"embeddable":true,"href":"https:\/\/www.paranapraia.com.br\/index.php\/wp-json\/wp\/v2\/media\/38488"}],"wp:attachment":[{"href":"https:\/\/www.paranapraia.com.br\/index.php\/wp-json\/wp\/v2\/media?parent=38487"}],"wp:term":[{"taxonomy":"category","embeddable":true,"href":"https:\/\/www.paranapraia.com.br\/index.php\/wp-json\/wp\/v2\/categories?post=38487"},{"taxonomy":"post_tag","embeddable":true,"href":"https:\/\/www.paranapraia.com.br\/index.php\/wp-json\/wp\/v2\/tags?post=38487"}],"curies":[{"name":"wp","href":"https:\/\/api.w.org\/{rel}","templated":true}]}}