{"id":38484,"date":"2022-07-05T09:40:39","date_gmt":"2022-07-05T12:40:39","guid":{"rendered":"https:\/\/www.paranapraia.com.br\/?p=38484"},"modified":"2022-07-05T09:41:13","modified_gmt":"2022-07-05T12:41:13","slug":"biblioteca-publica-do-parana-divulga-programacao-de-ferias","status":"publish","type":"post","link":"https:\/\/www.paranapraia.com.br\/index.php\/2022\/07\/05\/biblioteca-publica-do-parana-divulga-programacao-de-ferias\/","title":{"rendered":"Biblioteca P\u00fablica do Paran\u00e1 divulga programa\u00e7\u00e3o de f\u00e9rias"},"content":{"rendered":"\n<p>A Biblioteca P\u00fablica do Paran\u00e1 preparou uma programa\u00e7\u00e3o cultural especial para as f\u00e9rias de julho. As atividades incluem sess\u00f5es de conta\u00e7\u00e3o de hist\u00f3rias, filmes, media\u00e7\u00f5es de leitura, jogos de tabuleiro e a 16\u00aa edi\u00e7\u00e3o do projeto Uma Noite na Biblioteca, entre outros eventos.<\/p>\n\n\n\n<p>Todos os encontros s\u00e3o presenciais e t\u00eam entrada gratuita. A BPP sugere que protocolos sanit\u00e1rios como o uso de m\u00e1scaras e a higiene das m\u00e3os com \u00e1lcool sejam obedecidos.<\/p>\n\n\n\n<p><strong>Veja a agenda completa:<\/strong><\/p>\n\n\n\n<p><strong>Hora do Conto<\/strong><\/p>\n\n\n\n<p>Sess\u00f5es di\u00e1rias de conta\u00e7\u00e3o de hist\u00f3rias, seguidas de atividades art\u00edsticas sobre o conte\u00fado apresentado<\/p>\n\n\n\n<p>De segunda a sexta-feira, \u00e0s 11h e 15h<\/p>\n\n\n\n<p>S\u00e1bados, \u00e0s 11h<\/p>\n\n\n\n<p>Se\u00e7\u00e3o Infantil<\/p>\n\n\n\n<p>*Nos dias 15 e 29 n\u00e3o haver\u00e1 a sess\u00e3o das 15h<\/p>\n\n\n\n<p><strong>Cine Pipoca<\/strong><\/p>\n\n\n\n<p>Exibi\u00e7\u00e3o de filmes com classifica\u00e7\u00e3o indicativa livre<\/p>\n\n\n\n<p>Dia 15, \u00e0s 14h30 \u2014&nbsp;Uma Noite no Museu&nbsp;(2006)<\/p>\n\n\n\n<p>Dia 29, \u00e0s 14h30 \u2014&nbsp;Esqueceram de Mim&nbsp;(1990)<\/p>\n\n\n\n<p><strong>S\u00e1bado L\u00fadico<\/strong><\/p>\n\n\n\n<p>Evento para crian\u00e7as de 6 a 12 anos, voltado para o aprendizado de RPG,&nbsp;card games&nbsp;e jogos de tabuleiro<\/p>\n\n\n\n<p>Dias 9 e 23, das 11h30 \u00e0s 13h<\/p>\n\n\n\n<p>Se\u00e7\u00e3o Infantil<\/p>\n\n\n\n<p><strong>Conta\u00e7\u00e3o de Hist\u00f3rias com Andrea Zambelli<\/strong><\/p>\n\n\n\n<p>Encontro mensal com a pedagoga e contadora<\/p>\n\n\n\n<p>Dia 30, \u00e0s 11h \u2014&nbsp;Uxa, Ora Fada, Ora Bruxa&nbsp;(de Sylvia Orthof)<\/p>\n\n\n\n<p>Se\u00e7\u00e3o Infantil<\/p>\n\n\n\n<p><strong>Uma Noite na Biblioteca [Inscri\u00e7\u00f5es encerradas]<\/strong><\/p>\n\n\n\n<p>Acantonamento e maratona cultural para crian\u00e7as de 7 a 10 anos<\/p>\n\n\n\n<p>Dia 23, a partir das 17h<\/p>\n\n\n\n<p><strong>Torneio de domin\u00f3 para pessoas com defici\u00eancia visual<\/strong><\/p>\n\n\n\n<p>Campeonato de duplas promovido pela Se\u00e7\u00e3o Braille da BPP, para participantes de todas as idades<\/p>\n\n\n\n<p>Dia 16, a partir das 9h<\/p>\n\n\n\n<p>Inscri\u00e7\u00f5es e informa\u00e7\u00f5es: (41) 999693-1115 (Edenir) \/ (41) 999648-9129 (Everson)<\/p>\n\n\n\n<p>Hall do segundo andar<\/p>\n\n\n\n<p><strong>Exposi\u00e7\u00e3o de &#8220;39 Anos em 39 Imagens de Curitiba&#8221;<\/strong><\/p>\n\n\n\n<p>Mostra fotogr\u00e1fica com trabalhos de dez fot\u00f3grafos publicados no jornal Bem Paran\u00e1<\/p>\n\n\n\n<p>Abertura no dia 7, a partir das 17h, com bate-papo sobre fotojornalismo com Gisele Pimenta, Daniel Castellano e Franklin de Freitas<\/p>\n\n\n\n<p>Em cartaz at\u00e9 6 de agosto<\/p>\n\n\n\n<p>Hall t\u00e9rreo<\/p>\n\n\n\n<p><strong>Show com Estrela Leminksi e T\u00e9o Ruiz<\/strong><\/p>\n\n\n\n<p>Apresenta\u00e7\u00e3o promovida pela 39\u00aa Oficina de M\u00fasica de Curitiba<\/p>\n\n\n\n<p>Dia 9, \u00e0s 11h<\/p>\n\n\n\n<p>Hall t\u00e9rreo<\/p>\n\n\n\n<p><strong>Lan\u00e7amento do livro &#8220;O Inferno \u00c9 Viver e Outras Hist\u00f3rias&#8221;<\/strong><\/p>\n\n\n\n<p>Sess\u00e3o de aut\u00f3grafos com a autora Glaucianne Santos<\/p>\n\n\n\n<p>Dia 21, \u00e0s 17h30<\/p>\n\n\n\n<p>Hall t\u00e9rreo<\/p>\n\n\n\n<p><strong>Lan\u00e7amento do livro &#8220;Sankofa: a Hist\u00f3ria dos Afro-Curitibanos&#8221;<\/strong><\/p>\n\n\n\n<p>Bate-papo e sess\u00e3o de aut\u00f3grafos com a autora Raphaela Corsi e convidados<\/p>\n\n\n\n<p>Dia 28, \u00e0s 17h30<\/p>\n\n\n\n<p>Hall t\u00e9rreo<\/p>\n\n\n\n<p>AEN<\/p>\n","protected":false},"excerpt":{"rendered":"<p>A Biblioteca P\u00fablica do Paran\u00e1 preparou uma programa\u00e7\u00e3o cultural especial para as f\u00e9rias de julho. As atividades incluem sess\u00f5es de conta\u00e7\u00e3o de hist\u00f3rias, filmes, media\u00e7\u00f5es de leitura, jogos de tabuleiro e a 16\u00aa edi\u00e7\u00e3o do projeto Uma Noite na Biblioteca, entre outros eventos. Todos os encontros s\u00e3o presenciais e t\u00eam entrada gratuita. A BPP sugere [&hellip;]<\/p>\n","protected":false},"author":2,"featured_media":38486,"comment_status":"open","ping_status":"open","sticky":false,"template":"","format":"standard","meta":{"advanced_seo_description":"","jetpack_seo_html_title":"","jetpack_seo_noindex":false,"_jetpack_memberships_contains_paid_content":false,"footnotes":""},"categories":[40],"tags":[],"class_list":{"0":"post-38484","1":"post","2":"type-post","3":"status-publish","4":"format-standard","5":"has-post-thumbnail","7":"category-destaques"},"jetpack_featured_media_url":"https:\/\/www.paranapraia.com.br\/wp-content\/uploads\/2022\/07\/foto_murilo_ribas.png","jetpack_sharing_enabled":true,"_links":{"self":[{"href":"https:\/\/www.paranapraia.com.br\/index.php\/wp-json\/wp\/v2\/posts\/38484"}],"collection":[{"href":"https:\/\/www.paranapraia.com.br\/index.php\/wp-json\/wp\/v2\/posts"}],"about":[{"href":"https:\/\/www.paranapraia.com.br\/index.php\/wp-json\/wp\/v2\/types\/post"}],"author":[{"embeddable":true,"href":"https:\/\/www.paranapraia.com.br\/index.php\/wp-json\/wp\/v2\/users\/2"}],"replies":[{"embeddable":true,"href":"https:\/\/www.paranapraia.com.br\/index.php\/wp-json\/wp\/v2\/comments?post=38484"}],"version-history":[{"count":1,"href":"https:\/\/www.paranapraia.com.br\/index.php\/wp-json\/wp\/v2\/posts\/38484\/revisions"}],"predecessor-version":[{"id":38485,"href":"https:\/\/www.paranapraia.com.br\/index.php\/wp-json\/wp\/v2\/posts\/38484\/revisions\/38485"}],"wp:featuredmedia":[{"embeddable":true,"href":"https:\/\/www.paranapraia.com.br\/index.php\/wp-json\/wp\/v2\/media\/38486"}],"wp:attachment":[{"href":"https:\/\/www.paranapraia.com.br\/index.php\/wp-json\/wp\/v2\/media?parent=38484"}],"wp:term":[{"taxonomy":"category","embeddable":true,"href":"https:\/\/www.paranapraia.com.br\/index.php\/wp-json\/wp\/v2\/categories?post=38484"},{"taxonomy":"post_tag","embeddable":true,"href":"https:\/\/www.paranapraia.com.br\/index.php\/wp-json\/wp\/v2\/tags?post=38484"}],"curies":[{"name":"wp","href":"https:\/\/api.w.org\/{rel}","templated":true}]}}