{"id":38481,"date":"2022-07-04T14:36:11","date_gmt":"2022-07-04T17:36:11","guid":{"rendered":"https:\/\/www.paranapraia.com.br\/?p=38481"},"modified":"2022-07-04T14:36:12","modified_gmt":"2022-07-04T17:36:12","slug":"parana-registra-mais-1-233-casos-e-dois-obitos-pela-covid-19","status":"publish","type":"post","link":"https:\/\/www.paranapraia.com.br\/index.php\/2022\/07\/04\/parana-registra-mais-1-233-casos-e-dois-obitos-pela-covid-19\/","title":{"rendered":"Paran\u00e1 registra mais 1.233 casos e dois \u00f3bitos pela Covid-19"},"content":{"rendered":"\n<p>A Secretaria estadual da Sa\u00fade divulgou nesta segunda-feira (4) mais 1.233 casos confirmados e duas mortes em decorr\u00eancia da infec\u00e7\u00e3o causada pelo novo coronav\u00edrus no Paran\u00e1.<\/p>\n\n\n\n<p>Os dados acumulados do monitoramento mostram que o Estado soma agora 2.622.445 casos confirmados e 43.584 mortos pela doen\u00e7a.<\/p>\n\n\n\n<p>Os casos s\u00e3o de julho (604), junho (619), maio (5), mar\u00e7o (1) e fevereiro (3) de 2022; e julho (1) de 2021. Os \u00f3bitos s\u00e3o de mar\u00e7o (1) e fevereiro (1) de 2022.<\/p>\n\n\n\n<p><strong>INTERNADOS&nbsp;<\/strong>\u2013 Os dados de internamentos incluem todos os pacientes com casos de S\u00edndrome Respirat\u00f3ria Aguda Grave (SRAG) e suspeitos ou confirmados da Covid-19.&nbsp;Nesta segunda-feira, 604 pessoas est\u00e3o internadas em leitos SUS (151 em UTIs e 453 em enfermaria), por suspeita ou diagn\u00f3stico de Covid-19 e por outras SRAGs. Estes dados podem ser consultados diariamente clicando&nbsp;<strong><a href=\"https:\/\/www.coronavirus.pr.gov.br\/Campanha\/Pagina\/Transparencia-Leitos-e-Internados-por-Unidade-Hospitalar\" target=\"_blank\" rel=\"noreferrer noopener\">AQUI<\/a><\/strong>.<\/p>\n\n\n\n<p><strong>\u00d3BITOS&nbsp;<\/strong>\u2013 Os pacientes que tiveram morte relatada neste informe s\u00e3o homens, com 86 e 66 anos. Os \u00f3bitos ocorreram em 24 de fevereiro e 2 de mar\u00e7o de 2022. Ambos residiam em Londrina.<\/p>\n\n\n\n<p><strong>FORA DO PARAN\u00c1&nbsp;<\/strong>\u2013 O monitoramento registra 11.450 casos de residentes de fora do Estado; 240 pessoas foram a \u00f3bito.<\/p>\n\n\n\n<p><strong><a rel=\"noreferrer noopener\" href=\"https:\/\/www.saude.pr.gov.br\/sites\/default\/arquivos_restritos\/files\/documento\/2022-07\/informe_epidemiologico_04_07_2022.pdf\" target=\"_blank\">Confira o informe completo<\/a>.<\/strong><\/p>\n\n\n\n<p>AEN<\/p>\n","protected":false},"excerpt":{"rendered":"<p>A Secretaria estadual da Sa\u00fade divulgou nesta segunda-feira (4) mais 1.233 casos confirmados e duas mortes em decorr\u00eancia da infec\u00e7\u00e3o causada pelo novo coronav\u00edrus no Paran\u00e1. Os dados acumulados do monitoramento mostram que o Estado soma agora 2.622.445 casos confirmados e 43.584 mortos pela doen\u00e7a. Os casos s\u00e3o de julho (604), junho (619), maio (5), [&hellip;]<\/p>\n","protected":false},"author":2,"featured_media":38482,"comment_status":"open","ping_status":"open","sticky":false,"template":"","format":"standard","meta":{"advanced_seo_description":"","jetpack_seo_html_title":"","jetpack_seo_noindex":false,"_jetpack_memberships_contains_paid_content":false,"footnotes":""},"categories":[40],"tags":[],"class_list":{"0":"post-38481","1":"post","2":"type-post","3":"status-publish","4":"format-standard","5":"has-post-thumbnail","7":"category-destaques"},"jetpack_featured_media_url":"https:\/\/www.paranapraia.com.br\/wp-content\/uploads\/2022\/07\/banner_covid_2021_0.jpg","jetpack_sharing_enabled":true,"_links":{"self":[{"href":"https:\/\/www.paranapraia.com.br\/index.php\/wp-json\/wp\/v2\/posts\/38481"}],"collection":[{"href":"https:\/\/www.paranapraia.com.br\/index.php\/wp-json\/wp\/v2\/posts"}],"about":[{"href":"https:\/\/www.paranapraia.com.br\/index.php\/wp-json\/wp\/v2\/types\/post"}],"author":[{"embeddable":true,"href":"https:\/\/www.paranapraia.com.br\/index.php\/wp-json\/wp\/v2\/users\/2"}],"replies":[{"embeddable":true,"href":"https:\/\/www.paranapraia.com.br\/index.php\/wp-json\/wp\/v2\/comments?post=38481"}],"version-history":[{"count":1,"href":"https:\/\/www.paranapraia.com.br\/index.php\/wp-json\/wp\/v2\/posts\/38481\/revisions"}],"predecessor-version":[{"id":38483,"href":"https:\/\/www.paranapraia.com.br\/index.php\/wp-json\/wp\/v2\/posts\/38481\/revisions\/38483"}],"wp:featuredmedia":[{"embeddable":true,"href":"https:\/\/www.paranapraia.com.br\/index.php\/wp-json\/wp\/v2\/media\/38482"}],"wp:attachment":[{"href":"https:\/\/www.paranapraia.com.br\/index.php\/wp-json\/wp\/v2\/media?parent=38481"}],"wp:term":[{"taxonomy":"category","embeddable":true,"href":"https:\/\/www.paranapraia.com.br\/index.php\/wp-json\/wp\/v2\/categories?post=38481"},{"taxonomy":"post_tag","embeddable":true,"href":"https:\/\/www.paranapraia.com.br\/index.php\/wp-json\/wp\/v2\/tags?post=38481"}],"curies":[{"name":"wp","href":"https:\/\/api.w.org\/{rel}","templated":true}]}}