{"id":38457,"date":"2022-07-04T10:08:00","date_gmt":"2022-07-04T13:08:00","guid":{"rendered":"https:\/\/www.paranapraia.com.br\/?p=38457"},"modified":"2022-07-04T10:08:02","modified_gmt":"2022-07-04T13:08:02","slug":"parana-registra-primeiro-caso-da-variola-do-macaco","status":"publish","type":"post","link":"https:\/\/www.paranapraia.com.br\/index.php\/2022\/07\/04\/parana-registra-primeiro-caso-da-variola-do-macaco\/","title":{"rendered":"Paran\u00e1 registra primeiro caso da var\u00edola do macaco"},"content":{"rendered":"\n<p>A Secretaria de Estado da Sa\u00fade confirmou o primeiro caso de monkeypox, conhecido como a var\u00edola do macaco, no Paran\u00e1 neste domingo (3). Um homem de 31 anos, com hist\u00f3rico de viagem para S\u00e3o Paulo entre os dias 16 a 18 de junho, \u00e9 morador de Curitiba. O caso estava sendo analisando juntamente com outros dois suspeitos, de Londrina e Cascavel, que continuam em investiga\u00e7\u00e3o.<\/p>\n\n\n\n<p>As amostras dos suspeitos foram coletadas e encaminhadas para o Laborat\u00f3rio Central do Estado (Lacen\/PR), respons\u00e1vel pela articula\u00e7\u00e3o com o Minist\u00e9rio da Sa\u00fade para envio ao Laborat\u00f3rio de refer\u00eancia para casos desta doen\u00e7a, em S\u00e3o Paulo.<\/p>\n\n\n\n<p>A var\u00edola do macaco \u00e9 uma doen\u00e7a viral e a transmiss\u00e3o entre humanos ocorre principalmente por meio de contato com les\u00f5es de pele de pessoas infectadas ou objetos recentemente contaminados. A infec\u00e7\u00e3o causa erup\u00e7\u00f5es que geralmente se desenvolvem pelo rosto e depois se espalham para outras partes do corpo.<\/p>\n\n\n\n<p>Os principais sintomas envolvem febre, dor de cabe\u00e7a, dores musculares, dores nas costas, linfadenopatia, calafrios e fadiga.<\/p>\n\n\n\n<p>AEN<\/p>\n","protected":false},"excerpt":{"rendered":"<p>A Secretaria de Estado da Sa\u00fade confirmou o primeiro caso de monkeypox, conhecido como a var\u00edola do macaco, no Paran\u00e1 neste domingo (3). Um homem de 31 anos, com hist\u00f3rico de viagem para S\u00e3o Paulo entre os dias 16 a 18 de junho, \u00e9 morador de Curitiba. O caso estava sendo analisando juntamente com outros [&hellip;]<\/p>\n","protected":false},"author":2,"featured_media":38458,"comment_status":"open","ping_status":"open","sticky":false,"template":"","format":"standard","meta":{"advanced_seo_description":"","jetpack_seo_html_title":"","jetpack_seo_noindex":false,"_jetpack_memberships_contains_paid_content":false,"footnotes":""},"categories":[50],"tags":[],"class_list":{"0":"post-38457","1":"post","2":"type-post","3":"status-publish","4":"format-standard","5":"has-post-thumbnail","7":"category-saude"},"jetpack_featured_media_url":"https:\/\/www.paranapraia.com.br\/wp-content\/uploads\/2022\/07\/20210420_agb_sesa-10-1-scaled.jpg","jetpack_sharing_enabled":true,"_links":{"self":[{"href":"https:\/\/www.paranapraia.com.br\/index.php\/wp-json\/wp\/v2\/posts\/38457"}],"collection":[{"href":"https:\/\/www.paranapraia.com.br\/index.php\/wp-json\/wp\/v2\/posts"}],"about":[{"href":"https:\/\/www.paranapraia.com.br\/index.php\/wp-json\/wp\/v2\/types\/post"}],"author":[{"embeddable":true,"href":"https:\/\/www.paranapraia.com.br\/index.php\/wp-json\/wp\/v2\/users\/2"}],"replies":[{"embeddable":true,"href":"https:\/\/www.paranapraia.com.br\/index.php\/wp-json\/wp\/v2\/comments?post=38457"}],"version-history":[{"count":1,"href":"https:\/\/www.paranapraia.com.br\/index.php\/wp-json\/wp\/v2\/posts\/38457\/revisions"}],"predecessor-version":[{"id":38459,"href":"https:\/\/www.paranapraia.com.br\/index.php\/wp-json\/wp\/v2\/posts\/38457\/revisions\/38459"}],"wp:featuredmedia":[{"embeddable":true,"href":"https:\/\/www.paranapraia.com.br\/index.php\/wp-json\/wp\/v2\/media\/38458"}],"wp:attachment":[{"href":"https:\/\/www.paranapraia.com.br\/index.php\/wp-json\/wp\/v2\/media?parent=38457"}],"wp:term":[{"taxonomy":"category","embeddable":true,"href":"https:\/\/www.paranapraia.com.br\/index.php\/wp-json\/wp\/v2\/categories?post=38457"},{"taxonomy":"post_tag","embeddable":true,"href":"https:\/\/www.paranapraia.com.br\/index.php\/wp-json\/wp\/v2\/tags?post=38457"}],"curies":[{"name":"wp","href":"https:\/\/api.w.org\/{rel}","templated":true}]}}