{"id":38337,"date":"2022-06-25T20:58:10","date_gmt":"2022-06-25T23:58:10","guid":{"rendered":"https:\/\/www.paranapraia.com.br\/?p=38337"},"modified":"2022-06-25T20:58:12","modified_gmt":"2022-06-25T23:58:12","slug":"inicio-das-obras-de-dragagem-na-orla-e-oficialmente-iniciado","status":"publish","type":"post","link":"https:\/\/www.paranapraia.com.br\/index.php\/2022\/06\/25\/inicio-das-obras-de-dragagem-na-orla-e-oficialmente-iniciado\/","title":{"rendered":"In\u00edcio das obras de dragagem na orla \u00e9 oficialmente iniciado"},"content":{"rendered":"\n<p><div> O prefeito Z\u00e9 da Ecler esteve neste s\u00e1bado (25) em Caiob\u00e1, onde chegou a draga Galileo Galilei. A embarca\u00e7\u00e3o ser\u00e1 usada nas obras de dragagem, que fazem parte dos trabalhos de engorda da orla de Matinhos. Na cerim\u00f4nia, o governador Ratinho J\u00fanior anunciou o in\u00edcio das obras de dragagem em nossa cidade.  Com 166 metros de largura, a draga autotransportadora de suc\u00e7\u00e3o e arrasto \u00e9 de origem belga.<\/div><\/p>\n\n\n\n<p><div> O equipamento possui cisterna e propuls\u00e3o pr\u00f3pria. Isso permite sua navega\u00e7\u00e3o at\u00e9 a chamada jazida de empr\u00e9stimo, onde dragam a areia, depositam em sua cisterna e em seguida mandam o material pela tubula\u00e7\u00e3o que est\u00e1 submersa e permanece em posi\u00e7\u00e3o din\u00e2mica para recalcar a areia at\u00e9 a praia, onde os tratores far\u00e3o o espalhamento na parte seca. Na parte submersa, \u00e9 o pr\u00f3prio movimento das ondas que se encarrega de fazer esse espalhamento da areia. <\/div><\/p>\n\n\n\n<figure class=\"wp-block-gallery columns-3 is-cropped wp-block-gallery-1 is-layout-flex wp-block-gallery-is-layout-flex\"><ul class=\"blocks-gallery-grid\"><li class=\"blocks-gallery-item\"><figure><img loading=\"lazy\" decoding=\"async\" width=\"1024\" height=\"768\" src=\"https:\/\/www.paranapraia.com.br\/wp-content\/uploads\/2022\/06\/FB_IMG_1656201216688-1024x768.jpg\" alt=\"\" data-id=\"38339\" data-full-url=\"https:\/\/www.paranapraia.com.br\/wp-content\/uploads\/2022\/06\/FB_IMG_1656201216688.jpg\" data-link=\"https:\/\/www.paranapraia.com.br\/?attachment_id=38339\" class=\"wp-image-38339\" srcset=\"https:\/\/www.paranapraia.com.br\/wp-content\/uploads\/2022\/06\/FB_IMG_1656201216688-1024x768.jpg 1024w, https:\/\/www.paranapraia.com.br\/wp-content\/uploads\/2022\/06\/FB_IMG_1656201216688-300x225.jpg 300w, https:\/\/www.paranapraia.com.br\/wp-content\/uploads\/2022\/06\/FB_IMG_1656201216688-768x576.jpg 768w, https:\/\/www.paranapraia.com.br\/wp-content\/uploads\/2022\/06\/FB_IMG_1656201216688-80x60.jpg 80w, https:\/\/www.paranapraia.com.br\/wp-content\/uploads\/2022\/06\/FB_IMG_1656201216688-265x198.jpg 265w, https:\/\/www.paranapraia.com.br\/wp-content\/uploads\/2022\/06\/FB_IMG_1656201216688-696x522.jpg 696w, https:\/\/www.paranapraia.com.br\/wp-content\/uploads\/2022\/06\/FB_IMG_1656201216688-1068x801.jpg 1068w, https:\/\/www.paranapraia.com.br\/wp-content\/uploads\/2022\/06\/FB_IMG_1656201216688-560x420.jpg 560w, https:\/\/www.paranapraia.com.br\/wp-content\/uploads\/2022\/06\/FB_IMG_1656201216688.jpg 1080w\" sizes=\"(max-width: 1024px) 100vw, 1024px\" \/><\/figure><\/li><li class=\"blocks-gallery-item\"><figure><img loading=\"lazy\" decoding=\"async\" width=\"1024\" height=\"576\" src=\"https:\/\/www.paranapraia.com.br\/wp-content\/uploads\/2022\/06\/FB_IMG_1656201209516-1024x576.jpg\" alt=\"\" data-id=\"38340\" data-full-url=\"https:\/\/www.paranapraia.com.br\/wp-content\/uploads\/2022\/06\/FB_IMG_1656201209516.jpg\" data-link=\"https:\/\/www.paranapraia.com.br\/?attachment_id=38340\" class=\"wp-image-38340\" srcset=\"https:\/\/www.paranapraia.com.br\/wp-content\/uploads\/2022\/06\/FB_IMG_1656201209516-1024x576.jpg 1024w, https:\/\/www.paranapraia.com.br\/wp-content\/uploads\/2022\/06\/FB_IMG_1656201209516-300x169.jpg 300w, https:\/\/www.paranapraia.com.br\/wp-content\/uploads\/2022\/06\/FB_IMG_1656201209516-768x432.jpg 768w, https:\/\/www.paranapraia.com.br\/wp-content\/uploads\/2022\/06\/FB_IMG_1656201209516-696x392.jpg 696w, https:\/\/www.paranapraia.com.br\/wp-content\/uploads\/2022\/06\/FB_IMG_1656201209516-1068x601.jpg 1068w, https:\/\/www.paranapraia.com.br\/wp-content\/uploads\/2022\/06\/FB_IMG_1656201209516-746x420.jpg 746w, https:\/\/www.paranapraia.com.br\/wp-content\/uploads\/2022\/06\/FB_IMG_1656201209516.jpg 1080w\" sizes=\"(max-width: 1024px) 100vw, 1024px\" \/><\/figure><\/li><li class=\"blocks-gallery-item\"><figure><img loading=\"lazy\" decoding=\"async\" width=\"1024\" height=\"574\" src=\"https:\/\/www.paranapraia.com.br\/wp-content\/uploads\/2022\/06\/FB_IMG_1656201202084-1024x574.jpg\" alt=\"\" data-id=\"38341\" data-full-url=\"https:\/\/www.paranapraia.com.br\/wp-content\/uploads\/2022\/06\/FB_IMG_1656201202084.jpg\" data-link=\"https:\/\/www.paranapraia.com.br\/?attachment_id=38341\" class=\"wp-image-38341\" srcset=\"https:\/\/www.paranapraia.com.br\/wp-content\/uploads\/2022\/06\/FB_IMG_1656201202084-1024x574.jpg 1024w, https:\/\/www.paranapraia.com.br\/wp-content\/uploads\/2022\/06\/FB_IMG_1656201202084-300x168.jpg 300w, https:\/\/www.paranapraia.com.br\/wp-content\/uploads\/2022\/06\/FB_IMG_1656201202084-768x430.jpg 768w, https:\/\/www.paranapraia.com.br\/wp-content\/uploads\/2022\/06\/FB_IMG_1656201202084-696x390.jpg 696w, https:\/\/www.paranapraia.com.br\/wp-content\/uploads\/2022\/06\/FB_IMG_1656201202084-1068x598.jpg 1068w, https:\/\/www.paranapraia.com.br\/wp-content\/uploads\/2022\/06\/FB_IMG_1656201202084-750x420.jpg 750w, https:\/\/www.paranapraia.com.br\/wp-content\/uploads\/2022\/06\/FB_IMG_1656201202084.jpg 1080w\" sizes=\"(max-width: 1024px) 100vw, 1024px\" \/><\/figure><\/li><li class=\"blocks-gallery-item\"><figure><img loading=\"lazy\" decoding=\"async\" width=\"1024\" height=\"576\" src=\"https:\/\/www.paranapraia.com.br\/wp-content\/uploads\/2022\/06\/FB_IMG_1656201192466-1024x576.jpg\" alt=\"\" data-id=\"38342\" data-full-url=\"https:\/\/www.paranapraia.com.br\/wp-content\/uploads\/2022\/06\/FB_IMG_1656201192466.jpg\" data-link=\"https:\/\/www.paranapraia.com.br\/?attachment_id=38342\" class=\"wp-image-38342\" srcset=\"https:\/\/www.paranapraia.com.br\/wp-content\/uploads\/2022\/06\/FB_IMG_1656201192466-1024x576.jpg 1024w, https:\/\/www.paranapraia.com.br\/wp-content\/uploads\/2022\/06\/FB_IMG_1656201192466-300x169.jpg 300w, https:\/\/www.paranapraia.com.br\/wp-content\/uploads\/2022\/06\/FB_IMG_1656201192466-768x432.jpg 768w, https:\/\/www.paranapraia.com.br\/wp-content\/uploads\/2022\/06\/FB_IMG_1656201192466-696x392.jpg 696w, https:\/\/www.paranapraia.com.br\/wp-content\/uploads\/2022\/06\/FB_IMG_1656201192466-1068x601.jpg 1068w, https:\/\/www.paranapraia.com.br\/wp-content\/uploads\/2022\/06\/FB_IMG_1656201192466-746x420.jpg 746w, https:\/\/www.paranapraia.com.br\/wp-content\/uploads\/2022\/06\/FB_IMG_1656201192466.jpg 1080w\" sizes=\"(max-width: 1024px) 100vw, 1024px\" \/><\/figure><\/li><li class=\"blocks-gallery-item\"><figure><img loading=\"lazy\" decoding=\"async\" width=\"1024\" height=\"576\" src=\"https:\/\/www.paranapraia.com.br\/wp-content\/uploads\/2022\/06\/FB_IMG_1656201176988-1024x576.jpg\" alt=\"\" data-id=\"38343\" data-full-url=\"https:\/\/www.paranapraia.com.br\/wp-content\/uploads\/2022\/06\/FB_IMG_1656201176988.jpg\" data-link=\"https:\/\/www.paranapraia.com.br\/?attachment_id=38343\" class=\"wp-image-38343\" srcset=\"https:\/\/www.paranapraia.com.br\/wp-content\/uploads\/2022\/06\/FB_IMG_1656201176988-1024x576.jpg 1024w, https:\/\/www.paranapraia.com.br\/wp-content\/uploads\/2022\/06\/FB_IMG_1656201176988-300x169.jpg 300w, https:\/\/www.paranapraia.com.br\/wp-content\/uploads\/2022\/06\/FB_IMG_1656201176988-768x432.jpg 768w, https:\/\/www.paranapraia.com.br\/wp-content\/uploads\/2022\/06\/FB_IMG_1656201176988-696x392.jpg 696w, https:\/\/www.paranapraia.com.br\/wp-content\/uploads\/2022\/06\/FB_IMG_1656201176988-1068x601.jpg 1068w, https:\/\/www.paranapraia.com.br\/wp-content\/uploads\/2022\/06\/FB_IMG_1656201176988-746x420.jpg 746w, https:\/\/www.paranapraia.com.br\/wp-content\/uploads\/2022\/06\/FB_IMG_1656201176988.jpg 1080w\" sizes=\"(max-width: 1024px) 100vw, 1024px\" \/><\/figure><\/li><li class=\"blocks-gallery-item\"><figure><img loading=\"lazy\" decoding=\"async\" width=\"1024\" height=\"683\" src=\"https:\/\/www.paranapraia.com.br\/wp-content\/uploads\/2022\/06\/FB_IMG_1656201173406-1024x683.jpg\" alt=\"\" data-id=\"38344\" data-full-url=\"https:\/\/www.paranapraia.com.br\/wp-content\/uploads\/2022\/06\/FB_IMG_1656201173406.jpg\" data-link=\"https:\/\/www.paranapraia.com.br\/?attachment_id=38344\" class=\"wp-image-38344\" srcset=\"https:\/\/www.paranapraia.com.br\/wp-content\/uploads\/2022\/06\/FB_IMG_1656201173406-1024x683.jpg 1024w, https:\/\/www.paranapraia.com.br\/wp-content\/uploads\/2022\/06\/FB_IMG_1656201173406-300x200.jpg 300w, https:\/\/www.paranapraia.com.br\/wp-content\/uploads\/2022\/06\/FB_IMG_1656201173406-768x512.jpg 768w, https:\/\/www.paranapraia.com.br\/wp-content\/uploads\/2022\/06\/FB_IMG_1656201173406-696x464.jpg 696w, https:\/\/www.paranapraia.com.br\/wp-content\/uploads\/2022\/06\/FB_IMG_1656201173406-1068x712.jpg 1068w, https:\/\/www.paranapraia.com.br\/wp-content\/uploads\/2022\/06\/FB_IMG_1656201173406-630x420.jpg 630w, https:\/\/www.paranapraia.com.br\/wp-content\/uploads\/2022\/06\/FB_IMG_1656201173406.jpg 1080w\" sizes=\"(max-width: 1024px) 100vw, 1024px\" \/><\/figure><\/li><\/ul><\/figure>\n\n\n\n<p>A draga tem capacidade de 18 mil metros c\u00fabicos em sua cisterna, e pesa em torno de 31,2 mil toneladas. Com comprimento total de 166 metros, tem pot\u00eancia de bomba de 3,4 mil KW ao arrastar e 14 mil KW ao descarregar. Constru\u00edda em 2920, a draga tem a capacidade de acomodar uma tripula\u00e7\u00e3o de 32 passageiros. A embarca\u00e7\u00e3o j\u00e1 foi utilizada para as obras de dragagem e aterro hidr\u00e1ulico de Balne\u00e1rio Cambori\u00fa, al\u00e9m de v\u00e1rias outras obras de dragagem portu\u00e1ria em Santos, Rio de Janeiro e Itaja\u00ed. Durante o evento da tarde deste s\u00e1bado, o secret\u00e1rio estadual de Meio Ambiente e Recursos H\u00eddricos, Everton de Souza, destacou os pontos positivos da obra. <\/p>\n\n\n\n<p>O diretor de Saneamento de Recursos H\u00eddricos, Jos\u00e9 Luiz Scroccaro, falou sobre como a embarca\u00e7\u00e3o ir\u00e1 auxiliar nos trabalhos. O governador Ratinho J\u00fanior falou citou os grandes investimentos que o Estado vem fazendo no Litoral. E o prefeito Z\u00e9 da Ecler comentou que o munic\u00edpio tem muito a crescer e se beneficiar com a obra.  Com investimentos de R$ 314,9 milh\u00f5es, a dragagem \u00e9 um dos processos das obras de recupera\u00e7\u00e3o da orla de Matinhos. A obra &#8211; que \u00e9 do Governo do Estado, atrav\u00e9s do Instituto \u00c1gua e Terra (IAT), e executada pelo Cons\u00f3rcio Sambaqui, vencedor da licita\u00e7\u00e3o p\u00fablica &#8211; vai resultar no alargamento da faixa de areia ao longo dos 6,3 km previstos no projeto, do Morro do Boi at\u00e9 o Balne\u00e1rio Fl\u00f3rida. Segundo o Pal\u00e1cio Igua\u00e7u, o esfor\u00e7o ir\u00e1 garantir cerca de 300 empregos diretos e 1400 indiretos.  <\/p>\n\n\n\n<p>Al\u00e9m do prefeito, estiveram no evento a primeira dama Regina Viana; o chefe de Gabinete, Carlos Valderi; o procurador municipal Ronysson Pontes; os secret\u00e1rios de Administra\u00e7\u00e3o, Joilson Vaz da Silva, de Meio Ambiente, Ari Nomax; de Assist\u00eancia Social, Enelida Ramos de Lima; de Defesa Social, Aldemir Zwetsch J\u00fanior; de Planejamento; Ivo Mendes J\u00fanior; e de Turismo e Desenvolvimento Econ\u00f4mico, Jos\u00e9 Lu\u00eds Leal.  Representando o Legislativo Municipal, estava o presidente da C\u00e2mara, Rodrigo Greg\u00f3rio (PODE), e os vereadores Nando (PODE), Lucas Pesco (PSC), G\u00e9rson J\u00fanior (PL), Jair Pescador (PL), Lel\u00e9u (PSL) N\u00edvea Gurski (PSD) e Almir (PROS). No evento, ainda estavam parlamentares federais e estaduais, secret\u00e1rios de Estado, autoridades e representantes da sociedade civil.  <\/p>\n\n\n\n<p>Departamento de Comunica\u00e7\u00e3o<\/p>\n","protected":false},"excerpt":{"rendered":"<p>O prefeito Z\u00e9 da Ecler esteve neste s\u00e1bado (25) em Caiob\u00e1, onde chegou a draga Galileo Galilei. A embarca\u00e7\u00e3o ser\u00e1 usada nas obras de dragagem, que fazem parte dos trabalhos de engorda da orla de Matinhos. Na cerim\u00f4nia, o governador Ratinho J\u00fanior anunciou o in\u00edcio das obras de dragagem em nossa cidade. Com 166 metros [&hellip;]<\/p>\n","protected":false},"author":2,"featured_media":38338,"comment_status":"open","ping_status":"open","sticky":false,"template":"","format":"standard","meta":{"advanced_seo_description":"","jetpack_seo_html_title":"","jetpack_seo_noindex":false,"_jetpack_memberships_contains_paid_content":false,"footnotes":""},"categories":[40],"tags":[],"class_list":{"0":"post-38337","1":"post","2":"type-post","3":"status-publish","4":"format-standard","5":"has-post-thumbnail","7":"category-destaques"},"jetpack_featured_media_url":"https:\/\/www.paranapraia.com.br\/wp-content\/uploads\/2022\/06\/FB_IMG_1656201168213.jpg","jetpack_sharing_enabled":true,"_links":{"self":[{"href":"https:\/\/www.paranapraia.com.br\/index.php\/wp-json\/wp\/v2\/posts\/38337"}],"collection":[{"href":"https:\/\/www.paranapraia.com.br\/index.php\/wp-json\/wp\/v2\/posts"}],"about":[{"href":"https:\/\/www.paranapraia.com.br\/index.php\/wp-json\/wp\/v2\/types\/post"}],"author":[{"embeddable":true,"href":"https:\/\/www.paranapraia.com.br\/index.php\/wp-json\/wp\/v2\/users\/2"}],"replies":[{"embeddable":true,"href":"https:\/\/www.paranapraia.com.br\/index.php\/wp-json\/wp\/v2\/comments?post=38337"}],"version-history":[{"count":1,"href":"https:\/\/www.paranapraia.com.br\/index.php\/wp-json\/wp\/v2\/posts\/38337\/revisions"}],"predecessor-version":[{"id":38345,"href":"https:\/\/www.paranapraia.com.br\/index.php\/wp-json\/wp\/v2\/posts\/38337\/revisions\/38345"}],"wp:featuredmedia":[{"embeddable":true,"href":"https:\/\/www.paranapraia.com.br\/index.php\/wp-json\/wp\/v2\/media\/38338"}],"wp:attachment":[{"href":"https:\/\/www.paranapraia.com.br\/index.php\/wp-json\/wp\/v2\/media?parent=38337"}],"wp:term":[{"taxonomy":"category","embeddable":true,"href":"https:\/\/www.paranapraia.com.br\/index.php\/wp-json\/wp\/v2\/categories?post=38337"},{"taxonomy":"post_tag","embeddable":true,"href":"https:\/\/www.paranapraia.com.br\/index.php\/wp-json\/wp\/v2\/tags?post=38337"}],"curies":[{"name":"wp","href":"https:\/\/api.w.org\/{rel}","templated":true}]}}