{"id":38330,"date":"2022-06-24T15:19:28","date_gmt":"2022-06-24T18:19:28","guid":{"rendered":"https:\/\/www.paranapraia.com.br\/?p=38330"},"modified":"2022-06-24T15:19:30","modified_gmt":"2022-06-24T18:19:30","slug":"pontal-do-parana-recebera-domingo-o-campeonato-brasileiro-de-tiro-com-arco","status":"publish","type":"post","link":"https:\/\/www.paranapraia.com.br\/index.php\/2022\/06\/24\/pontal-do-parana-recebera-domingo-o-campeonato-brasileiro-de-tiro-com-arco\/","title":{"rendered":"Pontal do Paran\u00e1 receber\u00e1 domingo o Campeonato Brasileiro de tiro com arco"},"content":{"rendered":"\n<p>Nosso munic\u00edpio ser\u00e1 sede do Campeonato Brasileiro de Tiro com Arco no pr\u00f3ximo domingo (26\/06\/22).Em Pontal do Paran\u00e1 teremos 10 atletas competindo por quatro vagas dispon\u00edveis para o nosso estado. S\u00e3o elas: uma para o Infantil Masculino e outra para o Infantil Feminino (at\u00e9 14 anos) e outras duas vagas para o Cadete Masculino e Cadete Feminino (de 15 \u00e0 16 anos).<\/p>\n\n\n\n<p>Haver\u00e3o etapas simultaneamente em todo territ\u00f3rio nacional, inclusive em v\u00e1rias cidades do estado do Paran\u00e1. Esta competi\u00e7\u00e3o ser\u00e1 uma etapa regional do Campeonato Brasileiro Escolar 2022. Os resultados do nosso estado ser\u00e3o apurados ao final do dia pela Fetap (Federa\u00e7\u00e3o de Tiro com Arco do Paran\u00e1) que informar\u00e1 a CBTARCO (Confedera\u00e7\u00e3o Brasileira de Tiro com Arco) quem s\u00e3o os quatro alunos classificados e que ir\u00e3o participar da final do Brasileiro em Maric\u00e1 -RJ, onde fica a sede da CBTARCO.<\/p>\n\n\n\n<figure class=\"wp-block-image size-large\"><img loading=\"lazy\" decoding=\"async\" width=\"960\" height=\"720\" src=\"https:\/\/www.paranapraia.com.br\/wp-content\/uploads\/2022\/06\/289388431_1897851447079000_3563374459786079989_n.jpg\" alt=\"\" class=\"wp-image-38332\" srcset=\"https:\/\/www.paranapraia.com.br\/wp-content\/uploads\/2022\/06\/289388431_1897851447079000_3563374459786079989_n.jpg 960w, https:\/\/www.paranapraia.com.br\/wp-content\/uploads\/2022\/06\/289388431_1897851447079000_3563374459786079989_n-300x225.jpg 300w, https:\/\/www.paranapraia.com.br\/wp-content\/uploads\/2022\/06\/289388431_1897851447079000_3563374459786079989_n-768x576.jpg 768w, https:\/\/www.paranapraia.com.br\/wp-content\/uploads\/2022\/06\/289388431_1897851447079000_3563374459786079989_n-80x60.jpg 80w, https:\/\/www.paranapraia.com.br\/wp-content\/uploads\/2022\/06\/289388431_1897851447079000_3563374459786079989_n-265x198.jpg 265w, https:\/\/www.paranapraia.com.br\/wp-content\/uploads\/2022\/06\/289388431_1897851447079000_3563374459786079989_n-696x522.jpg 696w, https:\/\/www.paranapraia.com.br\/wp-content\/uploads\/2022\/06\/289388431_1897851447079000_3563374459786079989_n-560x420.jpg 560w\" sizes=\"(max-width: 960px) 100vw, 960px\" \/><\/figure>\n\n\n\n<p>O Presidente da Fetap e \u00e1rbitro no evento, Ord\u00e1lio Frizzo, comentou sobre o que a Federa\u00e7\u00e3o espera deste campeonato: \u201cEstamos muito felizes em ter alunos de Pontal do Paran\u00e1 e regi\u00e3o participando do Campeonato, assim como os resultados alcan\u00e7ados com o Projeto de Tiro com Arco desenvolvido pela Secretaria de Esportes, Cultura, Lazer e Juventude da Prefeitura de Pontal do Paran\u00e1, uma iniciativa \u00fanica e j\u00e1 reconhecida pela Confedera\u00e7\u00e3o Brasileira como modelo de pr\u00e1tica e desenvolvimento de jovens e adultos no esporte.<\/p>\n\n\n\n<p>Acho importante ressaltar que por ser a n\u00edvel escolar os participantes n\u00e3o s\u00e3o atletas experientes no Tiro com Arco. Portanto, o prop\u00f3sito dessa competi\u00e7\u00e3o \u00e9 favorecer o contato de alunos com a modalidade que \u00e9 ol\u00edmpica, altamente inclusiva, por\u00e9m, pouco conhecida. Quem tiver o interesse em assistir ser\u00e3o muito bem-vindos\u201d.O Secret\u00e1rio Municipal de Esportes, Cultura, Lazer e Juventude, Jo\u00e3o Carlos Marcon, ressaltou a import\u00e2ncia das escolinhas existentes em Pontal do Paran\u00e1: \u201cImportante lembrar que os alunos do projeto s\u00e3o de v\u00e1rias faixa et\u00e1rias, desde crian\u00e7as at\u00e9 idosos do n\u00edvel master.<\/p>\n\n\n\n<p> Esta competi\u00e7\u00e3o contempla somente atletas em fase escolar e essa gera\u00e7\u00e3o que \u00e9 a base das nossas escolinhas\u201d.<\/p>\n\n\n\n<p>ONDE?<\/p>\n\n\n\n<p> Gin\u00e1sio da Escola Municipal Ezequiel Pinto da Silva<\/p>\n\n\n\n<p>QUANDO?<\/p>\n\n\n\n<p> 26\/06\/22<\/p>\n\n\n\n<p>QUE HOR\u00c1RIO?<\/p>\n\n\n\n<p>10 h &#8211; Abertura do Evento.10h30 &#8211; Inicio da primeira turma com 10 sess\u00f5es de 3 tiros cada.11h30 &#8211; Previs\u00e3o do t\u00e9rmino da primeira turma de tiro.11h45 &#8211; In\u00edcio da segunda turma de tiro com 10 sess\u00f5es de 3 tiros cada.12h50 &#8211; Previs\u00e3o do t\u00e9rmino da segunda turma de tiro13h &#8211; Apura\u00e7\u00e3o dos resultados.13h30 &#8211; Divulga\u00e7\u00e3o dos resultados e forma\u00e7\u00e3o do P\u00f3dio com os 3 primeiros colocados de cada categoria se houver.<\/p>\n\n\n\n<p>Assessoria<\/p>\n","protected":false},"excerpt":{"rendered":"<p>Nosso munic\u00edpio ser\u00e1 sede do Campeonato Brasileiro de Tiro com Arco no pr\u00f3ximo domingo (26\/06\/22).Em Pontal do Paran\u00e1 teremos 10 atletas competindo por quatro vagas dispon\u00edveis para o nosso estado. S\u00e3o elas: uma para o Infantil Masculino e outra para o Infantil Feminino (at\u00e9 14 anos) e outras duas vagas para o Cadete Masculino e [&hellip;]<\/p>\n","protected":false},"author":2,"featured_media":38331,"comment_status":"open","ping_status":"open","sticky":false,"template":"","format":"standard","meta":{"advanced_seo_description":"","jetpack_seo_html_title":"","jetpack_seo_noindex":false,"_jetpack_memberships_contains_paid_content":false,"footnotes":""},"categories":[40],"tags":[],"class_list":{"0":"post-38330","1":"post","2":"type-post","3":"status-publish","4":"format-standard","5":"has-post-thumbnail","7":"category-destaques"},"jetpack_featured_media_url":"https:\/\/www.paranapraia.com.br\/wp-content\/uploads\/2022\/06\/289015764_1897829993747812_4774706329738481629_n.jpg","jetpack_sharing_enabled":true,"_links":{"self":[{"href":"https:\/\/www.paranapraia.com.br\/index.php\/wp-json\/wp\/v2\/posts\/38330"}],"collection":[{"href":"https:\/\/www.paranapraia.com.br\/index.php\/wp-json\/wp\/v2\/posts"}],"about":[{"href":"https:\/\/www.paranapraia.com.br\/index.php\/wp-json\/wp\/v2\/types\/post"}],"author":[{"embeddable":true,"href":"https:\/\/www.paranapraia.com.br\/index.php\/wp-json\/wp\/v2\/users\/2"}],"replies":[{"embeddable":true,"href":"https:\/\/www.paranapraia.com.br\/index.php\/wp-json\/wp\/v2\/comments?post=38330"}],"version-history":[{"count":1,"href":"https:\/\/www.paranapraia.com.br\/index.php\/wp-json\/wp\/v2\/posts\/38330\/revisions"}],"predecessor-version":[{"id":38333,"href":"https:\/\/www.paranapraia.com.br\/index.php\/wp-json\/wp\/v2\/posts\/38330\/revisions\/38333"}],"wp:featuredmedia":[{"embeddable":true,"href":"https:\/\/www.paranapraia.com.br\/index.php\/wp-json\/wp\/v2\/media\/38331"}],"wp:attachment":[{"href":"https:\/\/www.paranapraia.com.br\/index.php\/wp-json\/wp\/v2\/media?parent=38330"}],"wp:term":[{"taxonomy":"category","embeddable":true,"href":"https:\/\/www.paranapraia.com.br\/index.php\/wp-json\/wp\/v2\/categories?post=38330"},{"taxonomy":"post_tag","embeddable":true,"href":"https:\/\/www.paranapraia.com.br\/index.php\/wp-json\/wp\/v2\/tags?post=38330"}],"curies":[{"name":"wp","href":"https:\/\/api.w.org\/{rel}","templated":true}]}}