{"id":38326,"date":"2022-06-24T15:02:09","date_gmt":"2022-06-24T18:02:09","guid":{"rendered":"https:\/\/www.paranapraia.com.br\/?p=38326"},"modified":"2022-06-24T15:02:10","modified_gmt":"2022-06-24T18:02:10","slug":"guaratuba-planejamento-do-programa-saude-na-escola-com-a-equipe-regional-da-saude","status":"publish","type":"post","link":"https:\/\/www.paranapraia.com.br\/index.php\/2022\/06\/24\/guaratuba-planejamento-do-programa-saude-na-escola-com-a-equipe-regional-da-saude\/","title":{"rendered":"Guaratuba: Planejamento do Programa Sa\u00fade na Escola com a equipe Regional da Sa\u00fade"},"content":{"rendered":"\n<p>Na quarta-feira (22), no audit\u00f3rio do Centro de Refer\u00eancia de Assist\u00eancia Social &#8211; CRAS, a equipe do Programa Sa\u00fade na Escola da 1\u00aa Regional de Sa\u00fade &#8211; Paranagu\u00e1 esteve reunida com o Grupo Intergestor Municipal de Guaratuba para discuss\u00f5es sobre o planejamento do programa na cidade.<\/p>\n\n\n\n<p>O Grupo Intergestor Municipal \u00e9 formado por representantes de diversas institui\u00e7\u00f5es governamentais (obrigatoriamente sa\u00fade e educa\u00e7\u00e3o), n\u00e3o-governamentais e representa\u00e7\u00f5es sociais do munic\u00edpio com o objetivo de planejar, executar, monitorar e avaliar as a\u00e7\u00f5es de Promo\u00e7\u00e3o da Sa\u00fade, Preven\u00e7\u00e3o de Doen\u00e7as e Agravos no munic\u00edpio.J\u00e1 o Programa Sa\u00fade na Escola (PSE) implementado em 2019, mas que por conta da pandemia n\u00e3o intensificou suas a\u00e7\u00f5es, vem contribuir para o fortalecimento de a\u00e7\u00f5es e proporcionar \u00e0 comunidade escolar a participa\u00e7\u00e3o em programas e projetos que articulem sa\u00fade, educa\u00e7\u00e3o e em outras redes sociais para o enfrentamento das vulnerabilidades que comprometem o pleno desenvolvimento de crian\u00e7as, adolescentes, jovens e adultos estudantes. <\/p>\n\n\n\n<figure class=\"wp-block-image size-large\"><img loading=\"lazy\" decoding=\"async\" width=\"1024\" height=\"682\" src=\"https:\/\/www.paranapraia.com.br\/wp-content\/uploads\/2022\/06\/289439990_3308106199459620_8368280103306012404_n-1024x682.jpg\" alt=\"\" class=\"wp-image-38328\" srcset=\"https:\/\/www.paranapraia.com.br\/wp-content\/uploads\/2022\/06\/289439990_3308106199459620_8368280103306012404_n-1024x682.jpg 1024w, https:\/\/www.paranapraia.com.br\/wp-content\/uploads\/2022\/06\/289439990_3308106199459620_8368280103306012404_n-300x200.jpg 300w, https:\/\/www.paranapraia.com.br\/wp-content\/uploads\/2022\/06\/289439990_3308106199459620_8368280103306012404_n-768x512.jpg 768w, https:\/\/www.paranapraia.com.br\/wp-content\/uploads\/2022\/06\/289439990_3308106199459620_8368280103306012404_n-696x464.jpg 696w, https:\/\/www.paranapraia.com.br\/wp-content\/uploads\/2022\/06\/289439990_3308106199459620_8368280103306012404_n-1068x712.jpg 1068w, https:\/\/www.paranapraia.com.br\/wp-content\/uploads\/2022\/06\/289439990_3308106199459620_8368280103306012404_n-630x420.jpg 630w, https:\/\/www.paranapraia.com.br\/wp-content\/uploads\/2022\/06\/289439990_3308106199459620_8368280103306012404_n.jpg 1280w\" sizes=\"(max-width: 1024px) 100vw, 1024px\" \/><\/figure>\n\n\n\n<p>Pelo programa ser\u00e3o realizadas a\u00e7\u00f5es como de combate ao mosquito Aedes aegypti, preven\u00e7\u00e3o ao uso de \u00e1lcool, tabaco e drogas, preven\u00e7\u00e3o das viol\u00eancias e dos acidentes, identifica\u00e7\u00e3o de educandos com poss\u00edveis sinais de agravos de doen\u00e7as em elimina\u00e7\u00e3o, sa\u00fade bucal, auditiva e ocular, atualiza\u00e7\u00e3o da situa\u00e7\u00e3o vacinal, preven\u00e7\u00e3o da obesidade infantil, preven\u00e7\u00e3o de DST\/AIDS, entre outras a\u00e7\u00f5es. As a\u00e7\u00f5es do PSE est\u00e3o inseridas no projeto pol\u00edtico-pedag\u00f3gico da escola, levando-se em considera\u00e7\u00e3o o respeito \u00e0 compet\u00eancia pol\u00edtica e executiva do munic\u00edpio, \u00e0 diversidade sociocultural e \u00e0 autonomia dos educadores e das equipes pedag\u00f3gicas.<\/p>\n\n\n\n<p>Assessoria<\/p>\n","protected":false},"excerpt":{"rendered":"<p>Na quarta-feira (22), no audit\u00f3rio do Centro de Refer\u00eancia de Assist\u00eancia Social &#8211; CRAS, a equipe do Programa Sa\u00fade na Escola da 1\u00aa Regional de Sa\u00fade &#8211; Paranagu\u00e1 esteve reunida com o Grupo Intergestor Municipal de Guaratuba para discuss\u00f5es sobre o planejamento do programa na cidade. O Grupo Intergestor Municipal \u00e9 formado por representantes de [&hellip;]<\/p>\n","protected":false},"author":2,"featured_media":38327,"comment_status":"open","ping_status":"open","sticky":false,"template":"","format":"standard","meta":{"advanced_seo_description":"","jetpack_seo_html_title":"","jetpack_seo_noindex":false,"_jetpack_memberships_contains_paid_content":false,"footnotes":""},"categories":[99],"tags":[],"class_list":{"0":"post-38326","1":"post","2":"type-post","3":"status-publish","4":"format-standard","5":"has-post-thumbnail","7":"category-guaratuba"},"jetpack_featured_media_url":"https:\/\/www.paranapraia.com.br\/wp-content\/uploads\/2022\/06\/289265235_3308106142792959_2384833677351411710_n.jpg","jetpack_sharing_enabled":true,"_links":{"self":[{"href":"https:\/\/www.paranapraia.com.br\/index.php\/wp-json\/wp\/v2\/posts\/38326"}],"collection":[{"href":"https:\/\/www.paranapraia.com.br\/index.php\/wp-json\/wp\/v2\/posts"}],"about":[{"href":"https:\/\/www.paranapraia.com.br\/index.php\/wp-json\/wp\/v2\/types\/post"}],"author":[{"embeddable":true,"href":"https:\/\/www.paranapraia.com.br\/index.php\/wp-json\/wp\/v2\/users\/2"}],"replies":[{"embeddable":true,"href":"https:\/\/www.paranapraia.com.br\/index.php\/wp-json\/wp\/v2\/comments?post=38326"}],"version-history":[{"count":1,"href":"https:\/\/www.paranapraia.com.br\/index.php\/wp-json\/wp\/v2\/posts\/38326\/revisions"}],"predecessor-version":[{"id":38329,"href":"https:\/\/www.paranapraia.com.br\/index.php\/wp-json\/wp\/v2\/posts\/38326\/revisions\/38329"}],"wp:featuredmedia":[{"embeddable":true,"href":"https:\/\/www.paranapraia.com.br\/index.php\/wp-json\/wp\/v2\/media\/38327"}],"wp:attachment":[{"href":"https:\/\/www.paranapraia.com.br\/index.php\/wp-json\/wp\/v2\/media?parent=38326"}],"wp:term":[{"taxonomy":"category","embeddable":true,"href":"https:\/\/www.paranapraia.com.br\/index.php\/wp-json\/wp\/v2\/categories?post=38326"},{"taxonomy":"post_tag","embeddable":true,"href":"https:\/\/www.paranapraia.com.br\/index.php\/wp-json\/wp\/v2\/tags?post=38326"}],"curies":[{"name":"wp","href":"https:\/\/api.w.org\/{rel}","templated":true}]}}