{"id":38037,"date":"2022-06-10T13:40:07","date_gmt":"2022-06-10T16:40:07","guid":{"rendered":"https:\/\/www.paranapraia.com.br\/?p=38037"},"modified":"2022-06-10T13:40:09","modified_gmt":"2022-06-10T16:40:09","slug":"flagrante-de-corte-de-vegetacao-em-area-de-preservacao-permanente-gera-multa-de-r-10-mil","status":"publish","type":"post","link":"https:\/\/www.paranapraia.com.br\/index.php\/2022\/06\/10\/flagrante-de-corte-de-vegetacao-em-area-de-preservacao-permanente-gera-multa-de-r-10-mil\/","title":{"rendered":"Flagrante de corte de vegeta\u00e7\u00e3o em \u00e1rea de preserva\u00e7\u00e3o permanente gera multa de R$ 10 mil"},"content":{"rendered":"\n<p>A Secretaria Municipal do Meio Ambiente em conjunto com policiais do 9\u00ba Batalh\u00e3o de Pol\u00edcia Militar, Secretaria da Seguran\u00e7a P\u00fablica e Policia Ambiental &#8211; For\u00e7a Verde, trabalharam a fim de evitar o corte de vegeta\u00e7\u00e3o nativa restinga em \u00e1rea de \u00c1rea de Preserva\u00e7\u00e3o Permanente &#8211; APP no bairro Eliane.<\/p>\n\n\n\n<p>Dois homens que praticavam o corte de vegeta\u00e7\u00e3o, ap\u00f3s serem identificados foram conduzidos pela Policia Militar do Paran\u00e1 \u00e0 delegacia para maiores esclarecimentos. Ap\u00f3s todos os procedimentos realizados os mesmos receberam o auto de infra\u00e7\u00e3o no valor de R$5 mil reais cada, sendo recolhido o material que estavam utilizando para danificar a restinga.<\/p>\n\n\n\n<p>Foram autuados em conformidade com o Decreto Federal N\u00ba 6.514, DE 22 DE JULHO DE 2008 em seu Art. 43. \u201cDestruir ou danificar florestas ou demais formas de vegeta\u00e7\u00e3o natural ou utiliz\u00e1-las com infring\u00eancia das normas de prote\u00e7\u00e3o em \u00e1rea considerada de preserva\u00e7\u00e3o permanente, sem autoriza\u00e7\u00e3o do \u00f3rg\u00e3o competente, quando exig\u00edvel, ou em desacordo com a obtida.\u201d<\/p>\n\n\n\n<p>A restinga \u00e9 um ecossistema costeiro pertencente ao bioma da Mata Atl\u00e2ntica, reconhecido pela grande resili\u00eancia e biodiversidade de plantas e vegetais. No Munic\u00edpio de Guaratuba em especial, muitas esp\u00e9cies de aves migrat\u00f3rias encontram na restinga um local de ref\u00fagio, alimenta\u00e7\u00e3o e descanso. A degrada\u00e7\u00e3o do ecossistema pode se tornar problema de escala internacional, uma vez que afeta, diretamente, a biodiversidade de outros continentes.<\/p>\n\n\n\n<p>A Secretaria do Meio Ambiente informa que antes de adquirir ou construir um im\u00f3vel consulte os \u00f3rg\u00e3os competentes para evitar problemas ambientais. A regi\u00e3o segue monitorada para evitar novas degrada\u00e7\u00f5es. Den\u00fancias podem ser feitas pelo telefone\/WhatsApp (41) 34728647.<\/p>\n\n\n\n<p>Assessoria<\/p>\n","protected":false},"excerpt":{"rendered":"<p>A Secretaria Municipal do Meio Ambiente em conjunto com policiais do 9\u00ba Batalh\u00e3o de Pol\u00edcia Militar, Secretaria da Seguran\u00e7a P\u00fablica e Policia Ambiental &#8211; For\u00e7a Verde, trabalharam a fim de evitar o corte de vegeta\u00e7\u00e3o nativa restinga em \u00e1rea de \u00c1rea de Preserva\u00e7\u00e3o Permanente &#8211; APP no bairro Eliane. Dois homens que praticavam o corte [&hellip;]<\/p>\n","protected":false},"author":2,"featured_media":38038,"comment_status":"open","ping_status":"open","sticky":false,"template":"","format":"standard","meta":{"advanced_seo_description":"","jetpack_seo_html_title":"","jetpack_seo_noindex":false,"_jetpack_memberships_contains_paid_content":false,"footnotes":""},"categories":[40],"tags":[],"class_list":{"0":"post-38037","1":"post","2":"type-post","3":"status-publish","4":"format-standard","5":"has-post-thumbnail","7":"category-destaques"},"jetpack_featured_media_url":"https:\/\/www.paranapraia.com.br\/wp-content\/uploads\/2022\/06\/WhatsApp-Image-2022-06-10-at-07.54.08.jpeg","jetpack_sharing_enabled":true,"_links":{"self":[{"href":"https:\/\/www.paranapraia.com.br\/index.php\/wp-json\/wp\/v2\/posts\/38037"}],"collection":[{"href":"https:\/\/www.paranapraia.com.br\/index.php\/wp-json\/wp\/v2\/posts"}],"about":[{"href":"https:\/\/www.paranapraia.com.br\/index.php\/wp-json\/wp\/v2\/types\/post"}],"author":[{"embeddable":true,"href":"https:\/\/www.paranapraia.com.br\/index.php\/wp-json\/wp\/v2\/users\/2"}],"replies":[{"embeddable":true,"href":"https:\/\/www.paranapraia.com.br\/index.php\/wp-json\/wp\/v2\/comments?post=38037"}],"version-history":[{"count":1,"href":"https:\/\/www.paranapraia.com.br\/index.php\/wp-json\/wp\/v2\/posts\/38037\/revisions"}],"predecessor-version":[{"id":38039,"href":"https:\/\/www.paranapraia.com.br\/index.php\/wp-json\/wp\/v2\/posts\/38037\/revisions\/38039"}],"wp:featuredmedia":[{"embeddable":true,"href":"https:\/\/www.paranapraia.com.br\/index.php\/wp-json\/wp\/v2\/media\/38038"}],"wp:attachment":[{"href":"https:\/\/www.paranapraia.com.br\/index.php\/wp-json\/wp\/v2\/media?parent=38037"}],"wp:term":[{"taxonomy":"category","embeddable":true,"href":"https:\/\/www.paranapraia.com.br\/index.php\/wp-json\/wp\/v2\/categories?post=38037"},{"taxonomy":"post_tag","embeddable":true,"href":"https:\/\/www.paranapraia.com.br\/index.php\/wp-json\/wp\/v2\/tags?post=38037"}],"curies":[{"name":"wp","href":"https:\/\/api.w.org\/{rel}","templated":true}]}}