{"id":38027,"date":"2022-06-10T12:03:57","date_gmt":"2022-06-10T15:03:57","guid":{"rendered":"https:\/\/www.paranapraia.com.br\/?p=38027"},"modified":"2022-06-10T12:04:36","modified_gmt":"2022-06-10T15:04:36","slug":"prefeito-recebe-iat-para-tratar-de-assuntos-pertinentes-aos-processos-ambientais-pendentes","status":"publish","type":"post","link":"https:\/\/www.paranapraia.com.br\/index.php\/2022\/06\/10\/prefeito-recebe-iat-para-tratar-de-assuntos-pertinentes-aos-processos-ambientais-pendentes\/","title":{"rendered":"Prefeito recebe IAT para tratar de assuntos pertinentes aos processos ambientais pendentes"},"content":{"rendered":"\n<p>Nesta quinta-feira (9) o prefeito, Roberto Justus, recebeu em seu gabinete, a equipe do Instituto \u00c1gua e Terra \u2013 IAT. O objetivo da reuni\u00e3o foi oferecer um melhor retorno a diversos processos ambientais na cidade.<\/p>\n\n\n\n<p>O Munic\u00edpio de Guaratuba possui grandes \u00c1reas de Prote\u00e7\u00e3o Ambiental \u2013 APAs, que foi criada em 1992, e abrange uma \u00e1rea de aproximadamente 200 mil hectares, que engloba todo o Munic\u00edpio de Guaratuba e parte de Matinhos, Tijucas do Sul, S\u00e3o Jos\u00e9 dos Pinhais e Morretes.<\/p>\n\n\n\n<p>No m\u00eas de julho, o Instituto \u00c1gua e Terra \u2013 IAT, realizar\u00e1 uma for\u00e7a-tarefa, com o intuito de analisar os processos de acordo com a legisla\u00e7\u00e3o vigente. Durante a reuni\u00e3o, o chefe do escrit\u00f3rio regional do IAT em Paranagu\u00e1, Altamir Hacke, apresentou a Resolu\u00e7\u00e3o Sedest n\u00b030\/2022, que disp\u00f5e sobre o licenciamento de empreendimentos imobili\u00e1rios em \u00c1reas de Prote\u00e7\u00e3o Ambiental e uma normativa que define sobre a compet\u00eancia do \u00f3rg\u00e3o ambiental para anu\u00eancia em casos de instala\u00e7\u00e3o de redes de energia. Tamb\u00e9m mencionou que a Prefeitura de Guaratuba com a ajuda do IAT, poder\u00e1 se tornar apta \u00e0 conquistar a autonomia na emiss\u00e3o de Licen\u00e7as Ambientais para determinadas quest\u00f5es, previstas na Resolu\u00e7\u00e3o Cema n\u00b0110\/2021.<\/p>\n\n\n\n<p>Assessoria<\/p>\n\n\n\n<figure class=\"wp-block-image size-large\"><img loading=\"lazy\" decoding=\"async\" width=\"600\" height=\"600\" src=\"https:\/\/www.paranapraia.com.br\/wp-content\/uploads\/2022\/06\/Sem-nome-600-\u00d7-600-px-1-3.png\" alt=\"\" class=\"wp-image-38001\" srcset=\"https:\/\/www.paranapraia.com.br\/wp-content\/uploads\/2022\/06\/Sem-nome-600-\u00d7-600-px-1-3.png 600w, https:\/\/www.paranapraia.com.br\/wp-content\/uploads\/2022\/06\/Sem-nome-600-\u00d7-600-px-1-3-300x300.png 300w, https:\/\/www.paranapraia.com.br\/wp-content\/uploads\/2022\/06\/Sem-nome-600-\u00d7-600-px-1-3-150x150.png 150w, https:\/\/www.paranapraia.com.br\/wp-content\/uploads\/2022\/06\/Sem-nome-600-\u00d7-600-px-1-3-420x420.png 420w\" sizes=\"(max-width: 600px) 100vw, 600px\" \/><\/figure>\n","protected":false},"excerpt":{"rendered":"<p>Nesta quinta-feira (9) o prefeito, Roberto Justus, recebeu em seu gabinete, a equipe do Instituto \u00c1gua e Terra \u2013 IAT. O objetivo da reuni\u00e3o foi oferecer um melhor retorno a diversos processos ambientais na cidade. O Munic\u00edpio de Guaratuba possui grandes \u00c1reas de Prote\u00e7\u00e3o Ambiental \u2013 APAs, que foi criada em 1992, e abrange uma [&hellip;]<\/p>\n","protected":false},"author":2,"featured_media":38028,"comment_status":"open","ping_status":"open","sticky":false,"template":"","format":"standard","meta":{"advanced_seo_description":"","jetpack_seo_html_title":"","jetpack_seo_noindex":false,"_jetpack_memberships_contains_paid_content":false,"footnotes":""},"categories":[40],"tags":[],"class_list":{"0":"post-38027","1":"post","2":"type-post","3":"status-publish","4":"format-standard","5":"has-post-thumbnail","7":"category-destaques"},"jetpack_featured_media_url":"https:\/\/www.paranapraia.com.br\/wp-content\/uploads\/2022\/06\/guaratuba1.jpg","jetpack_sharing_enabled":true,"_links":{"self":[{"href":"https:\/\/www.paranapraia.com.br\/index.php\/wp-json\/wp\/v2\/posts\/38027"}],"collection":[{"href":"https:\/\/www.paranapraia.com.br\/index.php\/wp-json\/wp\/v2\/posts"}],"about":[{"href":"https:\/\/www.paranapraia.com.br\/index.php\/wp-json\/wp\/v2\/types\/post"}],"author":[{"embeddable":true,"href":"https:\/\/www.paranapraia.com.br\/index.php\/wp-json\/wp\/v2\/users\/2"}],"replies":[{"embeddable":true,"href":"https:\/\/www.paranapraia.com.br\/index.php\/wp-json\/wp\/v2\/comments?post=38027"}],"version-history":[{"count":2,"href":"https:\/\/www.paranapraia.com.br\/index.php\/wp-json\/wp\/v2\/posts\/38027\/revisions"}],"predecessor-version":[{"id":38030,"href":"https:\/\/www.paranapraia.com.br\/index.php\/wp-json\/wp\/v2\/posts\/38027\/revisions\/38030"}],"wp:featuredmedia":[{"embeddable":true,"href":"https:\/\/www.paranapraia.com.br\/index.php\/wp-json\/wp\/v2\/media\/38028"}],"wp:attachment":[{"href":"https:\/\/www.paranapraia.com.br\/index.php\/wp-json\/wp\/v2\/media?parent=38027"}],"wp:term":[{"taxonomy":"category","embeddable":true,"href":"https:\/\/www.paranapraia.com.br\/index.php\/wp-json\/wp\/v2\/categories?post=38027"},{"taxonomy":"post_tag","embeddable":true,"href":"https:\/\/www.paranapraia.com.br\/index.php\/wp-json\/wp\/v2\/tags?post=38027"}],"curies":[{"name":"wp","href":"https:\/\/api.w.org\/{rel}","templated":true}]}}