{"id":38024,"date":"2022-06-10T11:58:19","date_gmt":"2022-06-10T14:58:19","guid":{"rendered":"https:\/\/www.paranapraia.com.br\/?p=38024"},"modified":"2022-06-10T11:58:20","modified_gmt":"2022-06-10T14:58:20","slug":"estado-reforca-investimento-na-rede-de-atencao-em-saude-mental-em-varios-municipios","status":"publish","type":"post","link":"https:\/\/www.paranapraia.com.br\/index.php\/2022\/06\/10\/estado-reforca-investimento-na-rede-de-atencao-em-saude-mental-em-varios-municipios\/","title":{"rendered":"Estado refor\u00e7a investimento na Rede de Aten\u00e7\u00e3o em Sa\u00fade Mental em v\u00e1rios munic\u00edpios"},"content":{"rendered":"\n<p>O Paran\u00e1 vai melhora servi\u00e7os direcionados \u00e0 Rede de Aten\u00e7\u00e3o em Sa\u00fade Mental. Recursos vindos do Minist\u00e9rio da Sa\u00fade permitir\u00e3o amplia\u00e7\u00e3o de leitos, manuten\u00e7\u00e3o de servi\u00e7os em Centros de Aten\u00e7\u00e3o Psicossocial (Caps) e capacita\u00e7\u00e3o de equipes profissionais que atuam em v\u00e1rios munic\u00edpios paranaenses.<\/p>\n\n\n\n<p>\u201cO cuidado em sa\u00fade mental assegura prote\u00e7\u00e3o e apoio a pacientes em momentos sens\u00edveis, permitindo um atendimento integral e humanizado em todo o Paran\u00e1. Esses investimentos s\u00e3o importantes, sobretudo por conta do agravamento relacionado a quest\u00f5es ps\u00edquicas em raz\u00e3o da pandemia\u201d, afirmou o secret\u00e1rio de Estado da Sa\u00fade, C\u00e9sar Neves.<\/p>\n\n\n\n<p>Os investimentos foram anunciados pelo Minist\u00e9rio da Sa\u00fade por meio da publica\u00e7\u00e3o de tr\u00eas novas portarias. Para o fortalecimento do Caps, os munic\u00edpios de Imbituva, Matel\u00e2ndia e Quedas do Igua\u00e7u receber\u00e3o anualmente, um incentivo de quase R$ 340 mil para custeio de servi\u00e7os, permitindo ofertar maior qualidade no atendimento \u00e0 popula\u00e7\u00e3o.<\/p>\n\n\n\n<p>J\u00e1 em rela\u00e7\u00e3o aos servi\u00e7os hospitalares de refer\u00eancia, o Estado habilitou 24 novos leitos dedicados a aten\u00e7\u00e3o \u00e0s pessoas com sofrimento ou transtorno mental, incluindo aquelas com necessidades decorrentes do uso de \u00e1lcool e outras drogas. S\u00e3o seis novos leitos no Hospital Regional Cristo Rei, em Astorga; dez leitos na Santa Casa de Irati; e oito leitos em Ura\u00ed, no Hospital S\u00e3o Jos\u00e9 Ivoti.&nbsp;<\/p>\n\n\n\n<p>Os recursos para custeio tamb\u00e9m permitir\u00e3o a habilita\u00e7\u00e3o de 24 novas equipes multiprofissionais de Aten\u00e7\u00e3o Especializada em Sa\u00fade Mental. O custeio previsto para este investimento \u00e9 de R$ 4,32 milh\u00f5es ao ano.<\/p>\n\n\n\n<p><strong>AMPLIA\u00c7\u00c3O&nbsp;<\/strong>\u2013&nbsp;Com a amplia\u00e7\u00e3o da Linha de Cuidado em Sa\u00fade Mental, o Estado passa a contar com 164 Caps, 57 leitos de sa\u00fade mental em hospital geral, 40 equipes Multiprofissionais de Aten\u00e7\u00e3o Especializada em Sa\u00fade Mental, al\u00e9m de sete Servi\u00e7os Integrados de Sa\u00fade Mental.&nbsp;<\/p>\n\n\n\n<p><strong>EDUCA\u00c7\u00c3O PERMANENTE<\/strong>\u00a0\u2013\u00a0Atualmente, a Sesa oferta, em parceria com a Escola de Sa\u00fade P\u00fablica do Paran\u00e1 (ESPP), o Curso de Psicofarmologia para m\u00e9dicos da Rede de Aten\u00e7\u00e3o \u00e0 Sa\u00fade, com carga hor\u00e1ria de 200 horas a profissionais de n\u00edvel superior dos munic\u00edpios.<\/p>\n\n\n\n<p>AEN<\/p>\n","protected":false},"excerpt":{"rendered":"<p>O Paran\u00e1 vai melhora servi\u00e7os direcionados \u00e0 Rede de Aten\u00e7\u00e3o em Sa\u00fade Mental. Recursos vindos do Minist\u00e9rio da Sa\u00fade permitir\u00e3o amplia\u00e7\u00e3o de leitos, manuten\u00e7\u00e3o de servi\u00e7os em Centros de Aten\u00e7\u00e3o Psicossocial (Caps) e capacita\u00e7\u00e3o de equipes profissionais que atuam em v\u00e1rios munic\u00edpios paranaenses. \u201cO cuidado em sa\u00fade mental assegura prote\u00e7\u00e3o e apoio a pacientes em [&hellip;]<\/p>\n","protected":false},"author":2,"featured_media":38025,"comment_status":"open","ping_status":"open","sticky":false,"template":"","format":"standard","meta":{"advanced_seo_description":"","jetpack_seo_html_title":"","jetpack_seo_noindex":false,"_jetpack_memberships_contains_paid_content":false,"footnotes":""},"categories":[50],"tags":[],"class_list":{"0":"post-38024","1":"post","2":"type-post","3":"status-publish","4":"format-standard","5":"has-post-thumbnail","7":"category-saude"},"jetpack_featured_media_url":"https:\/\/www.paranapraia.com.br\/wp-content\/uploads\/2022\/06\/20210420_agb_sesa-10-scaled.jpg","jetpack_sharing_enabled":true,"_links":{"self":[{"href":"https:\/\/www.paranapraia.com.br\/index.php\/wp-json\/wp\/v2\/posts\/38024"}],"collection":[{"href":"https:\/\/www.paranapraia.com.br\/index.php\/wp-json\/wp\/v2\/posts"}],"about":[{"href":"https:\/\/www.paranapraia.com.br\/index.php\/wp-json\/wp\/v2\/types\/post"}],"author":[{"embeddable":true,"href":"https:\/\/www.paranapraia.com.br\/index.php\/wp-json\/wp\/v2\/users\/2"}],"replies":[{"embeddable":true,"href":"https:\/\/www.paranapraia.com.br\/index.php\/wp-json\/wp\/v2\/comments?post=38024"}],"version-history":[{"count":1,"href":"https:\/\/www.paranapraia.com.br\/index.php\/wp-json\/wp\/v2\/posts\/38024\/revisions"}],"predecessor-version":[{"id":38026,"href":"https:\/\/www.paranapraia.com.br\/index.php\/wp-json\/wp\/v2\/posts\/38024\/revisions\/38026"}],"wp:featuredmedia":[{"embeddable":true,"href":"https:\/\/www.paranapraia.com.br\/index.php\/wp-json\/wp\/v2\/media\/38025"}],"wp:attachment":[{"href":"https:\/\/www.paranapraia.com.br\/index.php\/wp-json\/wp\/v2\/media?parent=38024"}],"wp:term":[{"taxonomy":"category","embeddable":true,"href":"https:\/\/www.paranapraia.com.br\/index.php\/wp-json\/wp\/v2\/categories?post=38024"},{"taxonomy":"post_tag","embeddable":true,"href":"https:\/\/www.paranapraia.com.br\/index.php\/wp-json\/wp\/v2\/tags?post=38024"}],"curies":[{"name":"wp","href":"https:\/\/api.w.org\/{rel}","templated":true}]}}