{"id":38019,"date":"2022-06-10T11:39:00","date_gmt":"2022-06-10T14:39:00","guid":{"rendered":"https:\/\/www.paranapraia.com.br\/?p=38019"},"modified":"2022-06-10T11:39:40","modified_gmt":"2022-06-10T14:39:40","slug":"orquestra-sinfonica-do-parana-faz-apresentacao-memoravel-em-matinhos","status":"publish","type":"post","link":"https:\/\/www.paranapraia.com.br\/index.php\/2022\/06\/10\/orquestra-sinfonica-do-parana-faz-apresentacao-memoravel-em-matinhos\/","title":{"rendered":"Orquestra Sinf\u00f4nica do Paran\u00e1 faz apresenta\u00e7\u00e3o memor\u00e1vel em Matinhos"},"content":{"rendered":"\n<p>A Orquestra Sinf\u00f4nica do Paran\u00e1 fez nesta quinta-feira (9) dois concertos na Par\u00f3quia S\u00e3o Pedro Ap\u00f3stolo, na Pra\u00e7a Central. <\/p>\n\n\n\n<p>Os espet\u00e1culos fizeram parte das comemora\u00e7\u00f5es pelo anivers\u00e1rio de 55 anos de Matinhos e tiveram como convidado o maestro Alexandre Brasolim.Durante a tarde, foi realizado o Concerto Pedag\u00f3gico, voltado para jovens, crian\u00e7as, estudantes e toda a popula\u00e7\u00e3o que podia aprender um pouco mais sobre os instrumentos de uma orquestra e sua composi\u00e7\u00e3o. <\/p>\n\n\n\n<p>E no per\u00edodo da noite, aconteceu o Concerto Aberto. A entrada era gratuita nas duas apresenta\u00e7\u00f5es.Os concertos fazem parte do projeto Teatro Gua\u00edra Para Todos. <\/p>\n\n\n\n<p>A organiza\u00e7\u00e3o foi do Centro Cultural Teatro Gua\u00edra, com o apoio do Governo do Estado, Secretaria Estadual da Comunica\u00e7\u00e3o Social e da Cultura, Superintend\u00eancia Geral da Cultura e Palco Paran\u00e1.<\/p>\n\n\n\n<figure class=\"wp-block-image size-large\"><img loading=\"lazy\" decoding=\"async\" width=\"1024\" height=\"682\" src=\"https:\/\/www.paranapraia.com.br\/wp-content\/uploads\/2022\/06\/287372004_1730312340644666_7559839474515380188_n-1024x682.jpg\" alt=\"\" class=\"wp-image-38021\" srcset=\"https:\/\/www.paranapraia.com.br\/wp-content\/uploads\/2022\/06\/287372004_1730312340644666_7559839474515380188_n-1024x682.jpg 1024w, https:\/\/www.paranapraia.com.br\/wp-content\/uploads\/2022\/06\/287372004_1730312340644666_7559839474515380188_n-300x200.jpg 300w, https:\/\/www.paranapraia.com.br\/wp-content\/uploads\/2022\/06\/287372004_1730312340644666_7559839474515380188_n-768x512.jpg 768w, https:\/\/www.paranapraia.com.br\/wp-content\/uploads\/2022\/06\/287372004_1730312340644666_7559839474515380188_n-696x464.jpg 696w, https:\/\/www.paranapraia.com.br\/wp-content\/uploads\/2022\/06\/287372004_1730312340644666_7559839474515380188_n-1068x712.jpg 1068w, https:\/\/www.paranapraia.com.br\/wp-content\/uploads\/2022\/06\/287372004_1730312340644666_7559839474515380188_n-630x420.jpg 630w, https:\/\/www.paranapraia.com.br\/wp-content\/uploads\/2022\/06\/287372004_1730312340644666_7559839474515380188_n.jpg 1280w\" sizes=\"(max-width: 1024px) 100vw, 1024px\" \/><figcaption>Secret\u00e1rio de Educa\u00e7\u00e3o M\u00e1rio Braga durante evento em Matinhos. Foto: Assessoria<\/figcaption><\/figure>\n\n\n\n<p>Aqui na cidade, o espet\u00e1culo tamb\u00e9m contou com o apoio da Prefeitura de Matinhos, por meio do Departamento de Cultura &#8211; que responde \u00e0 Secretaria Municipal de Educa\u00e7\u00e3o.<\/p>\n\n\n\n<p>Departamento de Comunica\u00e7\u00e3o<\/p>\n\n\n\n<figure class=\"wp-block-image size-large\"><img loading=\"lazy\" decoding=\"async\" width=\"600\" height=\"600\" src=\"https:\/\/www.paranapraia.com.br\/wp-content\/uploads\/2022\/06\/Sem-nome-600-\u00d7-600-px-1-2.png\" alt=\"\" class=\"wp-image-37994\" srcset=\"https:\/\/www.paranapraia.com.br\/wp-content\/uploads\/2022\/06\/Sem-nome-600-\u00d7-600-px-1-2.png 600w, https:\/\/www.paranapraia.com.br\/wp-content\/uploads\/2022\/06\/Sem-nome-600-\u00d7-600-px-1-2-300x300.png 300w, https:\/\/www.paranapraia.com.br\/wp-content\/uploads\/2022\/06\/Sem-nome-600-\u00d7-600-px-1-2-150x150.png 150w, https:\/\/www.paranapraia.com.br\/wp-content\/uploads\/2022\/06\/Sem-nome-600-\u00d7-600-px-1-2-420x420.png 420w\" sizes=\"(max-width: 600px) 100vw, 600px\" \/><\/figure>\n\n\n\n<p><\/p>\n","protected":false},"excerpt":{"rendered":"<p>A Orquestra Sinf\u00f4nica do Paran\u00e1 fez nesta quinta-feira (9) dois concertos na Par\u00f3quia S\u00e3o Pedro Ap\u00f3stolo, na Pra\u00e7a Central. Os espet\u00e1culos fizeram parte das comemora\u00e7\u00f5es pelo anivers\u00e1rio de 55 anos de Matinhos e tiveram como convidado o maestro Alexandre Brasolim.Durante a tarde, foi realizado o Concerto Pedag\u00f3gico, voltado para jovens, crian\u00e7as, estudantes e toda a [&hellip;]<\/p>\n","protected":false},"author":2,"featured_media":38020,"comment_status":"open","ping_status":"open","sticky":false,"template":"","format":"standard","meta":{"advanced_seo_description":"","jetpack_seo_html_title":"","jetpack_seo_noindex":false,"_jetpack_memberships_contains_paid_content":false,"footnotes":""},"categories":[40],"tags":[],"class_list":{"0":"post-38019","1":"post","2":"type-post","3":"status-publish","4":"format-standard","5":"has-post-thumbnail","7":"category-destaques"},"jetpack_featured_media_url":"https:\/\/www.paranapraia.com.br\/wp-content\/uploads\/2022\/06\/287430723_1730312147311352_4818539145173124611_n.jpg","jetpack_sharing_enabled":true,"_links":{"self":[{"href":"https:\/\/www.paranapraia.com.br\/index.php\/wp-json\/wp\/v2\/posts\/38019"}],"collection":[{"href":"https:\/\/www.paranapraia.com.br\/index.php\/wp-json\/wp\/v2\/posts"}],"about":[{"href":"https:\/\/www.paranapraia.com.br\/index.php\/wp-json\/wp\/v2\/types\/post"}],"author":[{"embeddable":true,"href":"https:\/\/www.paranapraia.com.br\/index.php\/wp-json\/wp\/v2\/users\/2"}],"replies":[{"embeddable":true,"href":"https:\/\/www.paranapraia.com.br\/index.php\/wp-json\/wp\/v2\/comments?post=38019"}],"version-history":[{"count":2,"href":"https:\/\/www.paranapraia.com.br\/index.php\/wp-json\/wp\/v2\/posts\/38019\/revisions"}],"predecessor-version":[{"id":38023,"href":"https:\/\/www.paranapraia.com.br\/index.php\/wp-json\/wp\/v2\/posts\/38019\/revisions\/38023"}],"wp:featuredmedia":[{"embeddable":true,"href":"https:\/\/www.paranapraia.com.br\/index.php\/wp-json\/wp\/v2\/media\/38020"}],"wp:attachment":[{"href":"https:\/\/www.paranapraia.com.br\/index.php\/wp-json\/wp\/v2\/media?parent=38019"}],"wp:term":[{"taxonomy":"category","embeddable":true,"href":"https:\/\/www.paranapraia.com.br\/index.php\/wp-json\/wp\/v2\/categories?post=38019"},{"taxonomy":"post_tag","embeddable":true,"href":"https:\/\/www.paranapraia.com.br\/index.php\/wp-json\/wp\/v2\/tags?post=38019"}],"curies":[{"name":"wp","href":"https:\/\/api.w.org\/{rel}","templated":true}]}}