{"id":38012,"date":"2022-06-09T16:18:26","date_gmt":"2022-06-09T19:18:26","guid":{"rendered":"https:\/\/www.paranapraia.com.br\/?p=38012"},"modified":"2022-06-09T16:18:30","modified_gmt":"2022-06-09T19:18:30","slug":"pcpr-divulga-resultado-final-do-concurso-publico","status":"publish","type":"post","link":"https:\/\/www.paranapraia.com.br\/index.php\/2022\/06\/09\/pcpr-divulga-resultado-final-do-concurso-publico\/","title":{"rendered":"PCPR divulga resultado final do concurso p\u00fablico"},"content":{"rendered":"\n<p>A Pol\u00edcia Civil do Paran\u00e1 (PCPR) divulga o resultado final do concurso p\u00fablico regido pelo Edital n\u00ba 02\/2020. Na lista de classificados constam 2.247 candidatos, sendo 376 para o cargo de Delegado de Pol\u00edcia, 1.524 para o cargo de Investigador de Pol\u00edcia e 347 para o de Papiloscopista. O documento com a lista completa de nomes pode ser conferido na p\u00e1gina do&nbsp;<strong><a href=\"https:\/\/servicos.nc.ufpr.br\/PortalNC\/Concurso?concurso=PCPR2020\" target=\"_blank\" rel=\"noreferrer noopener\">N\u00facleo de Concurso da Universidade Federal do Paran\u00e1<\/a>.&nbsp;<\/strong><\/p>\n\n\n\n<p>\u201cEste \u00e9 um momento muito esperado para a Secretaria da Seguran\u00e7a P\u00fablica e, principalmente, para a PCPR, porque \u00e9 mais um passo para a recomposi\u00e7\u00e3o do quadro de servidores da institui\u00e7\u00e3o. Os novos policiais civis devem estar formados e entrar em atua\u00e7\u00e3o ainda neste ano, trazendo mais seguran\u00e7a aos cidad\u00e3os paranaenses\u201d, destacou o secret\u00e1rio da Pasta, Wagner Mesquita de Oliveira.<\/p>\n\n\n\n<p>Ao todo, 106.506 candidatos se inscreveram para o concurso da PCPR, um processo seletivo muito esperado pela Institui\u00e7\u00e3o. O Delegado-Geral Silvio Jacob Rockembach comemora a finaliza\u00e7\u00e3o do certame. \u201cA recomposi\u00e7\u00e3o do quadro de policiais civis \u00e9 prioridade absoluta, pois garantir\u00e1 a melhor presta\u00e7\u00e3o dos servi\u00e7os, sobretudo em rela\u00e7\u00e3o ao alcance das metas do planejamento estrat\u00e9gico da PCPR. Com as equipes completas nas Delegacias, com certeza avan\u00e7aremos ainda mais na presta\u00e7\u00e3o de servi\u00e7o p\u00fablico de excel\u00eancia, com vistas a cada vez melhor servir e proteger a nossa popula\u00e7\u00e3o\u201d, afirma.&nbsp;<\/p>\n\n\n\n<p>O resultado final do concurso foi aprovado nesta quinta-feira (9) pelo Conselho da Pol\u00edcia Civil e encaminhado \u00e0 Secretaria da Seguran\u00e7a P\u00fablica, respons\u00e1vel pela homologa\u00e7\u00e3o. A validade do certame \u00e9 de dois anos, podendo ser prorrogado por igual per\u00edodo.&nbsp;<\/p>\n\n\n\n<p>Com a homologa\u00e7\u00e3o do certame, o governo estadual poder\u00e1 nomear e em seguida convocar os aprovados para frequentarem o curso de forma\u00e7\u00e3o na Escola Superior da Pol\u00edcia Civil. O planejamento \u00e9 de que ainda neste ano de 2022 os novos policiais civis possam estar atuando nas Delegacia de Pol\u00edcia de todo o Estado e dessa forma ajudando no combate \u00e0 criminalidade.<\/p>\n\n\n\n<p>PROCESSO &#8211; O Edital previu 50 vagas para o cargo de Delegado de Pol\u00edcia, 300 para o de Investigador de Pol\u00edcia e 50 para Papiloscopista. A abertura da sele\u00e7\u00e3o teve in\u00edcio em 2020, por\u00e9m em fevereiro de 2021 a aplica\u00e7\u00e3o das provas iniciais acabou sendo suspensa, mas retomadas em outubro do mesmo ano.&nbsp;<\/p>\n\n\n\n<p>Apesar da pandemia e demais adversidades, o Presidente da Comiss\u00e3o de Concurso F\u00e1bio Amaro, avalia que os objetivos foram satisfatoriamente alcan\u00e7ados, pois foram executadas seis fases e mais duas etapas de verifica\u00e7\u00e3o das categorias afrodescendentes e pessoas com necessidades especiais em menos de oito meses ap\u00f3s a retomada do certame em 03.10.2021. \u201cFoi um desafio enorme a sele\u00e7\u00e3o desses 2.247 candidatos em um universo de mais de 106 mil inscritos, ainda mais nesse per\u00edodo de anormalidade causado pela pandemia. Os esfor\u00e7os para concluir o certame com a brevidade que a PCPR precisava e a supera\u00e7\u00e3o de v\u00e1rios obst\u00e1culos se tornaram uma constante durante o processo seletivo\u201d, diz.&nbsp;<\/p>\n\n\n\n<p>O \u00faltimo concurso para os cargos de Investigador de Pol\u00edcia e Papiloscopista \u00e9 do ano de 2009, e para o cargo de Delegado de Pol\u00edcia, de 2013.<\/p>\n\n\n\n<p>Assessoria<\/p>\n","protected":false},"excerpt":{"rendered":"<p>A Pol\u00edcia Civil do Paran\u00e1 (PCPR) divulga o resultado final do concurso p\u00fablico regido pelo Edital n\u00ba 02\/2020. Na lista de classificados constam 2.247 candidatos, sendo 376 para o cargo de Delegado de Pol\u00edcia, 1.524 para o cargo de Investigador de Pol\u00edcia e 347 para o de Papiloscopista. O documento com a lista completa de [&hellip;]<\/p>\n","protected":false},"author":2,"featured_media":38013,"comment_status":"open","ping_status":"open","sticky":false,"template":"","format":"standard","meta":{"advanced_seo_description":"","jetpack_seo_html_title":"","jetpack_seo_noindex":false,"_jetpack_memberships_contains_paid_content":false,"footnotes":""},"categories":[33],"tags":[],"class_list":{"0":"post-38012","1":"post","2":"type-post","3":"status-publish","4":"format-standard","5":"has-post-thumbnail","7":"category-policia"},"jetpack_featured_media_url":"https:\/\/www.paranapraia.com.br\/wp-content\/uploads\/2022\/06\/instagram_post_-_13.png","jetpack_sharing_enabled":true,"_links":{"self":[{"href":"https:\/\/www.paranapraia.com.br\/index.php\/wp-json\/wp\/v2\/posts\/38012"}],"collection":[{"href":"https:\/\/www.paranapraia.com.br\/index.php\/wp-json\/wp\/v2\/posts"}],"about":[{"href":"https:\/\/www.paranapraia.com.br\/index.php\/wp-json\/wp\/v2\/types\/post"}],"author":[{"embeddable":true,"href":"https:\/\/www.paranapraia.com.br\/index.php\/wp-json\/wp\/v2\/users\/2"}],"replies":[{"embeddable":true,"href":"https:\/\/www.paranapraia.com.br\/index.php\/wp-json\/wp\/v2\/comments?post=38012"}],"version-history":[{"count":1,"href":"https:\/\/www.paranapraia.com.br\/index.php\/wp-json\/wp\/v2\/posts\/38012\/revisions"}],"predecessor-version":[{"id":38014,"href":"https:\/\/www.paranapraia.com.br\/index.php\/wp-json\/wp\/v2\/posts\/38012\/revisions\/38014"}],"wp:featuredmedia":[{"embeddable":true,"href":"https:\/\/www.paranapraia.com.br\/index.php\/wp-json\/wp\/v2\/media\/38013"}],"wp:attachment":[{"href":"https:\/\/www.paranapraia.com.br\/index.php\/wp-json\/wp\/v2\/media?parent=38012"}],"wp:term":[{"taxonomy":"category","embeddable":true,"href":"https:\/\/www.paranapraia.com.br\/index.php\/wp-json\/wp\/v2\/categories?post=38012"},{"taxonomy":"post_tag","embeddable":true,"href":"https:\/\/www.paranapraia.com.br\/index.php\/wp-json\/wp\/v2\/tags?post=38012"}],"curies":[{"name":"wp","href":"https:\/\/api.w.org\/{rel}","templated":true}]}}