{"id":37830,"date":"2022-05-31T11:18:59","date_gmt":"2022-05-31T14:18:59","guid":{"rendered":"https:\/\/www.paranapraia.com.br\/?p=37830"},"modified":"2022-05-31T11:19:00","modified_gmt":"2022-05-31T14:19:00","slug":"governo-divulga-contemplados-no-programa-geracao-olimpica-e-paralimpica-2022","status":"publish","type":"post","link":"https:\/\/www.paranapraia.com.br\/index.php\/2022\/05\/31\/governo-divulga-contemplados-no-programa-geracao-olimpica-e-paralimpica-2022\/","title":{"rendered":"Governo divulga contemplados no programa Gera\u00e7\u00e3o Ol\u00edmpica e Paral\u00edmpica 2022"},"content":{"rendered":"\n<p>O Governo do Estado, por meio da Superintend\u00eancia Geral do Esporte, divulgou nesta segunda-feira (30) a primeira lista com 1.120 atletas e t\u00e9cnicos&nbsp;<strong><a href=\"https:\/\/www.aen.pr.gov.br\/sites\/default\/arquivos_restritos\/files\/documento\/2022-05\/3005listacontemplados.pdf\" target=\"_blank\" rel=\"noreferrer noopener\">contemplados no programa Gera\u00e7\u00e3o Ol\u00edmpica e Paral\u00edmpica em 2022<\/a>&nbsp;<a href=\"https:\/\/j\/redacao\/2022\/Esporte\/05%20Maio\/3005listacontemplados.pdf\" target=\"_blank\" rel=\"noreferrer noopener\">.<\/a><\/strong>&nbsp;Em sua 11\u00aa edi\u00e7\u00e3o, o programa \u00e9 um agente motivador para o esporte e contribui para o desenvolvimento de futuros talentos do Paran\u00e1. Anualmente s\u00e3o investidos mais de R$ 4,75 milh\u00f5es, com patroc\u00ednio exclusivo da Copel. Nos pr\u00f3ximos meses outra lista ser\u00e1 divulgada com as vagas remanescentes.<\/p>\n\n\n\n<p>O superintendente-geral do Esporte, Helio Wirbiski, destaca o investimento na carreira dos atletas, que recebem aux\u00edlio financeiro. \u201cEste \u00e9 o maior programa em n\u00edvel estadual do Pa\u00eds. Mais de mil atletas e t\u00e9cnicos s\u00e3o incentivados pelo Estado, todos os anos. Cumprimos com sucesso o objetivo de impulsionar a carreira, desde a categoria formador escolar at\u00e9 os grandes atletas refer\u00eancias para o mundo. E o fruto disso s\u00e3o grandes resultados em competi\u00e7\u00f5es nacionais e internacionais\u201d, afirma.<\/p>\n\n\n\n<p>A coordenadora do programa, Denise Golfieri, enfatiza que o programa Gera\u00e7\u00e3o Ol\u00edmpica e Paral\u00edmpica se tornou uma grande vitrine do esporte dentro e fora do Paran\u00e1, e que nos \u00faltimos 10 anos mais de 10 mil atletas e t\u00e9cnicos tiveram a oportunidade de receber a bolsa financeira. Na Paralimp\u00edada de T\u00f3quio, os atletas apoiados pelo programa trouxeram 10 medalhas.&nbsp;&nbsp;<\/p>\n\n\n\n<p>Em 2021 o Gera\u00e7\u00e3o Ol\u00edmpica e Paral\u00edmpica celebrou sua 10\u00aa edi\u00e7\u00e3o, sendo o maior programa de bolsa-atleta entre todos os estados do Pa\u00eds \u2013 conforme pesquisa realizada pela Universidade Federal do Paran\u00e1 (UFPR) e divulgada na Revista Latino-Americana de Estudos Socioculturais do Esporte. O programa atende desde jovens promessas at\u00e9 atletas de renome internacional, vinculados a institui\u00e7\u00f5es paranaenses (federa\u00e7\u00f5es e escolas).<\/p>\n\n\n\n<p>&#8220;A cada edi\u00e7\u00e3o vemos crescer o interesse de atletas e t\u00e9cnicos em fazer parte deste programa. \u00c9 gratificante perceber a evolu\u00e7\u00e3o dos atletas que iniciaram nas categorias de base do programa e hoje ocupam lugar nas categorias de alto rendimento\u201d, afirma Denise. &#8220;Hoje, com a divulga\u00e7\u00e3o da lista de contemplados, iniciamos um novo ciclo, e temos certeza que os resultados alcan\u00e7ados s\u00f3 confirmar\u00e3o a excel\u00eancia do trabalho realizado no esporte paranaense\u201d.<\/p>\n\n\n\n<p><strong>Confira informa\u00e7\u00f5es e orienta\u00e7\u00f5es no\u00a0<a rel=\"noreferrer noopener\" href=\"https:\/\/www.esporte.pr.gov.br\/Noticia\/Geracao-Olimpica-e-Paralimpica-divulga-lista-de-contemplados-da-edicao-2022\" target=\"_blank\">site da Paran\u00e1 Esporte<\/a>.<\/strong><\/p>\n\n\n\n<p>AEN<\/p>\n","protected":false},"excerpt":{"rendered":"<p>O Governo do Estado, por meio da Superintend\u00eancia Geral do Esporte, divulgou nesta segunda-feira (30) a primeira lista com 1.120 atletas e t\u00e9cnicos&nbsp;contemplados no programa Gera\u00e7\u00e3o Ol\u00edmpica e Paral\u00edmpica em 2022&nbsp;.&nbsp;Em sua 11\u00aa edi\u00e7\u00e3o, o programa \u00e9 um agente motivador para o esporte e contribui para o desenvolvimento de futuros talentos do Paran\u00e1. Anualmente s\u00e3o [&hellip;]<\/p>\n","protected":false},"author":2,"featured_media":37831,"comment_status":"open","ping_status":"open","sticky":false,"template":"","format":"standard","meta":{"advanced_seo_description":"","jetpack_seo_html_title":"","jetpack_seo_noindex":false,"_jetpack_memberships_contains_paid_content":false,"footnotes":""},"categories":[40],"tags":[],"class_list":{"0":"post-37830","1":"post","2":"type-post","3":"status-publish","4":"format-standard","5":"has-post-thumbnail","7":"category-destaques"},"jetpack_featured_media_url":"https:\/\/www.paranapraia.com.br\/wp-content\/uploads\/2022\/05\/olim.jpg","jetpack_sharing_enabled":true,"_links":{"self":[{"href":"https:\/\/www.paranapraia.com.br\/index.php\/wp-json\/wp\/v2\/posts\/37830"}],"collection":[{"href":"https:\/\/www.paranapraia.com.br\/index.php\/wp-json\/wp\/v2\/posts"}],"about":[{"href":"https:\/\/www.paranapraia.com.br\/index.php\/wp-json\/wp\/v2\/types\/post"}],"author":[{"embeddable":true,"href":"https:\/\/www.paranapraia.com.br\/index.php\/wp-json\/wp\/v2\/users\/2"}],"replies":[{"embeddable":true,"href":"https:\/\/www.paranapraia.com.br\/index.php\/wp-json\/wp\/v2\/comments?post=37830"}],"version-history":[{"count":1,"href":"https:\/\/www.paranapraia.com.br\/index.php\/wp-json\/wp\/v2\/posts\/37830\/revisions"}],"predecessor-version":[{"id":37832,"href":"https:\/\/www.paranapraia.com.br\/index.php\/wp-json\/wp\/v2\/posts\/37830\/revisions\/37832"}],"wp:featuredmedia":[{"embeddable":true,"href":"https:\/\/www.paranapraia.com.br\/index.php\/wp-json\/wp\/v2\/media\/37831"}],"wp:attachment":[{"href":"https:\/\/www.paranapraia.com.br\/index.php\/wp-json\/wp\/v2\/media?parent=37830"}],"wp:term":[{"taxonomy":"category","embeddable":true,"href":"https:\/\/www.paranapraia.com.br\/index.php\/wp-json\/wp\/v2\/categories?post=37830"},{"taxonomy":"post_tag","embeddable":true,"href":"https:\/\/www.paranapraia.com.br\/index.php\/wp-json\/wp\/v2\/tags?post=37830"}],"curies":[{"name":"wp","href":"https:\/\/api.w.org\/{rel}","templated":true}]}}