{"id":37823,"date":"2022-05-31T08:46:59","date_gmt":"2022-05-31T11:46:59","guid":{"rendered":"https:\/\/www.paranapraia.com.br\/?p=37823"},"modified":"2022-05-31T08:47:01","modified_gmt":"2022-05-31T11:47:01","slug":"escola-municipal-no-balneario-carmery-e-inaugurada-em-pontal-do-parana","status":"publish","type":"post","link":"https:\/\/www.paranapraia.com.br\/index.php\/2022\/05\/31\/escola-municipal-no-balneario-carmery-e-inaugurada-em-pontal-do-parana\/","title":{"rendered":"Escola Municipal no Balne\u00e1rio Carmery \u00e9 inaugurada em Pontal do Paran\u00e1"},"content":{"rendered":"\n<p>Foi inaugurada a nova Escola Municipal Professor Ernesto Tavares Campos, no Balne\u00e1rio Carmery em Pontal do Paran\u00e1.A empresa contratada pela gest\u00e3o passada entregou a obra com diversas imperfei\u00e7\u00f5es e n\u00e3o cumpriu com a garantia. Por isso a escola ainda n\u00e3o tinha sido liberada.A nova gest\u00e3o abra\u00e7ou a causa e colocou uma equipe interna da prefeitura para terminar a obra, conseguindo liberar o col\u00e9gio para os estudantes.<\/p>\n\n\n\n<p> A revitaliza\u00e7\u00e3o teve o apoio do pessoal do Projeto Praia, da Secretaria de Assist\u00eancia Social.Estiveram presentes ao evento o prefeito municipal, Rud\u00e3o Gimenes, a vice-prefeita Patricia Millo Marcomini, a Procuradora Geral do Munic\u00edpio, Verginia Pedroso, a vereadora Nega, o vereador Marcelo Santos da Silva e o vereador Ezequiel Tavares. Al\u00e9m dos diretores, professores e funcion\u00e1rios da Escola.<\/p>\n\n\n\n<figure class=\"wp-block-image size-large\"><img loading=\"lazy\" decoding=\"async\" width=\"1024\" height=\"614\" src=\"https:\/\/www.paranapraia.com.br\/wp-content\/uploads\/2022\/05\/283311907_1879640692233409_4061095565385948423_n-1-1024x614.jpg\" alt=\"\" class=\"wp-image-37826\" srcset=\"https:\/\/www.paranapraia.com.br\/wp-content\/uploads\/2022\/05\/283311907_1879640692233409_4061095565385948423_n-1-1024x614.jpg 1024w, https:\/\/www.paranapraia.com.br\/wp-content\/uploads\/2022\/05\/283311907_1879640692233409_4061095565385948423_n-1-300x180.jpg 300w, https:\/\/www.paranapraia.com.br\/wp-content\/uploads\/2022\/05\/283311907_1879640692233409_4061095565385948423_n-1-768x461.jpg 768w, https:\/\/www.paranapraia.com.br\/wp-content\/uploads\/2022\/05\/283311907_1879640692233409_4061095565385948423_n-1-696x418.jpg 696w, https:\/\/www.paranapraia.com.br\/wp-content\/uploads\/2022\/05\/283311907_1879640692233409_4061095565385948423_n-1-1068x641.jpg 1068w, https:\/\/www.paranapraia.com.br\/wp-content\/uploads\/2022\/05\/283311907_1879640692233409_4061095565385948423_n-1-700x420.jpg 700w, https:\/\/www.paranapraia.com.br\/wp-content\/uploads\/2022\/05\/283311907_1879640692233409_4061095565385948423_n-1.jpg 1457w\" sizes=\"(max-width: 1024px) 100vw, 1024px\" \/><\/figure>\n\n\n\n<p>O prefeito de Pontal do Paran\u00e1, Rud\u00e3o Gimenes, assim como toda equipe, sentiu-se feliz em ter inaugurado mais um p\u00f3lo de educa\u00e7\u00e3o no munic\u00edpio: \u201cUm dia de muita alegria para n\u00f3s, abrirmos esta escola depois de tanto tempo, era um anseio desta comunidade, os pais passavam por aqui e sonhavam que seus filhos estudassem perto de casa. Vizinhos que est\u00e3o aqui viram a escola parada por quase dois anos.Fazendo um retrospecto: quando assumimos esta gest\u00e3o levantamos diversos problemas nesta escola, de infiltra\u00e7\u00e3o, banheiros, cozinha, tivemos que trabalhar em cima disso cobrando a empresa para fazer a entrega final desta obra.<\/p>\n\n\n\n<p> A escola precisa de mais infraestrutura, como uma quadra, um refeit\u00f3rio maior para atender estas crian\u00e7as e iremos trabalhar no decorrer dos pr\u00f3ximos meses para poder conquistarmos isso.<\/p>\n\n\n\n<p>O nosso objetivo \u00e9 que esta escola seja de per\u00edodo integral. Iniciamos com a proposta de meio per\u00edodo e estamos ajustando nosso quadro de servidores para implantar este per\u00edodo. Nossa equipe sempre trabalha para trazer um ensino de qualidade para as nossas crian\u00e7as. Espero que voc\u00eas abracem esta escola, se envolvam, pois \u00e9 um balne\u00e1rio e uma regi\u00e3o que est\u00e3o crescendo bastante.Inicialmente esta escola foi cadastrada no Minist\u00e9rio da Educa\u00e7\u00e3o como um CMEI, n\u00f3s tivemos que fazer a mudan\u00e7a para que ela fosse reconhecida como escola e habilitada para tanto, demorando v\u00e1rios meses para ser liberada. Pois n\u00e3o basta o munic\u00edpio somente construir, temos que habilitar junto ao MEC, para podermos receber recurso para cada aluno que estuda aqui.<\/p>\n\n\n\n<figure class=\"wp-block-image size-large\"><img loading=\"lazy\" decoding=\"async\" width=\"1024\" height=\"461\" src=\"https:\/\/www.paranapraia.com.br\/wp-content\/uploads\/2022\/05\/283361878_1879633762234102_1469605821871271676_n-1024x461.jpg\" alt=\"\" class=\"wp-image-37827\" srcset=\"https:\/\/www.paranapraia.com.br\/wp-content\/uploads\/2022\/05\/283361878_1879633762234102_1469605821871271676_n-1024x461.jpg 1024w, https:\/\/www.paranapraia.com.br\/wp-content\/uploads\/2022\/05\/283361878_1879633762234102_1469605821871271676_n-300x135.jpg 300w, https:\/\/www.paranapraia.com.br\/wp-content\/uploads\/2022\/05\/283361878_1879633762234102_1469605821871271676_n-768x346.jpg 768w, https:\/\/www.paranapraia.com.br\/wp-content\/uploads\/2022\/05\/283361878_1879633762234102_1469605821871271676_n-1536x692.jpg 1536w, https:\/\/www.paranapraia.com.br\/wp-content\/uploads\/2022\/05\/283361878_1879633762234102_1469605821871271676_n-696x313.jpg 696w, https:\/\/www.paranapraia.com.br\/wp-content\/uploads\/2022\/05\/283361878_1879633762234102_1469605821871271676_n-1068x481.jpg 1068w, https:\/\/www.paranapraia.com.br\/wp-content\/uploads\/2022\/05\/283361878_1879633762234102_1469605821871271676_n-933x420.jpg 933w, https:\/\/www.paranapraia.com.br\/wp-content\/uploads\/2022\/05\/283361878_1879633762234102_1469605821871271676_n.jpg 2048w\" sizes=\"(max-width: 1024px) 100vw, 1024px\" \/><\/figure>\n\n\n\n<p>A Secretaria de Educa\u00e7\u00e3o, Renata Marinho, ressaltou a import\u00e2ncia desta data: \u201cN\u00e3o \u00e9 todo dia que acordamos inaugurando uma escola, escola \u00e9 luz, \u00e9 vida, at\u00e9 hoje esta constru\u00e7\u00e3o n\u00e3o era uma escola porque n\u00e3o tinha crian\u00e7a. Para n\u00f3s \u00e9 um momento \u00fanico, esperamos ter mais momentos com este na gest\u00e3o do prefeito Rud\u00e3o, porque escola nunca \u00e9 demais\u201d.<\/p>\n\n\n\n<p>O diretor auxiliar da escola, Iorran Luiz da Rocha, comentou sobre a import\u00e2ncia da inaugura\u00e7\u00e3o: \u201cFoi um anseio m\u00fatuo da comunidade, pois n\u00f3s estamos com dois col\u00e9gios (o Amatuzzi de Shangri-l\u00e1 e o Anita de Ipanema) lotados, com turmas de 27 alunos, o que dificulta um pouco o trabalho.<\/p>\n\n\n\n<figure class=\"wp-block-image size-large\"><img loading=\"lazy\" decoding=\"async\" width=\"1024\" height=\"461\" src=\"https:\/\/www.paranapraia.com.br\/wp-content\/uploads\/2022\/05\/283982678_1879634448900700_5552017977569800261_n-1024x461.jpg\" alt=\"\" class=\"wp-image-37828\" srcset=\"https:\/\/www.paranapraia.com.br\/wp-content\/uploads\/2022\/05\/283982678_1879634448900700_5552017977569800261_n-1024x461.jpg 1024w, https:\/\/www.paranapraia.com.br\/wp-content\/uploads\/2022\/05\/283982678_1879634448900700_5552017977569800261_n-300x135.jpg 300w, https:\/\/www.paranapraia.com.br\/wp-content\/uploads\/2022\/05\/283982678_1879634448900700_5552017977569800261_n-768x346.jpg 768w, https:\/\/www.paranapraia.com.br\/wp-content\/uploads\/2022\/05\/283982678_1879634448900700_5552017977569800261_n-1536x692.jpg 1536w, https:\/\/www.paranapraia.com.br\/wp-content\/uploads\/2022\/05\/283982678_1879634448900700_5552017977569800261_n-696x313.jpg 696w, https:\/\/www.paranapraia.com.br\/wp-content\/uploads\/2022\/05\/283982678_1879634448900700_5552017977569800261_n-1068x481.jpg 1068w, https:\/\/www.paranapraia.com.br\/wp-content\/uploads\/2022\/05\/283982678_1879634448900700_5552017977569800261_n-933x420.jpg 933w, https:\/\/www.paranapraia.com.br\/wp-content\/uploads\/2022\/05\/283982678_1879634448900700_5552017977569800261_n.jpg 2048w\" sizes=\"(max-width: 1024px) 100vw, 1024px\" \/><\/figure>\n\n\n\n<p> Com a abertura desta escola vamos ter um al\u00edvio e com poucas crian\u00e7as na sala vamos poder fazer uma recupera\u00e7\u00e3o de conte\u00fado, pois tivemos dois anos de pandemia e agora podemos dar uma aten\u00e7\u00e3o melhor. Portanto, a abertura da escola foi \u00f3tima para a comunidade e para o ensino das crian\u00e7as\u201d.<\/p>\n\n\n\n<p>Assessoria<\/p>\n","protected":false},"excerpt":{"rendered":"<p>Foi inaugurada a nova Escola Municipal Professor Ernesto Tavares Campos, no Balne\u00e1rio Carmery em Pontal do Paran\u00e1.A empresa contratada pela gest\u00e3o passada entregou a obra com diversas imperfei\u00e7\u00f5es e n\u00e3o cumpriu com a garantia. Por isso a escola ainda n\u00e3o tinha sido liberada.A nova gest\u00e3o abra\u00e7ou a causa e colocou uma equipe interna da prefeitura [&hellip;]<\/p>\n","protected":false},"author":2,"featured_media":37825,"comment_status":"open","ping_status":"open","sticky":false,"template":"","format":"standard","meta":{"advanced_seo_description":"","jetpack_seo_html_title":"","jetpack_seo_noindex":false,"_jetpack_memberships_contains_paid_content":false,"footnotes":""},"categories":[40],"tags":[],"class_list":{"0":"post-37823","1":"post","2":"type-post","3":"status-publish","4":"format-standard","5":"has-post-thumbnail","7":"category-destaques"},"jetpack_featured_media_url":"https:\/\/www.paranapraia.com.br\/wp-content\/uploads\/2022\/05\/283311907_1879640692233409_4061095565385948423_n.jpg","jetpack_sharing_enabled":true,"_links":{"self":[{"href":"https:\/\/www.paranapraia.com.br\/index.php\/wp-json\/wp\/v2\/posts\/37823"}],"collection":[{"href":"https:\/\/www.paranapraia.com.br\/index.php\/wp-json\/wp\/v2\/posts"}],"about":[{"href":"https:\/\/www.paranapraia.com.br\/index.php\/wp-json\/wp\/v2\/types\/post"}],"author":[{"embeddable":true,"href":"https:\/\/www.paranapraia.com.br\/index.php\/wp-json\/wp\/v2\/users\/2"}],"replies":[{"embeddable":true,"href":"https:\/\/www.paranapraia.com.br\/index.php\/wp-json\/wp\/v2\/comments?post=37823"}],"version-history":[{"count":1,"href":"https:\/\/www.paranapraia.com.br\/index.php\/wp-json\/wp\/v2\/posts\/37823\/revisions"}],"predecessor-version":[{"id":37829,"href":"https:\/\/www.paranapraia.com.br\/index.php\/wp-json\/wp\/v2\/posts\/37823\/revisions\/37829"}],"wp:featuredmedia":[{"embeddable":true,"href":"https:\/\/www.paranapraia.com.br\/index.php\/wp-json\/wp\/v2\/media\/37825"}],"wp:attachment":[{"href":"https:\/\/www.paranapraia.com.br\/index.php\/wp-json\/wp\/v2\/media?parent=37823"}],"wp:term":[{"taxonomy":"category","embeddable":true,"href":"https:\/\/www.paranapraia.com.br\/index.php\/wp-json\/wp\/v2\/categories?post=37823"},{"taxonomy":"post_tag","embeddable":true,"href":"https:\/\/www.paranapraia.com.br\/index.php\/wp-json\/wp\/v2\/tags?post=37823"}],"curies":[{"name":"wp","href":"https:\/\/api.w.org\/{rel}","templated":true}]}}